{"id":70800,"date":"2025-04-15T22:13:39","date_gmt":"2025-04-15T19:13:39","guid":{"rendered":"https:\/\/orheifm.live\/index.php\/2025\/04\/15\/inflatia-si-saracia-cresc-rapid-in-moldova-deoarece-majorarile-pensiilor-si-salariilor-nu-sunt-suficiente-analiza-expertului-veaceslav-ionita-video\/"},"modified":"2025-04-15T22:13:39","modified_gmt":"2025-04-15T19:13:39","slug":"inflatia-si-saracia-cresc-rapid-in-moldova-deoarece-majorarile-pensiilor-si-salariilor-nu-sunt-suficiente-analiza-expertului-veaceslav-ionita-video","status":"publish","type":"post","link":"https:\/\/orheifm.live\/index.php\/2025\/04\/15\/inflatia-si-saracia-cresc-rapid-in-moldova-deoarece-majorarile-pensiilor-si-salariilor-nu-sunt-suficiente-analiza-expertului-veaceslav-ionita-video\/","title":{"rendered":"Infla\u021bia \u0219i s\u0103r\u0103cia cresc rapid \u00een Moldova, deoarece major\u0103rile pensiilor \u0219i salariilor nu sunt suficiente: analiza expertului Veaceslav Ioni\u021b\u0103 |VIDEO"},"content":{"rendered":"<div>\n<p><strong>Regimul Sandu-PAS strig\u0103 tare din toate p\u0103r\u021bile c\u0103 pensiile \u0219i salariile au crescut \u201ef\u0103r\u0103 precedent\u201d \u00een Moldova \u00een cei patru ani de guvernare. Dar tac \u00een mod deliberat despre faptul c\u0103 infla\u021bia cre\u0219te \u00eentr-un ritm f\u0103r\u0103 precedent \u00een fiecare an, erod\u00e2nd veniturile popula\u021biei. <\/strong><br \/>\n<iframe loading=\"lazy\" title=\"YouTube video player\" src=\"https:\/\/www.youtube.com\/embed\/hmMiSFPbP7o?si=v18hklxawR37zOs_\" width=\"560\" height=\"315\" frameborder=\"0\" allowfullscreen=\"allowfullscreen\"><\/iframe><br \/>\nExpertul economic Veaceslav Ioni\u021b\u0103 a calculat c\u0103, \u00een ultimii doi ani, veniturile reale ale cet\u0103\u021benilor moldoveni au crescut doar cu jum\u0103tate de procent. Cre\u0219terea pre\u021burilor la bunurile esen\u021biale \u0219i produsele alimentare i-a afectat cel mai mult pe cei mai s\u0103raci oameni \u2013 pensionarii. Nu acela\u0219i lucru se poate spune despre func\u021bionarii PAS, cu salarii anuale de un milion de lei \u0219i peste.<\/p>\n<p>De la \u00eenceputul acestui an, infla\u021bia \u00een \u021bara noastr\u0103 a ajuns la 8,8%, iar potrivit exper\u021bilor economici, tendin\u021ba de cre\u0219tere continu\u0103. \u00cen prezent, ace\u0219tia evit\u0103 s\u0103 fac\u0103 previziuni privind infla\u021bia p\u00e2n\u0103 la sf\u00e2r\u0219itul anului, dar subliniaz\u0103 faptul c\u0103 majorarea pre\u021burilor la alimente \u0219i utilit\u0103\u021bi a redus semnificativ puterea de cump\u0103rare a majorit\u0103\u021bii popula\u021biei. Practic, oamenii nu dispun de suficien\u021bi bani pentru a-\u0219i acoperi cheltuielile esen\u021biale de trai.<\/p>\n<p>\u00centr-un comentariu pentru Canal 5, expertul economic Veaceslav Ioni\u021b\u0103 a men\u021bionat c\u0103, potrivit statisticilor oficiale, veniturile cet\u0103\u021benilor moldoveni \u00een 2024 ar fi crescut cu 7,5% fa\u021b\u0103 de 2023. Totu\u0219i, \u00een termeni reali, cre\u0219terea a fost de doar 0,5%. Mai mult, cele mai vulnerabile categorii ale popula\u021biei nu au resim\u021bit aceast\u0103 cre\u0219tere, ba chiar veniturile lor au sc\u0103zut din cauza infla\u021biei.<\/p>\n<p>VEACESLAV IONI\u021a\u0102, expert economic<\/p>\n<p>Nominal, da, salariile noastre cresc, dar \u0219i pre\u021burile cresc.<\/p>\n<p>\u0218i se dovede\u0219te c\u0103, de\u0219i c\u00e2\u0219tig\u0103m mai mult, nu ne putem permite s\u0103 cump\u0103r\u0103m mai mult din simplul motiv c\u0103 infla\u021bia a \u00eenghi\u021bit toat\u0103 cre\u0219terea veniturilor noastre.<\/p>\n<p>\u0218i pentru pensionari, am sugerat chiar s\u0103 calcul\u0103m infla\u021bia pentru pensionari, \u021bin\u00e2nd cont de faptul c\u0103 produsele critice pe care pensionarii le cump\u0103r\u0103, legumele, au devenit mult mai scumpe, utilit\u0103\u021bile, se pare c\u0103 un pensionar, chiar dac\u0103 prime\u0219te o pensie m\u0103rit\u0103, puterea sa real\u0103 de cump\u0103rare este \u0219i mai mic\u0103.<\/p>\n<p>Nimeni nu calculeaz\u0103 infla\u021bia pentru pensionari, dar este clar c\u0103 pentru produsele pe care le consum\u0103, cre\u0219terea pre\u021burilor pentru ei este mai mare dec\u00e2t infla\u021bia medie. Adic\u0103, pre\u021burile pentru oamenii s\u0103raci au crescut mai mult dec\u00e2t pentru cei boga\u021bi.<\/p>\n<p>Explic\u0103m ce \u00eenseamn\u0103 jum\u0103tate de procent. De exemplu, dac\u0103 ave\u021bi o pensie de 2.000 de lei, jum\u0103tate de procent din aceast\u0103 sum\u0103 reprezint\u0103 10 lei. Dac\u0103 ave\u021bi un salariu minim de 5.500 de lei, atunci cre\u0219terea veniturilor pe parcursul a doi ani ar fi de doar 27,50 lei. Lu\u0103m acum salariul din sectorul public, de exemplu, al profesorilor, despre care guvernul Recean afirm\u0103 c\u0103 ar fi acum de 14.000 de lei.<\/p>\n<p>S\u0103 presupunem c\u0103 l-am crezut pe cuv\u00e2nt, de\u0219i toat\u0103 lumea \u0219tie c\u0103 doar c\u00e2\u021biva profesori, sau chiar niciunul, nu primesc un astfel de salariu. Practic, venitul lor, dup\u0103 deducerea taxelor, este \u00eentre 6.500 \u0219i 11.000 de lei. Deci, jum\u0103tate de procent din venitul de 14.000 de lei ar fi de 70 de lei, iar \u00een decurs de doi ani, cre\u0219terea ar fi de doar 35 de lei pe an.<\/p>\n<p>O astfel de majorare a salariilor nu va putea \u021bine pasul cu majorarea tarifelor. De exemplu, \u00eenc\u0103lzirea a crescut cu 40%, electricitatea cu 75%, iar gazul cu 300%. Veaceslav Ioni\u021b\u0103 a calculat c\u0103, \u00een prezent, majoritatea cet\u0103\u021benilor din \u021bara noastr\u0103 cheltuiesc aproape 60% din veniturile disponibile pe alimente, conform statisticilor oficiale.<\/p>\n<p>\u00cen realitate, situa\u021bia este chiar mai grav\u0103. \u00cen timp ce func\u021bionarii PAS tr\u0103iesc \u00een conace luxoase \u0219i \u00ee\u0219i schimb\u0103 ma\u0219inile de lux frecvent, mul\u021bi cet\u0103\u021beni nu \u00ee\u0219i permit s\u0103 cheltuiasc\u0103 pe m\u00e2ncare de calitate, pentru c\u0103 altfel nu vor putea pl\u0103ti facturile uria\u0219e la utilit\u0103\u021bi. Ce putem spune despre pensionari? Mul\u021bi dintre ei nu au suficien\u021bi bani pentru a-\u0219i pl\u0103ti nici m\u0103car m\u00e2ncarea sau utilit\u0103\u021bile.<\/p>\n<p>De\u0219i spun c\u0103 avem 3000, dar dintr-un anumit motiv exist\u0103 oameni pe care \u00eei cunosc care au o pensie de 1500 de lei, unii chiar au mai pu\u021bin<\/p>\n<p>\u00cen ultimii 2 ani, nici veniturile dumneavoastr\u0103 nu au crescut?<\/p>\n<p>Clar c\u0103 nu, dimpotriv\u0103, scad, pentru c\u0103 pre\u021burile cresc, cum pot cre\u0219te veniturile?<\/p>\n<p>Jum\u0103tate merge doar pe utilit\u0103\u021bi, cu pre\u021burile astea de acum\u2026 2500 pentru electricitate, \u00eenc\u0103lzire \u0219i at\u00e2t<\/p>\n<p>Eu \u0219i so\u021bia mea suntem singuri \u0219i avem doar c\u00e2t s\u0103 tr\u0103im, s\u0103 pl\u0103tim utilit\u0103\u021bile Aproape 50%<\/p>\n<p>Deci, se pare c\u0103 cheltui\u021bi 50% din pensie pe utilit\u0103\u021bi?<\/p>\n<p>\u2013 Da<\/p>\n<p>Pentru ce v\u0103 mai r\u0103m\u00e2n bani?<\/p>\n<p>-Pentru p\u00e2ine, lapte<\/p>\n<p>A\u021bi observat o cre\u0219tere a salariilor din pensii?<\/p>\n<p>Nu.<\/p>\n<p>Salariul sau pensia dumneavoastr\u0103 nu cre\u0219te?<\/p>\n<p>Pensia mea este de 1996 de lei, am lucrat 18 ani.<\/p>\n<p>Copii m\u0103 ajut\u0103, dac\u0103 nu ar fi fost copii, a\u0219 fi fost de mult \u00een cimitir.<\/p>\n<p>Banii sunt doar pentru m\u00e2ncare \u0219i at\u00e2t.<\/p>\n<p>Nu mai po\u021bi face nimic altceva?<\/p>\n<p>Nu, utilit\u0103\u021bi \u0219i at\u00e2t, nici m\u0103car pentru utilit\u0103\u021bi nu sunt suficien\u021bi, nu, utilit\u0103\u021bile sunt 2000.<br \/>\nCare este salariul dvs?<\/p>\n<p>\u2013 3000 de lei.<\/p>\n<p>Mul\u021bumesc, a crescut, dar infla\u021bia nu corespunde cu aceast\u0103 cre\u0219tere.<\/p>\n<p>Am muncit toat\u0103 via\u021ba, am 45 de ani de experien\u021b\u0103<\/p>\n<p>Cea mai mare parte merge pe utilit\u0103\u021bi, purt\u0103m ce avem, cele vechi, \u0219i totul merge pe utilit\u0103\u021bi \u0219i jum\u0103tate merge pe m\u00e2ncare \u0219i r\u0103m\u00e2nem cu ZERO.<\/p>\n<p>2 mii \u0219i cinci sute!<\/p>\n<p>\u2013 Pentru c\u0103 v\u0103 ajunge\u021bi aceast\u0103 pensie? Mai primesc \u0219i din alt\u0103 parte, ca veteran de r\u0103zboi \u0219i a\u0219a m\u0103 \u00eenv\u00e2rt.<\/p>\n<p>\u2013 V\u0103 ajunge pentru servicii comunale?<\/p>\n<p>Nu, ca s\u0103 pl\u0103tesc din pensie \u2013 nu! Cum s\u0103 ajung\u0103 dac\u0103 eu am 1800 \u0219i \u00eempreun\u0103 se prime\u0219te la 3000, apoi de unde 3000 din 2 mii \u0219i jum\u0103tate s\u0103 pl\u0103tesc? Bine c\u0103 st\u0103 cu mine \u0219i b\u0103iatul \u0219i ne sucim ne \u00eenv\u00e2rtim, dar altfel\u2026<\/p>\n<p>Dup\u0103 cum vede\u021bi, situa\u021bia e jalnic\u0103, dar guvernarea PAS, se pare, nu vede nicio problem\u0103. \u0218i ei cred c\u0103 majorarea pensiilor cu 1 leu \u0219i 92 de bani este suficient\u0103. A\u0219 vrea ca \u0219eful comisiei parlamentare pentru economie, buget \u0219i finan\u021be, Radu Marian, care recent a l\u0103udat PAS pentru faptul c\u0103, chipurile, nu a existat niciodat\u0103 un guvern \u201emai bun\u201d \u00een \u021bar\u0103 \u00eenainte de venirea acestuia, care ar fi m\u0103rit salariile \u0219i pensiile \u201eat\u00e2t de mult\u201d, s\u0103 le spun\u0103 oamenilor \u0219i s\u0103 le repete aceast\u0103 minciun\u0103 direct \u00een fa\u021b\u0103.<\/p>\n<p>RADU MARIAN, deputat PAS<\/p>\n<p>Ritmul de cre\u0219tere a veniturilor popula\u021biei dep\u0103\u0219e\u0219te \u00een multe cazuri nivelul infla\u021biei cumulate din 2021 p\u00e2n\u0103 \u00een 2025, care a constituit 63%. Moldova are cel mai mare salariu minim din spa\u021biul post-sovietic, comparativ cu Rusia \u0219i multe alte \u021b\u0103ri din regiune. Pensia minim\u0103 a crescut cu 160%. Pensia medie s- a dublat.<\/p>\n<p>Ei bine, Marian are dreptate c\u00e2nd vorbe\u0219te despre ritmul de cre\u0219tere a veniturilor. De fapt, reprezentan\u021bii regimului Sandu-PAS se descurc\u0103 bine cu acest ritm. Pentru ei, ritmul este dinamic, iar cre\u0219terea veniturilor \u2013 stabil\u0103. Dar, dac\u0103 exist\u0103 \u201ecre\u0219tere\u201d \u00een r\u00e2ndul oamenilor, aceasta \u00eenseamn\u0103 doar s\u0103r\u0103cie.<\/p>\n<p>Conform acestui indicator, cu astfel de \u201eeforturi\u201d, PAS va dobor\u00ee un alt record ru\u0219inos. Doar potrivit statisticilor oficiale, cre\u0219terea s\u0103r\u0103ciei \u0219i a s\u0103r\u0103ciei extreme \u00een \u021bara noastr\u0103 a dep\u0103\u0219it deja 40%. Acest lucru nu s-a \u00eent\u00e2mplat nici m\u0103car \u00een anii de foamete din perioada 90.<\/p>\n<\/div>\n","protected":false},"excerpt":{"rendered":"<div><img loading=\"lazy\" decoding=\"async\" width=\"696\" height=\"464\" src=\"https:\/\/canal5.md\/wp-content\/uploads\/2024\/01\/ionita2-1-jpg-optimized.webp\" class=\"attachment-large size-large wp-post-image\" alt=\"\" srcset=\"https:\/\/canal5.md\/wp-content\/uploads\/2024\/01\/ionita2-1-jpg-optimized.webp 900w, https:\/\/canal5.md\/wp-content\/uploads\/2024\/01\/ionita2-1-300x200-optimized.webp 300w, https:\/\/canal5.md\/wp-content\/uploads\/2024\/01\/ionita2-1-768x512-optimized.webp 768w, https:\/\/canal5.md\/wp-content\/uploads\/2024\/01\/ionita2-1-696x464-optimized.webp 696w\">Regimul Sandu-PAS strig\u0103 tare din toate p\u0103r\u021bile c\u0103 pensiile \u0219i salariile au crescut \u201ef\u0103r\u0103 precedent\u201d \u00een Moldova \u00een cei patru ani de guvernare. Dar tac \u00een mod deliberat despre faptul c\u0103 infla\u021bia cre\u0219te \u00eentr-un ritm f\u0103r\u0103 precedent \u00een fiecare an, erod\u00e2nd veniturile popula\u021biei. Expertul economic Veaceslav Ioni\u021b\u0103 a calculat c\u0103, \u00een ultimii doi ani, veniturile [\u2026]<\/div>\n","protected":false},"author":1,"featured_media":70801,"comment_status":"closed","ping_status":"closed","sticky":false,"template":"","format":"standard","meta":{"jnews-multi-image_gallery":[],"jnews_single_post":[],"jnews_primary_category":[],"jnews_social_meta":[],"jnews_override_counter":[],"footnotes":""},"categories":[30],"tags":[],"class_list":["post-70800","post","type-post","status-publish","format-standard","has-post-thumbnail","hentry","category-social_ro"],"_links":{"self":[{"href":"https:\/\/orheifm.live\/index.php\/wp-json\/wp\/v2\/posts\/70800","targetHints":{"allow":["GET"]}}],"collection":[{"href":"https:\/\/orheifm.live\/index.php\/wp-json\/wp\/v2\/posts"}],"about":[{"href":"https:\/\/orheifm.live\/index.php\/wp-json\/wp\/v2\/types\/post"}],"author":[{"embeddable":true,"href":"https:\/\/orheifm.live\/index.php\/wp-json\/wp\/v2\/users\/1"}],"replies":[{"embeddable":true,"href":"https:\/\/orheifm.live\/index.php\/wp-json\/wp\/v2\/comments?post=70800"}],"version-history":[{"count":0,"href":"https:\/\/orheifm.live\/index.php\/wp-json\/wp\/v2\/posts\/70800\/revisions"}],"wp:featuredmedia":[{"embeddable":true,"href":"https:\/\/orheifm.live\/index.php\/wp-json\/wp\/v2\/media\/70801"}],"wp:attachment":[{"href":"https:\/\/orheifm.live\/index.php\/wp-json\/wp\/v2\/media?parent=70800"}],"wp:term":[{"taxonomy":"category","embeddable":true,"href":"https:\/\/orheifm.live\/index.php\/wp-json\/wp\/v2\/categories?post=70800"},{"taxonomy":"post_tag","embeddable":true,"href":"https:\/\/orheifm.live\/index.php\/wp-json\/wp\/v2\/tags?post=70800"}],"curies":[{"name":"wp","href":"https:\/\/api.w.org\/{rel}","templated":true}]}}