{"id":70782,"date":"2025-04-15T18:46:42","date_gmt":"2025-04-15T15:46:42","guid":{"rendered":"https:\/\/orheifm.live\/index.php\/2025\/04\/15\/al-cincilea-suspect-arestat-pentru-furtul-tezaurului-dacic-de-la-muzeul-drents-din-olanda\/"},"modified":"2025-04-15T18:46:42","modified_gmt":"2025-04-15T15:46:42","slug":"al-cincilea-suspect-arestat-pentru-furtul-tezaurului-dacic-de-la-muzeul-drents-din-olanda","status":"publish","type":"post","link":"https:\/\/orheifm.live\/index.php\/2025\/04\/15\/al-cincilea-suspect-arestat-pentru-furtul-tezaurului-dacic-de-la-muzeul-drents-din-olanda\/","title":{"rendered":"Al cincilea suspect arestat pentru furtul Tezaurului Dacic de la Muzeul Drents din Olanda"},"content":{"rendered":"<div>\n<p><strong>Un b\u0103rbat \u00een v\u00e2rst\u0103 de 36 de ani din Alkmaar a fost arestat de poli\u021bi\u0219tii olandezi pentru furtul Tezaurului Dacic de la Muzeul Drents din Assen, petrecut \u00een luna ianuarie. Este a cincea arestare \u00een cazul spectaculosului jaf, relateaz\u0103 publica\u021bia online DeStentor scrie <a href=\"https:\/\/www.libertatea.ro\/stiri\/al-cincilea-suspect-arestat-pentru-furtul-tezaurului-dacic-de-la-muzeul-drents-5272631\">Libertatea.ro<\/a><\/strong><\/p>\n<p>Suspectul a fost arestat mar\u021bi diminea\u021b\u0103 \u00eentr-o cas\u0103 din ora\u0219ul s\u0103u natal, Alkmaar. Comorile de art\u0103 furate nu au fost \u00eenc\u0103 g\u0103site.<\/p>\n<p>Dup\u0103 arestare, poli\u021bia a efectuat o perchezi\u021bie \u00een locuin\u021ba b\u0103rbatului \u0219i a ridicat mai multe obiecte, printre care suporturi de date digitale, care vor face obiectul unor investiga\u021bii suplimentare. RTV Drenthe precizeaz\u0103 c\u0103 acest al cincilea suspect arestat nu este persoana v\u0103zut\u0103 \u00een imaginile dintr-un magazin de hardware din Assen. Poli\u0163ia l-a g\u0103sit pe b\u0103rbatul din Alkmaar dup\u0103 o anchet\u0103 a unui detectiv, iar acesta va fi interogat \u00een leg\u0103tur\u0103 cu implicarea sa \u00een furtul obiectelor de tezaur ale Rom\u00e2niei.<\/p>\n<p>\u201eNe a\u015ftept\u0103m s\u0103 \u00eel g\u0103sim\u201d Ancheta asupra furtului Coifului de la Co\u0163ofene\u015fti \u015fi a trei br\u0103\u0163\u0103ri dacice din aur este \u00eenc\u0103 \u00een plin\u0103 desf\u0103\u015furare, potrivit Poli\u0163iei. \u201ePrioritatea \u015fi accentul sunt pe urm\u0103rirea capodoperelor furate\u201d, men\u0163ioneaz\u0103 Poli\u0163ia \u00eentr-un comunicat de pres\u0103. Diederik Greive, ofi\u0163er \u015fef al Parchetului din nordul \u0162\u0103rilor de Jos, a declarat c\u0103 este de a\u015fteptat ca o parte sau toate comorile de art\u0103 rom\u00e2ne\u015fti furate de la Muzeul Drents din Assen s\u0103 fie g\u0103site. \u201eNe a\u015ftept\u0103m s\u0103 \u00eel g\u0103sim\u201d, a afirmat Greive, referindu-se la Coiful de la Co\u0163ofene\u015fti, furat din Muzeul Drents, din Assen, \u00een luna ianuarie a acestui an.<\/p>\n<p>\u201eExist\u0103 \u00eenc\u0103 suficiente informa\u0163ii cu care putem lucra. Oamenii (suspec\u0163ii, n.r.) sunt \u00eenc\u0103 \u00een arest \u015fi sunt interoga\u0163i. \u00cenc\u0103 lucr\u0103m din greu la asta\u201d, a subliniat el \u00een emisiunea \u201eCassata\u201d de la Radio Drenthe. Anchetatorii sunt optimi\u0219ti O echip\u0103 special\u0103 de c\u0103utare format\u0103 din zeci de persoane este preg\u0103tit\u0103 s\u0103 recupereze piesele \u2013 Coiful \u015fi cele trei br\u0103\u0163\u0103ri dacice din aur. \u201eAvem situa\u0163ia sub control. Chiar ne a\u015ftept\u0103m s\u0103 afl\u0103m unde este Coiful\u201d, a spus Greive.<\/p>\n<p>La mai pu\u0163in de o s\u0103pt\u0103m\u00e2n\u0103 dup\u0103 jaf, trei suspec\u0163i au fost aresta\u0163i \u00een Heerhugowaard, iar o a patra arestare a fost f\u0103cut\u0103 ulterior. Trei suspec\u0163i sunt \u00eenc\u0103 \u00een arest. O femeie a fost eliberat\u0103, dar este \u00een continuare suspect\u0103. \u00cen noaptea de 24 spre 25 ianuarie 2025, infractorii au aruncat \u00een aer cu explozibil o u\u015f\u0103 a Muzeului Drents \u015fi \u00een c\u00e2teva minute au reu\u015fit s\u0103 fure cele mai importante comori. Valoarea total\u0103 a acestora a fost stabilit\u0103 la 5,8 milioane de euro.<\/p>\n<\/div>\n","protected":false},"excerpt":{"rendered":"<div><img loading=\"lazy\" decoding=\"async\" width=\"696\" height=\"391\" src=\"https:\/\/canal5.md\/wp-content\/uploads\/2025\/04\/coiful-de-la-cotofenesti-si-bratarile-dacice-1024x575-optimized.webp\" class=\"attachment-large size-large wp-post-image\" alt=\"\" srcset=\"https:\/\/canal5.md\/wp-content\/uploads\/2025\/04\/coiful-de-la-cotofenesti-si-bratarile-dacice-1024x575-optimized.webp 1024w, https:\/\/canal5.md\/wp-content\/uploads\/2025\/04\/coiful-de-la-cotofenesti-si-bratarile-dacice-300x169-optimized.webp 300w, https:\/\/canal5.md\/wp-content\/uploads\/2025\/04\/coiful-de-la-cotofenesti-si-bratarile-dacice-768x432-optimized.webp 768w, https:\/\/canal5.md\/wp-content\/uploads\/2025\/04\/coiful-de-la-cotofenesti-si-bratarile-dacice-696x391-optimized.webp 696w, https:\/\/canal5.md\/wp-content\/uploads\/2025\/04\/coiful-de-la-cotofenesti-si-bratarile-dacice-1068x600-optimized.webp 1068w, https:\/\/canal5.md\/wp-content\/uploads\/2025\/04\/coiful-de-la-cotofenesti-si-bratarile-dacice-optimized.webp 1260w\">Un b\u0103rbat \u00een v\u00e2rst\u0103 de 36 de ani din Alkmaar a fost arestat de poli\u021bi\u0219tii olandezi pentru furtul Tezaurului Dacic de la Muzeul Drents din Assen, petrecut \u00een luna ianuarie. Este a cincea arestare \u00een cazul spectaculosului jaf, relateaz\u0103 publica\u021bia online DeStentor scrie Libertatea.ro Suspectul a fost arestat mar\u021bi diminea\u021b\u0103 \u00eentr-o cas\u0103 din ora\u0219ul s\u0103u [\u2026]<\/div>\n","protected":false},"author":1,"featured_media":70783,"comment_status":"closed","ping_status":"closed","sticky":false,"template":"","format":"standard","meta":{"jnews-multi-image_gallery":[],"jnews_single_post":[],"jnews_primary_category":[],"jnews_social_meta":[],"jnews_override_counter":[],"footnotes":""},"categories":[29],"tags":[],"class_list":["post-70782","post","type-post","status-publish","format-standard","has-post-thumbnail","hentry","category-externe_ro"],"_links":{"self":[{"href":"https:\/\/orheifm.live\/index.php\/wp-json\/wp\/v2\/posts\/70782","targetHints":{"allow":["GET"]}}],"collection":[{"href":"https:\/\/orheifm.live\/index.php\/wp-json\/wp\/v2\/posts"}],"about":[{"href":"https:\/\/orheifm.live\/index.php\/wp-json\/wp\/v2\/types\/post"}],"author":[{"embeddable":true,"href":"https:\/\/orheifm.live\/index.php\/wp-json\/wp\/v2\/users\/1"}],"replies":[{"embeddable":true,"href":"https:\/\/orheifm.live\/index.php\/wp-json\/wp\/v2\/comments?post=70782"}],"version-history":[{"count":0,"href":"https:\/\/orheifm.live\/index.php\/wp-json\/wp\/v2\/posts\/70782\/revisions"}],"wp:featuredmedia":[{"embeddable":true,"href":"https:\/\/orheifm.live\/index.php\/wp-json\/wp\/v2\/media\/70783"}],"wp:attachment":[{"href":"https:\/\/orheifm.live\/index.php\/wp-json\/wp\/v2\/media?parent=70782"}],"wp:term":[{"taxonomy":"category","embeddable":true,"href":"https:\/\/orheifm.live\/index.php\/wp-json\/wp\/v2\/categories?post=70782"},{"taxonomy":"post_tag","embeddable":true,"href":"https:\/\/orheifm.live\/index.php\/wp-json\/wp\/v2\/tags?post=70782"}],"curies":[{"name":"wp","href":"https:\/\/api.w.org\/{rel}","templated":true}]}}