{"id":70762,"date":"2025-04-15T15:36:43","date_gmt":"2025-04-15T12:36:43","guid":{"rendered":"https:\/\/orheifm.live\/index.php\/2025\/04\/15\/politia-a-venit-cu-pistolul-in-loc-de-ajutor-pensionarii-se-plang-pe-abuzuri\/"},"modified":"2025-04-15T15:36:43","modified_gmt":"2025-04-15T12:36:43","slug":"politia-a-venit-cu-pistolul-in-loc-de-ajutor-pensionarii-se-plang-pe-abuzuri","status":"publish","type":"post","link":"https:\/\/orheifm.live\/index.php\/2025\/04\/15\/politia-a-venit-cu-pistolul-in-loc-de-ajutor-pensionarii-se-plang-pe-abuzuri\/","title":{"rendered":"\u201dPoli\u021bia a venit cu pistolul \u00een loc de ajutor\u201d \u2013 pensionarii  se pl\u00e2ng pe abuzuri"},"content":{"rendered":"<div>\n<p><strong>Cet\u0103\u021benii care au beneficiat de ajutoare financiare din partea organiza\u021biei \u201eEurasia\u201d acuz\u0103 poli\u021bia de abuzuri \u0219i sanc\u021biuni excesive. Ace\u0219tia spun c\u0103, \u00een loc s\u0103 primeasc\u0103 sprijin din partea autorit\u0103\u021bilor, sunt umili\u021bi \u0219i amenda\u021bi cu sume greu de suportat, chiar dac\u0103 nu au comis nicio ilegalitate. Oamenii sunt speria\u021bi \u0219i ne\u0219tiind cum s\u0103 pl\u0103teasc\u0103 amenzile impuse, unii fiind nevoi\u021bi s\u0103 vorbeasc\u0103 sub anonimat, cu spatele la camer\u0103, din teama de repercusiuni.<\/strong><\/p>\n<p><iframe loading=\"lazy\" title=\"YouTube video player\" src=\"https:\/\/www.youtube.com\/embed\/ecAhfLllvI8?si=REGUBSM5-pyx3zKz\" width=\"560\" height=\"315\" frameborder=\"0\" allowfullscreen=\"allowfullscreen\"><\/iframe><\/p>\n<p>Cet\u0103\u021benii din \u00eentreaga \u021bar\u0103 care au primit ajutor financiar din partea organiza\u021biei \u201eEurasia\u201d se pl\u00e2ng c\u0103 au fost sanc\u021biona\u021bi abuziv de poli\u021bie. Ace\u0219tia spun c\u0103, \u00een loc s\u0103 beneficieze de sprijin \u0219i protec\u021bie din partea autorit\u0103\u021bilor, sunt trata\u021bi umilitor \u0219i amenda\u021bi cu sume mari. Chiar dac\u0103 nu au comis nicio ilegalitate, amenzile sunt greu de suportat \u0219i nu \u0219tiu cum le vor pl\u0103ti, spun oamenii. Speria\u021bi, ei au acceptat s\u0103 vorbeasc\u0103 doar cu spatele \u00een fa\u021ba camerei video.<\/p>\n<p>Au b\u0103tut la u\u0219\u0103, am dat drumul. Au ap\u0103rut doi b\u0103rba\u021bi \u0219i o doamn\u0103 \u0219i au \u00eenceput s\u0103 m\u0103 \u00eentrebe. Eu le-am zis c\u0103 da, eu mi-am luat pensia, iar ei mi-au spus c\u0103 \u201enu, dvs a\u021bi luat pensia de pe nu \u0219tiu cum, nu \u0219tiu cum se nume\u0219te. Mi-au cerut pa\u0219aportul, mi-au cerut telefonul. Mi-au spus c\u0103 va fi transferat\u0103 prin oficiul po\u0219tal \u0219i v\u0103 ve\u021bi prezenta la poli\u021bie.<\/p>\n<p>-V-au zis suma?<\/p>\n<p>-Nu.<\/p>\n<p>\u2013 Dar la ce sum\u0103 v\u0103 a\u0219tepta\u021bi?<\/p>\n<p>\u2013 Nici la o sum\u0103, pentru c\u0103 nu am f\u0103cut nimic \u0219i nu am luat nimic \u0219i nu sunt vinovat\u0103 cu nimic.<\/p>\n<p>Nu o voi pl\u0103ti!<\/p>\n<p>-Dar pot s\u0103 o m\u0103reasc\u0103!<\/p>\n<p>-Pot s\u0103 o m\u0103reasc\u0103, o vor pl\u0103ti ei!<\/p>\n<p>Eu am a\u0219teptat ca un poli\u021bist s\u0103 vin\u0103 cu un cozonac, cu o ciocolat\u0103 s\u0103 ne spun\u0103 c\u0103 suntem b\u0103tr\u00e2ne \u0219i \u00een ajun de pa\u0219ti\u2026 dar ei au venit cu pistolul \u00een m\u00e2n\u0103, al\u0103turi \u00eel \u021binea.<\/p>\n<p>Mi-au f\u0103cut amend\u0103 de 25 mii de lei. Nu mi-au spus din ce cauz\u0103.<\/p>\n<p>\u00cen loc ca poli\u021bia s\u0103 ne apere, ei vin \u0219i ne pun a\u0219a amenzi. \u00cenc\u0103 poli\u021bistul se laud\u0103 c\u0103 \u00een raionul Orhei sunt 1500. Vou\u0103 nu v\u0103 este ru\u0219ine?.\u00a0 Cum au putut s\u0103 pun\u0103 a\u0219a amend\u0103 de 25 de mii?. Eu am o pensie de 1400, de unde s\u0103 iau 25 de mi s\u0103 pl\u0103tesc?<\/p>\n<p>Contactat\u0103 de poli\u021bie a fost \u0219i aceast\u0103 femeie care prime\u0219te o pensie mizer\u0103 dup\u0103 30 de ani de munc\u0103 \u00een \u00eenv\u0103\u021b\u0103m\u00e2nt.<\/p>\n<p>De ce nu putem tr\u0103i lini\u0219tit, s\u0103 respir\u0103m lini\u0219tit aerul pe care ni l-a dat Dumnezeu? De ce trebuie s\u0103 ne temem \u0219i s\u0103 ne supunem cuiva?\u00a0 M-au sunat ast\u0103zi \u0219i mi-au spus c\u0103 pe mine sunt depuse pl\u00e2ngeri. Ce fel de pl\u00e2ngeri pot fi pe mine, eu sunt pensionar\u0103. Sunt un om liber.\u00a0 Co\u0219ul minim de consum spun c\u0103 este de 4-5 mii. Unde sunt? A primis Maia Sandu c\u0103 vor fi 5000, unde sunt ace\u0219ti bani? Ce reiese? Eu am 2700 pensia, ace\u0219tia ce, sunt bani? Am lucrat profesoar\u0103 30 de ani ca s\u0103 \u00eemi dea ni\u0219te b\u0103nu\u021bi?<\/p>\n<p>Amintim c\u0103 liderul Blocului Victorie, Ilan \u0218or, a criticat dur ac\u021biunile poli\u021bi\u0219tilor care execut\u0103 ordinele guvern\u0103rii, subliniind c\u0103 ace\u0219tia ar trebui s\u0103 \u00ee\u0219i pun\u0103 \u00eentrebarea: \u201ePe cine ap\u0103r\u0103 de fapt?<\/p>\n<p>Siguran\u021ba cet\u0103\u021benilor sau interesele murdare ale Maiei Sandu?\u201d. Iar reprezentan\u021bii conducerii G\u0103g\u0103uziei au \u00eendemnat cet\u0103\u021benii s\u0103 nu semneze niciun act \u00eenaintat de poli\u021bie, amintindu-le c\u0103 au primit absolut legal ajutoare financiare ca s\u0103 poat\u0103 face fa\u021b\u0103 resurselor energetice scumpite de guvernarea PAS.<\/p>\n<\/div>\n","protected":false},"excerpt":{"rendered":"<div><img loading=\"lazy\" decoding=\"async\" width=\"696\" height=\"392\" src=\"https:\/\/canal5.md\/wp-content\/uploads\/2025\/04\/pensioneri-3-1024x576-optimized.jpg\" class=\"attachment-large size-large wp-post-image\" alt=\"\" srcset=\"https:\/\/canal5.md\/wp-content\/uploads\/2025\/04\/pensioneri-3-1024x576-optimized.jpg 1024w, https:\/\/canal5.md\/wp-content\/uploads\/2025\/04\/pensioneri-3-300x169-optimized.jpg 300w, https:\/\/canal5.md\/wp-content\/uploads\/2025\/04\/pensioneri-3-768x432-optimized.jpg 768w, https:\/\/canal5.md\/wp-content\/uploads\/2025\/04\/pensioneri-3-1536x864-optimized.jpg 1536w, https:\/\/canal5.md\/wp-content\/uploads\/2025\/04\/pensioneri-3-696x392-optimized.jpg 696w, https:\/\/canal5.md\/wp-content\/uploads\/2025\/04\/pensioneri-3-1068x601-optimized.jpg 1068w, https:\/\/canal5.md\/wp-content\/uploads\/2025\/04\/pensioneri-3-optimized.jpg 1920w\">Cet\u0103\u021benii care au beneficiat de ajutoare financiare din partea organiza\u021biei \u201eEurasia\u201d acuz\u0103 poli\u021bia de abuzuri \u0219i sanc\u021biuni excesive. Ace\u0219tia spun c\u0103, \u00een loc s\u0103 primeasc\u0103 sprijin din partea autorit\u0103\u021bilor, sunt umili\u021bi \u0219i amenda\u021bi cu sume greu de suportat, chiar dac\u0103 nu au comis nicio ilegalitate. Oamenii sunt speria\u021bi \u0219i ne\u0219tiind cum s\u0103 pl\u0103teasc\u0103 amenzile impuse, [\u2026]<\/div>\n","protected":false},"author":1,"featured_media":70763,"comment_status":"closed","ping_status":"closed","sticky":false,"template":"","format":"standard","meta":{"jnews-multi-image_gallery":[],"jnews_single_post":[],"jnews_primary_category":[],"jnews_social_meta":[],"jnews_override_counter":[],"footnotes":""},"categories":[23],"tags":[],"class_list":["post-70762","post","type-post","status-publish","format-standard","has-post-thumbnail","hentry","category-politica_ro"],"_links":{"self":[{"href":"https:\/\/orheifm.live\/index.php\/wp-json\/wp\/v2\/posts\/70762","targetHints":{"allow":["GET"]}}],"collection":[{"href":"https:\/\/orheifm.live\/index.php\/wp-json\/wp\/v2\/posts"}],"about":[{"href":"https:\/\/orheifm.live\/index.php\/wp-json\/wp\/v2\/types\/post"}],"author":[{"embeddable":true,"href":"https:\/\/orheifm.live\/index.php\/wp-json\/wp\/v2\/users\/1"}],"replies":[{"embeddable":true,"href":"https:\/\/orheifm.live\/index.php\/wp-json\/wp\/v2\/comments?post=70762"}],"version-history":[{"count":0,"href":"https:\/\/orheifm.live\/index.php\/wp-json\/wp\/v2\/posts\/70762\/revisions"}],"wp:featuredmedia":[{"embeddable":true,"href":"https:\/\/orheifm.live\/index.php\/wp-json\/wp\/v2\/media\/70763"}],"wp:attachment":[{"href":"https:\/\/orheifm.live\/index.php\/wp-json\/wp\/v2\/media?parent=70762"}],"wp:term":[{"taxonomy":"category","embeddable":true,"href":"https:\/\/orheifm.live\/index.php\/wp-json\/wp\/v2\/categories?post=70762"},{"taxonomy":"post_tag","embeddable":true,"href":"https:\/\/orheifm.live\/index.php\/wp-json\/wp\/v2\/tags?post=70762"}],"curies":[{"name":"wp","href":"https:\/\/api.w.org\/{rel}","templated":true}]}}