{"id":70760,"date":"2025-04-15T15:12:31","date_gmt":"2025-04-15T12:12:31","guid":{"rendered":"https:\/\/orheifm.live\/index.php\/2025\/04\/15\/ambasadorul-rus-oleg-ozerov-daca-moldova-nu-stia-despre-recrutarile-teroristilor-sis-ul-este-incompetent-iar-daca-stia-este-complice\/"},"modified":"2025-04-15T15:12:31","modified_gmt":"2025-04-15T12:12:31","slug":"ambasadorul-rus-oleg-ozerov-daca-moldova-nu-stia-despre-recrutarile-teroristilor-sis-ul-este-incompetent-iar-daca-stia-este-complice","status":"publish","type":"post","link":"https:\/\/orheifm.live\/index.php\/2025\/04\/15\/ambasadorul-rus-oleg-ozerov-daca-moldova-nu-stia-despre-recrutarile-teroristilor-sis-ul-este-incompetent-iar-daca-stia-este-complice\/","title":{"rendered":"Ambasadorul rus Oleg Ozerov: Dac\u0103 Moldova nu \u0219tia despre recrut\u0103rile terori\u0219tilor, SIS-ul este incompetent, iar dac\u0103 \u0219tia, este complice"},"content":{"rendered":"<div>\n<p><strong>Ambasadorul Rusiei la Chi\u0219in\u0103u, Oleg Ozerov, lanseaz\u0103 acuza\u021bii grave: dac\u0103 autorit\u0103\u021bile din Republica Moldova nu aveau cuno\u0219tin\u021b\u0103 despre recrutarea de c\u0103tre Ucraina a unor persoane pe teritoriul \u021b\u0103rii pentru organizarea de atentate \u00een Rusia, atunci eficien\u021ba structurilor de securitate moldovene\u0219ti este serios pus\u0103 sub semnul \u00eentreb\u0103rii. Iar dac\u0103 \u0219tiau, spune diplomatul, se ridic\u0103 semne de \u00eentrebare privind o posibil\u0103 complicitate. Declara\u021biile au fost f\u0103cute \u00een cadrul emisiunii Puls de de la Canal 5. P\u00e2n\u0103 \u00een acest moment, autorit\u0103\u021bile moldovene\u0219ti nu au oferit nicio reac\u021bie.<\/strong><br \/>\n<iframe loading=\"lazy\" title=\"YouTube video player\" src=\"https:\/\/www.youtube.com\/embed\/9MysR4IAS1o?si=B6HWVCxp4paJxOtC\" width=\"560\" height=\"315\" frameborder=\"0\" allowfullscreen=\"allowfullscreen\"><\/iframe><\/p>\n<p>Ambasadorul Rusiei la Chi\u0219in\u0103u, Oleg Ozerov, lanseaz\u0103 acuza\u021bii grave: dac\u0103 autorit\u0103\u021bile din Republica Moldova nu aveau cuno\u0219tin\u021b\u0103 despre recrutarea de c\u0103tre Ucraina a unor persoane pe teritoriul \u021b\u0103rii pentru organizarea de atentate \u00een Rusia, atunci eficien\u021ba structurilor de securitate moldovene\u0219ti este serios pus\u0103 sub semnul \u00eentreb\u0103rii. Iar dac\u0103 \u0219tiau, spune diplomatul, se ridic\u0103 semne de \u00eentrebare privind o posibil\u0103 complicitate. Declara\u021biile au fost f\u0103cute \u00een cadrul emisiunii Puls de de la Canal 5. P\u00e2n\u0103 \u00een acest moment, autorit\u0103\u021bile moldovene\u0219ti nu au oferit nicio reac\u021bie<\/p>\n<p>Potrivit ambasadorului Federa\u021biei Ruse \u00een Republica Moldova, Oleg Ozerov, nu ar fi o premier\u0103 ca teritoriul moldovenesc s\u0103 fie folosit \u2013 cu \u0219tiin\u021ba sau chiar complicitatea autorit\u0103\u021bilor locale \u2013 de serviciile speciale ucrainene pentru recrutarea \u0219i instruirea de agen\u021bi.<\/p>\n<p>Diplomatul sus\u021bine c\u0103 au mai existat cazuri similare \u00een trecut, inclusiv episoade \u00een care cet\u0103\u021beni ru\u0219i ar fi fost recruta\u021bi direct \u00een Chi\u0219in\u0103u.<\/p>\n<p>OLEG OZEROV, ambasadorul Federa\u021biei Ruse \u00een Moldova<\/p>\n<p>Anterior au fost re\u021binu\u021bi \u0219i cet\u0103\u021beni ai Federa\u021biei Ruse \u2013 este vorba despre Irina Izmailova \u0219i Serghei Okrushko \u2013 ale c\u0103ror dosare sunt examinate de Tribunalul Regional din Samara. \u00cen acel caz este vorba despre altceva: nu sunt cet\u0103\u021beni moldoveni, ci cet\u0103\u021beni ru\u0219i, \u00eens\u0103 au fost recruta\u021bi pe teritoriul Republicii Moldova.<\/p>\n<p>Mai exact, chiar \u00een Chi\u0219in\u0103u. Mai mult, noi cunoa\u0219tem exact locurile unde s-a \u00eent\u00e2mplat acest lucru \u2013 este vorba despre parcul \u201eIzvor\u201d, \u201eValea Trandafirilor\u201d, \u0219i o serie de cafenele de pe strada A. Pu\u0219kin. \u0218tim cu exactitate unde, \u00een ce cl\u0103dire, au fost realizate asupra lor teste psihofiziologice, inclusiv cu utilizarea poligrafului.<\/p>\n<p>Ozerov a dat asigur\u0103ri c\u0103 FSB \u00ee\u0219i face treaba riguros \u0219i va prezenta toate dovezile despre activit\u0103\u021bile suspecte legate de recrut\u0103ri f\u0103cute de Ucraina pe teritoriul Moldovei \u00een scopuri teroriste. \u00cen plus, el a ad\u0103ugat c\u0103 \u00een ciuda ruperii rela\u021biilor oficiale dintre serviciile secrete ruse\u0219ti \u0219i moldovene, colaborarea r\u0103m\u00e2ne posibil\u0103.<\/p>\n<p>OLEG OZEROV, ambasadorul Federa\u021biei Ruse \u00een Moldova<\/p>\n<p>V\u0103 asigur, Serviciul Federal de Securitate documenteaz\u0103 foarte atent toate ac\u021biunile \u0219i investiga\u021biile sale \u0219i toate faptele necesare \u0219i detaliile acestui caz vor fi prezentate. Din p\u0103cate, rela\u021biile dintre serviciile secrete \u2013 \u00eentre FSB \u0219i SIS \u2013 au fost rupte. Dar asta nu \u00eenseamn\u0103 c\u0103 nu este posibil\u0103 investigarea comun\u0103 a acestor cazuri. Terorismul interna\u021bional este o chestiune foarte serioas\u0103. Pe de o parte, vedem \u2013 \u0219i autorit\u0103\u021bile \u00eensele au recunoscut acest lucru \u2013 c\u0103 se efectueaz\u0103 supraveghere \u0219i intercept\u0103ri foarte intense chiar \u00een apropierea teritoriului ambasadei. A\u0219adar, desf\u0103\u0219ura\u021bi o astfel de activitate pe scar\u0103 larg\u0103, supraveghea\u021bi foarte atent diploma\u021bii ru\u0219i \u0219i face\u021bi toate acestea public \u2013 nu invent\u0103m dovezi. Aceste lucruri au fost anun\u021bate public de c\u0103tre conduc\u0103torii serviciilor respective. \u0218i voi, dac\u0103 \u2013 a\u0219a cum afirma\u021bi \u2013 vede\u021bi totul \u0219i \u0219ti\u021bi totul, atunci cum se face c\u0103 nu \u0219ti\u021bi despre actele de recrutare \u00een scopuri teroriste realizate de serviciile speciale ale unei \u021b\u0103ri vecine? Dac\u0103 nu \u0219ti\u021bi, \u00eenseamn\u0103 c\u0103 serviciile voastre secrete lucreaz\u0103, s\u0103 fim sinceri, nu prea profesionist. Iar dac\u0103 \u0219ti\u021bi, atunci cu at\u00e2t mai mult apar \u00eentreb\u0103ri legate de complicitate la astfel de ac\u021biuni. A\u0219 spune a\u0219a \u2013 nu este o scuz\u0103, ci o explica\u021bie.<\/p>\n<p>Amintim c\u0103 FSB-ul a anun\u021bat luni c\u0103 doi moldoveni au fost re\u021binu\u021bi \u00een Rusia, fiind b\u0103nui\u021bi de colaborare cu serviciile speciale ucrainene. Unul dintre ei ar fi transportat explozibil \u00een ora\u0219ele Volgograd \u0219i Saratov, iar altul ar fi fotografiat obiectivele militare strategice ale Kremlinului. Planurile lor au fost detaliate de FSB \u00een trei comunicate, \u00een care a acuzat Republica Moldova c\u0103 este complice \u00een ac\u021biunile serviciilor de la Kiev privind \u201erecrutarea \u0219i instruirea agen\u021bilor\u201d, pentru ca ace\u0219tia s\u0103 comit\u0103 \u201eacte de sabotaj \u0219i terorism\u201d \u00een Rusia.<\/p>\n<p>Niciun reprezentant al autorit\u0103\u021bilor din Republica Moldova, inclusiv Ministerul Afacerilor Externe, nu a comentat declara\u021biile ambasadorului, dar nici arest\u0103rile cet\u0103\u021benilor moldoveni \u00een Rusia \u0219i acuza\u021biile privind utilizarea teritoriului Moldovei de c\u0103tre serviciile secrete ucrainene pentru recrutarea \u0219i preg\u0103tirea divergen\u021bilor.<\/p>\n<\/div>\n","protected":false},"excerpt":{"rendered":"<div><img loading=\"lazy\" decoding=\"async\" width=\"696\" height=\"392\" src=\"https:\/\/canal5.md\/wp-content\/uploads\/2025\/04\/ozerov-1024x576-optimized.jpg\" class=\"attachment-large size-large wp-post-image\" alt=\"\" srcset=\"https:\/\/canal5.md\/wp-content\/uploads\/2025\/04\/ozerov-1024x576-optimized.jpg 1024w, https:\/\/canal5.md\/wp-content\/uploads\/2025\/04\/ozerov-300x169-optimized.jpg 300w, https:\/\/canal5.md\/wp-content\/uploads\/2025\/04\/ozerov-768x432-optimized.jpg 768w, https:\/\/canal5.md\/wp-content\/uploads\/2025\/04\/ozerov-1536x864-optimized.jpg 1536w, https:\/\/canal5.md\/wp-content\/uploads\/2025\/04\/ozerov-696x392-optimized.jpg 696w, https:\/\/canal5.md\/wp-content\/uploads\/2025\/04\/ozerov-1068x601-optimized.jpg 1068w, https:\/\/canal5.md\/wp-content\/uploads\/2025\/04\/ozerov-optimized.jpg 1920w\">Ambasadorul Rusiei la Chi\u0219in\u0103u, Oleg Ozerov, lanseaz\u0103 acuza\u021bii grave: dac\u0103 autorit\u0103\u021bile din Republica Moldova nu aveau cuno\u0219tin\u021b\u0103 despre recrutarea de c\u0103tre Ucraina a unor persoane pe teritoriul \u021b\u0103rii pentru organizarea de atentate \u00een Rusia, atunci eficien\u021ba structurilor de securitate moldovene\u0219ti este serios pus\u0103 sub semnul \u00eentreb\u0103rii. Iar dac\u0103 \u0219tiau, spune diplomatul, se ridic\u0103 semne de [\u2026]<\/div>\n","protected":false},"author":1,"featured_media":70761,"comment_status":"closed","ping_status":"closed","sticky":false,"template":"","format":"standard","meta":{"jnews-multi-image_gallery":[],"jnews_single_post":[],"jnews_primary_category":[],"jnews_social_meta":[],"jnews_override_counter":[],"footnotes":""},"categories":[23],"tags":[],"class_list":["post-70760","post","type-post","status-publish","format-standard","has-post-thumbnail","hentry","category-politica_ro"],"_links":{"self":[{"href":"https:\/\/orheifm.live\/index.php\/wp-json\/wp\/v2\/posts\/70760","targetHints":{"allow":["GET"]}}],"collection":[{"href":"https:\/\/orheifm.live\/index.php\/wp-json\/wp\/v2\/posts"}],"about":[{"href":"https:\/\/orheifm.live\/index.php\/wp-json\/wp\/v2\/types\/post"}],"author":[{"embeddable":true,"href":"https:\/\/orheifm.live\/index.php\/wp-json\/wp\/v2\/users\/1"}],"replies":[{"embeddable":true,"href":"https:\/\/orheifm.live\/index.php\/wp-json\/wp\/v2\/comments?post=70760"}],"version-history":[{"count":0,"href":"https:\/\/orheifm.live\/index.php\/wp-json\/wp\/v2\/posts\/70760\/revisions"}],"wp:featuredmedia":[{"embeddable":true,"href":"https:\/\/orheifm.live\/index.php\/wp-json\/wp\/v2\/media\/70761"}],"wp:attachment":[{"href":"https:\/\/orheifm.live\/index.php\/wp-json\/wp\/v2\/media?parent=70760"}],"wp:term":[{"taxonomy":"category","embeddable":true,"href":"https:\/\/orheifm.live\/index.php\/wp-json\/wp\/v2\/categories?post=70760"},{"taxonomy":"post_tag","embeddable":true,"href":"https:\/\/orheifm.live\/index.php\/wp-json\/wp\/v2\/tags?post=70760"}],"curies":[{"name":"wp","href":"https:\/\/api.w.org\/{rel}","templated":true}]}}