{"id":70756,"date":"2025-04-15T13:20:45","date_gmt":"2025-04-15T10:20:45","guid":{"rendered":"https:\/\/orheifm.live\/index.php\/2025\/04\/15\/fostul-condamnat-la-inchisoare-pe-viata-susitchii-retinut-din-nou-dupa-eliberarea-sa-recenta\/"},"modified":"2025-04-15T13:20:45","modified_gmt":"2025-04-15T10:20:45","slug":"fostul-condamnat-la-inchisoare-pe-viata-susitchii-retinut-din-nou-dupa-eliberarea-sa-recenta","status":"publish","type":"post","link":"https:\/\/orheifm.live\/index.php\/2025\/04\/15\/fostul-condamnat-la-inchisoare-pe-viata-susitchii-retinut-din-nou-dupa-eliberarea-sa-recenta\/","title":{"rendered":"Fostul condamnat la \u00eenchisoare pe via\u021b\u0103, Su\u0219i\u021bchii, re\u021binut din nou dup\u0103 eliberarea sa recent\u0103"},"content":{"rendered":"<div>\n<p class=\"\" data-start=\"100\" data-end=\"379\"><strong>Fostul condamnat la \u00eenchisoare pe via\u021b\u0103, Su\u0219i\u021bchii, care fusese eliberat \u00een februarie anul acesta dup\u0103 o reducere a pedepsei, a fost re\u021binut din nou de c\u0103tre poli\u021bie. <\/strong><\/p>\n<p class=\"\" data-start=\"100\" data-end=\"379\">Acesta a fost re\u021binut rapid dup\u0103 ce Curtea de Apel Chi\u0219in\u0103u a anulat decizia anterioar\u0103 de eliberare a acestuia.<\/p>\n<p class=\"\" data-start=\"381\" data-end=\"595\">Conform informa\u021biilor preliminare, Su\u0219i\u021bchii a depus deja documentele pentru ob\u021binerea unui pa\u0219aport str\u0103in \u0219i se pare c\u0103 inten\u021biona s\u0103 p\u0103r\u0103seasc\u0103 \u021bara. Poli\u021bia a ac\u021bionat prompt pentru a preveni plecarea acestuia.<\/p>\n<\/div>\n","protected":false},"excerpt":{"rendered":"<div><img loading=\"lazy\" decoding=\"async\" width=\"696\" height=\"429\" src=\"https:\/\/canal5.md\/wp-content\/uploads\/2025\/04\/snimok-ekrana-2025-04-15-122514-1024x631-optimized.png\" class=\"attachment-large size-large wp-post-image\" alt=\"\" srcset=\"https:\/\/canal5.md\/wp-content\/uploads\/2025\/04\/snimok-ekrana-2025-04-15-122514-1024x631-optimized.png 1024w, https:\/\/canal5.md\/wp-content\/uploads\/2025\/04\/snimok-ekrana-2025-04-15-122514-300x185-optimized.png 300w, https:\/\/canal5.md\/wp-content\/uploads\/2025\/04\/snimok-ekrana-2025-04-15-122514-768x473-optimized.png 768w, https:\/\/canal5.md\/wp-content\/uploads\/2025\/04\/snimok-ekrana-2025-04-15-122514-1536x947-optimized.png 1536w, https:\/\/canal5.md\/wp-content\/uploads\/2025\/04\/snimok-ekrana-2025-04-15-122514-2048x1263-optimized.png 2048w, https:\/\/canal5.md\/wp-content\/uploads\/2025\/04\/snimok-ekrana-2025-04-15-122514-696x429-optimized.png 696w, https:\/\/canal5.md\/wp-content\/uploads\/2025\/04\/snimok-ekrana-2025-04-15-122514-1068x658-optimized.png 1068w, https:\/\/canal5.md\/wp-content\/uploads\/2025\/04\/snimok-ekrana-2025-04-15-122514-1920x1184-optimized.png 1920w\">Fostul condamnat la \u00eenchisoare pe via\u021b\u0103, Su\u0219i\u021bchii, care fusese eliberat \u00een februarie anul acesta dup\u0103 o reducere a pedepsei, a fost re\u021binut din nou de c\u0103tre poli\u021bie. Acesta a fost re\u021binut rapid dup\u0103 ce Curtea de Apel Chi\u0219in\u0103u a anulat decizia anterioar\u0103 de eliberare a acestuia. Conform informa\u021biilor preliminare, Su\u0219i\u021bchii a depus deja documentele pentru [\u2026]<\/div>\n","protected":false},"author":1,"featured_media":70757,"comment_status":"closed","ping_status":"closed","sticky":false,"template":"","format":"standard","meta":{"jnews-multi-image_gallery":[],"jnews_single_post":[],"jnews_primary_category":[],"jnews_social_meta":[],"jnews_override_counter":[],"footnotes":""},"categories":[30],"tags":[],"class_list":["post-70756","post","type-post","status-publish","format-standard","has-post-thumbnail","hentry","category-social_ro"],"_links":{"self":[{"href":"https:\/\/orheifm.live\/index.php\/wp-json\/wp\/v2\/posts\/70756","targetHints":{"allow":["GET"]}}],"collection":[{"href":"https:\/\/orheifm.live\/index.php\/wp-json\/wp\/v2\/posts"}],"about":[{"href":"https:\/\/orheifm.live\/index.php\/wp-json\/wp\/v2\/types\/post"}],"author":[{"embeddable":true,"href":"https:\/\/orheifm.live\/index.php\/wp-json\/wp\/v2\/users\/1"}],"replies":[{"embeddable":true,"href":"https:\/\/orheifm.live\/index.php\/wp-json\/wp\/v2\/comments?post=70756"}],"version-history":[{"count":0,"href":"https:\/\/orheifm.live\/index.php\/wp-json\/wp\/v2\/posts\/70756\/revisions"}],"wp:featuredmedia":[{"embeddable":true,"href":"https:\/\/orheifm.live\/index.php\/wp-json\/wp\/v2\/media\/70757"}],"wp:attachment":[{"href":"https:\/\/orheifm.live\/index.php\/wp-json\/wp\/v2\/media?parent=70756"}],"wp:term":[{"taxonomy":"category","embeddable":true,"href":"https:\/\/orheifm.live\/index.php\/wp-json\/wp\/v2\/categories?post=70756"},{"taxonomy":"post_tag","embeddable":true,"href":"https:\/\/orheifm.live\/index.php\/wp-json\/wp\/v2\/tags?post=70756"}],"curies":[{"name":"wp","href":"https:\/\/api.w.org\/{rel}","templated":true}]}}