{"id":70754,"date":"2025-04-15T11:54:25","date_gmt":"2025-04-15T08:54:25","guid":{"rendered":"https:\/\/orheifm.live\/index.php\/2025\/04\/15\/cazatura-spectaculoasa-a-unui-politist-pe-motocicleta-surprinsa-de-o-camera-de-bord\/"},"modified":"2025-04-15T11:54:25","modified_gmt":"2025-04-15T08:54:25","slug":"cazatura-spectaculoasa-a-unui-politist-pe-motocicleta-surprinsa-de-o-camera-de-bord","status":"publish","type":"post","link":"https:\/\/orheifm.live\/index.php\/2025\/04\/15\/cazatura-spectaculoasa-a-unui-politist-pe-motocicleta-surprinsa-de-o-camera-de-bord\/","title":{"rendered":"C\u0103z\u0103tur\u0103 spectaculoas\u0103 a unui poli\u021bist pe motociclet\u0103, surprins\u0103 de o camer\u0103 de bord"},"content":{"rendered":"<div>\n<p><strong>Un poli\u021bist pe motociclet\u0103 a fost implicat \u00eentr-un accident pe podul de pe strada Mihai Viteazul, incidentul fiind surprins de o camer\u0103 de bord \u0219i distribuit pe re\u021belele sociale.<\/strong><\/p>\n<p>\u00cen imagini se observ\u0103 cum trei poli\u021bi\u0219ti pe motociclete circul\u0103 printre ma\u0219ini, iar unul dintre ei pierde controlul ghidonului \u0219i cade pe carosabil. La scurt timp, acesta se ridic\u0103 \u0219i \u00ee\u0219i repune motocicleta pe ro\u021bi.<\/p>\n<p>O ma\u0219in\u0103 de model Toyota a fost avariat\u0103 \u00een urma incidentului.<\/p>\n<\/div>\n","protected":false},"excerpt":{"rendered":"<div><img loading=\"lazy\" decoding=\"async\" width=\"696\" height=\"392\" src=\"https:\/\/canal5.md\/wp-content\/uploads\/2025\/04\/615aa59658c138d6128d3cb9834f6e3348273ff4dab8d164ef635adcf2ef6217-optimized.jpg\" class=\"attachment-large size-large wp-post-image\" alt=\"\" srcset=\"https:\/\/canal5.md\/wp-content\/uploads\/2025\/04\/615aa59658c138d6128d3cb9834f6e3348273ff4dab8d164ef635adcf2ef6217-optimized.jpg 800w, https:\/\/canal5.md\/wp-content\/uploads\/2025\/04\/615aa59658c138d6128d3cb9834f6e3348273ff4dab8d164ef635adcf2ef6217-300x169-optimized.jpg 300w, https:\/\/canal5.md\/wp-content\/uploads\/2025\/04\/615aa59658c138d6128d3cb9834f6e3348273ff4dab8d164ef635adcf2ef6217-768x432-optimized.jpg 768w, https:\/\/canal5.md\/wp-content\/uploads\/2025\/04\/615aa59658c138d6128d3cb9834f6e3348273ff4dab8d164ef635adcf2ef6217-696x392-optimized.jpg 696w\">Un poli\u021bist pe motociclet\u0103 a fost implicat \u00eentr-un accident pe podul de pe strada Mihai Viteazul, incidentul fiind surprins de o camer\u0103 de bord \u0219i distribuit pe re\u021belele sociale. \u00cen imagini se observ\u0103 cum trei poli\u021bi\u0219ti pe motociclete circul\u0103 printre ma\u0219ini, iar unul dintre ei pierde controlul ghidonului \u0219i cade pe carosabil. La scurt timp, [\u2026]<\/div>\n","protected":false},"author":1,"featured_media":70755,"comment_status":"closed","ping_status":"closed","sticky":false,"template":"","format":"standard","meta":{"jnews-multi-image_gallery":[],"jnews_single_post":[],"jnews_primary_category":[],"jnews_social_meta":[],"jnews_override_counter":[],"footnotes":""},"categories":[30],"tags":[],"class_list":["post-70754","post","type-post","status-publish","format-standard","has-post-thumbnail","hentry","category-social_ro"],"_links":{"self":[{"href":"https:\/\/orheifm.live\/index.php\/wp-json\/wp\/v2\/posts\/70754","targetHints":{"allow":["GET"]}}],"collection":[{"href":"https:\/\/orheifm.live\/index.php\/wp-json\/wp\/v2\/posts"}],"about":[{"href":"https:\/\/orheifm.live\/index.php\/wp-json\/wp\/v2\/types\/post"}],"author":[{"embeddable":true,"href":"https:\/\/orheifm.live\/index.php\/wp-json\/wp\/v2\/users\/1"}],"replies":[{"embeddable":true,"href":"https:\/\/orheifm.live\/index.php\/wp-json\/wp\/v2\/comments?post=70754"}],"version-history":[{"count":0,"href":"https:\/\/orheifm.live\/index.php\/wp-json\/wp\/v2\/posts\/70754\/revisions"}],"wp:featuredmedia":[{"embeddable":true,"href":"https:\/\/orheifm.live\/index.php\/wp-json\/wp\/v2\/media\/70755"}],"wp:attachment":[{"href":"https:\/\/orheifm.live\/index.php\/wp-json\/wp\/v2\/media?parent=70754"}],"wp:term":[{"taxonomy":"category","embeddable":true,"href":"https:\/\/orheifm.live\/index.php\/wp-json\/wp\/v2\/categories?post=70754"},{"taxonomy":"post_tag","embeddable":true,"href":"https:\/\/orheifm.live\/index.php\/wp-json\/wp\/v2\/tags?post=70754"}],"curies":[{"name":"wp","href":"https:\/\/api.w.org\/{rel}","templated":true}]}}