{"id":70744,"date":"2025-04-15T09:28:48","date_gmt":"2025-04-15T06:28:48","guid":{"rendered":"https:\/\/orheifm.live\/index.php\/2025\/04\/15\/crima-socanta-in-ciocana-o-femeie-de-60-de-ani-ucisa-in-locuinta-sa\/"},"modified":"2025-04-15T09:28:48","modified_gmt":"2025-04-15T06:28:48","slug":"crima-socanta-in-ciocana-o-femeie-de-60-de-ani-ucisa-in-locuinta-sa","status":"publish","type":"post","link":"https:\/\/orheifm.live\/index.php\/2025\/04\/15\/crima-socanta-in-ciocana-o-femeie-de-60-de-ani-ucisa-in-locuinta-sa\/","title":{"rendered":"Crim\u0103 \u0219ocant\u0103 \u00een Ciocana: O femeie de 60 de ani, ucis\u0103 \u00een locuin\u021ba sa"},"content":{"rendered":"<div>\n<p data-sourcepos=\"1:1-1:228\"><strong>O femeie de 60 de ani a fost g\u0103sit\u0103 moart\u0103 \u00een locuin\u021ba sa de pe strada Ratu\u0219 din sectorul Ciocana, Chi\u0219in\u0103u, \u00een jurul orei 02:35 \u00een noaptea precedent\u0103, conform informa\u021biilor ob\u021binute de PulsMedia.MD din surse apropiate anchetei.<\/strong><\/p>\n<p data-sourcepos=\"3:1-3:103\">Medicul legist a constatat o ran\u0103 la nivelul capului victimei, posibil cauzat\u0103 de un obiect contondent.<\/p>\n<p data-sourcepos=\"5:1-5:132\">So\u021bul femeii se afla \u00een cas\u0103 \u00een momentul crimei, dar dormea \u00eentr-o alt\u0103 camer\u0103 \u0219i a declarat c\u0103 nu a v\u0103zut \u0219i nici nu a auzit nimic.<\/p>\n<p data-sourcepos=\"7:1-7:163\">Autorit\u0103\u021bile au descoperit o scar\u0103 \u00een exteriorul casei cu dou\u0103 etaje, suger\u00e2nd c\u0103 agresorii ar fi urcat la etajul al doilea \u0219i ar fi p\u0103truns \u00een locuin\u021b\u0103 prin geam.<\/p>\n<p data-sourcepos=\"9:1-9:116\">Poli\u021bia a demarat o anchet\u0103 \u0219i efectueaz\u0103 investiga\u021bii speciale pentru a identifica \u0219i re\u021bine f\u0103pta\u0219ul sau f\u0103pta\u0219ii.<\/p>\n<\/div>\n","protected":false},"excerpt":{"rendered":"<div><img loading=\"lazy\" decoding=\"async\" width=\"696\" height=\"392\" src=\"https:\/\/canal5.md\/wp-content\/uploads\/2025\/04\/6173efdf3dcdb32559e6fbeab0a44e8cfebde723b940e6cbfd0a5afb7ecb5a7c-1024x576-optimized.jpg\" class=\"attachment-large size-large wp-post-image\" alt=\"\" srcset=\"https:\/\/canal5.md\/wp-content\/uploads\/2025\/04\/6173efdf3dcdb32559e6fbeab0a44e8cfebde723b940e6cbfd0a5afb7ecb5a7c-1024x576-optimized.jpg 1024w, https:\/\/canal5.md\/wp-content\/uploads\/2025\/04\/6173efdf3dcdb32559e6fbeab0a44e8cfebde723b940e6cbfd0a5afb7ecb5a7c-300x169-optimized.jpg 300w, https:\/\/canal5.md\/wp-content\/uploads\/2025\/04\/6173efdf3dcdb32559e6fbeab0a44e8cfebde723b940e6cbfd0a5afb7ecb5a7c-768x432-optimized.jpg 768w, https:\/\/canal5.md\/wp-content\/uploads\/2025\/04\/6173efdf3dcdb32559e6fbeab0a44e8cfebde723b940e6cbfd0a5afb7ecb5a7c-696x392-optimized.jpg 696w, https:\/\/canal5.md\/wp-content\/uploads\/2025\/04\/6173efdf3dcdb32559e6fbeab0a44e8cfebde723b940e6cbfd0a5afb7ecb5a7c-1068x601-optimized.jpg 1068w, https:\/\/canal5.md\/wp-content\/uploads\/2025\/04\/6173efdf3dcdb32559e6fbeab0a44e8cfebde723b940e6cbfd0a5afb7ecb5a7c-optimized.jpg 1200w\">O femeie de 60 de ani a fost g\u0103sit\u0103 moart\u0103 \u00een locuin\u021ba sa de pe strada Ratu\u0219 din sectorul Ciocana, Chi\u0219in\u0103u, \u00een jurul orei 02:35 \u00een noaptea precedent\u0103, conform informa\u021biilor ob\u021binute de PulsMedia.MD din surse apropiate anchetei. Medicul legist a constatat o ran\u0103 la nivelul capului victimei, posibil cauzat\u0103 de un obiect contondent. So\u021bul femeii [\u2026]<\/div>\n","protected":false},"author":1,"featured_media":70745,"comment_status":"closed","ping_status":"closed","sticky":false,"template":"","format":"standard","meta":{"jnews-multi-image_gallery":[],"jnews_single_post":[],"jnews_primary_category":[],"jnews_social_meta":[],"jnews_override_counter":[],"footnotes":""},"categories":[30],"tags":[],"class_list":["post-70744","post","type-post","status-publish","format-standard","has-post-thumbnail","hentry","category-social_ro"],"_links":{"self":[{"href":"https:\/\/orheifm.live\/index.php\/wp-json\/wp\/v2\/posts\/70744","targetHints":{"allow":["GET"]}}],"collection":[{"href":"https:\/\/orheifm.live\/index.php\/wp-json\/wp\/v2\/posts"}],"about":[{"href":"https:\/\/orheifm.live\/index.php\/wp-json\/wp\/v2\/types\/post"}],"author":[{"embeddable":true,"href":"https:\/\/orheifm.live\/index.php\/wp-json\/wp\/v2\/users\/1"}],"replies":[{"embeddable":true,"href":"https:\/\/orheifm.live\/index.php\/wp-json\/wp\/v2\/comments?post=70744"}],"version-history":[{"count":0,"href":"https:\/\/orheifm.live\/index.php\/wp-json\/wp\/v2\/posts\/70744\/revisions"}],"wp:featuredmedia":[{"embeddable":true,"href":"https:\/\/orheifm.live\/index.php\/wp-json\/wp\/v2\/media\/70745"}],"wp:attachment":[{"href":"https:\/\/orheifm.live\/index.php\/wp-json\/wp\/v2\/media?parent=70744"}],"wp:term":[{"taxonomy":"category","embeddable":true,"href":"https:\/\/orheifm.live\/index.php\/wp-json\/wp\/v2\/categories?post=70744"},{"taxonomy":"post_tag","embeddable":true,"href":"https:\/\/orheifm.live\/index.php\/wp-json\/wp\/v2\/tags?post=70744"}],"curies":[{"name":"wp","href":"https:\/\/api.w.org\/{rel}","templated":true}]}}