{"id":70541,"date":"2025-04-10T16:18:51","date_gmt":"2025-04-10T13:18:51","guid":{"rendered":"https:\/\/orheifm.live\/index.php\/2025\/04\/10\/captura-vamala-la-leuseni-articole-din-portelan-de-mii-de-euro-nedeclarate\/"},"modified":"2025-04-10T16:18:51","modified_gmt":"2025-04-10T13:18:51","slug":"captura-vamala-la-leuseni-articole-din-portelan-de-mii-de-euro-nedeclarate","status":"publish","type":"post","link":"https:\/\/orheifm.live\/index.php\/2025\/04\/10\/captura-vamala-la-leuseni-articole-din-portelan-de-mii-de-euro-nedeclarate\/","title":{"rendered":"Captur\u0103 vamal\u0103 la Leu\u0219eni: articole din por\u021belan de mii de euro, nedeclarate"},"content":{"rendered":"<div>\n<p class=\"\" data-start=\"149\" data-end=\"425\"><strong>La 9 aprilie, func\u021bionarii postului vamal Leu\u0219eni au verificat un autocar care venea din Marea Britanie spre Republica Moldova<\/strong><\/p>\n<p class=\"\" data-start=\"149\" data-end=\"425\">\u0218oferul, un moldovean de 35 de ani, a declarat c\u0103 transport\u0103 bagaje ne\u00eenso\u021bite \u0219i c\u0103 toate bunurile sunt incluse \u00een declara\u021bie.<\/p>\n<p class=\"\" data-start=\"427\" data-end=\"702\">Totu\u0219i, \u00een cala autocarului, au fost descoperite 24 de articole din por\u021belan \u0219i figurine de colec\u021bie, ascunse \u00een cutii de carton \u0219i nedeclarate. Obiectele erau \u00eenso\u021bite de certificate de autenticitate, iar valoarea fiec\u0103rui articol este estimat\u0103 \u00eentre 1.000 \u0219i 2.500 de euro.<\/p>\n<p class=\"\" data-start=\"704\" data-end=\"769\">Bunurile au fost ridicate, iar cazul este \u00een curs de investigare.<\/p>\n<\/div>\n","protected":false},"excerpt":{"rendered":"<div><img loading=\"lazy\" decoding=\"async\" width=\"696\" height=\"458\" src=\"https:\/\/canal5.md\/wp-content\/uploads\/2025\/04\/808328-optimized.webp\" class=\"attachment-large size-large wp-post-image\" alt=\"\" srcset=\"https:\/\/canal5.md\/wp-content\/uploads\/2025\/04\/808328-optimized.webp 760w, https:\/\/canal5.md\/wp-content\/uploads\/2025\/04\/808328-300x197-optimized.webp 300w, https:\/\/canal5.md\/wp-content\/uploads\/2025\/04\/808328-696x458-optimized.webp 696w\">La 9 aprilie, func\u021bionarii postului vamal Leu\u0219eni au verificat un autocar care venea din Marea Britanie spre Republica Moldova \u0218oferul, un moldovean de 35 de ani, a declarat c\u0103 transport\u0103 bagaje ne\u00eenso\u021bite \u0219i c\u0103 toate bunurile sunt incluse \u00een declara\u021bie. Totu\u0219i, \u00een cala autocarului, au fost descoperite 24 de articole din por\u021belan \u0219i figurine de [\u2026]<\/div>\n","protected":false},"author":1,"featured_media":70542,"comment_status":"closed","ping_status":"closed","sticky":false,"template":"","format":"standard","meta":{"jnews-multi-image_gallery":[],"jnews_single_post":[],"jnews_primary_category":[],"jnews_social_meta":[],"jnews_override_counter":[],"footnotes":""},"categories":[30],"tags":[],"class_list":["post-70541","post","type-post","status-publish","format-standard","has-post-thumbnail","hentry","category-social_ro"],"_links":{"self":[{"href":"https:\/\/orheifm.live\/index.php\/wp-json\/wp\/v2\/posts\/70541","targetHints":{"allow":["GET"]}}],"collection":[{"href":"https:\/\/orheifm.live\/index.php\/wp-json\/wp\/v2\/posts"}],"about":[{"href":"https:\/\/orheifm.live\/index.php\/wp-json\/wp\/v2\/types\/post"}],"author":[{"embeddable":true,"href":"https:\/\/orheifm.live\/index.php\/wp-json\/wp\/v2\/users\/1"}],"replies":[{"embeddable":true,"href":"https:\/\/orheifm.live\/index.php\/wp-json\/wp\/v2\/comments?post=70541"}],"version-history":[{"count":0,"href":"https:\/\/orheifm.live\/index.php\/wp-json\/wp\/v2\/posts\/70541\/revisions"}],"wp:featuredmedia":[{"embeddable":true,"href":"https:\/\/orheifm.live\/index.php\/wp-json\/wp\/v2\/media\/70542"}],"wp:attachment":[{"href":"https:\/\/orheifm.live\/index.php\/wp-json\/wp\/v2\/media?parent=70541"}],"wp:term":[{"taxonomy":"category","embeddable":true,"href":"https:\/\/orheifm.live\/index.php\/wp-json\/wp\/v2\/categories?post=70541"},{"taxonomy":"post_tag","embeddable":true,"href":"https:\/\/orheifm.live\/index.php\/wp-json\/wp\/v2\/tags?post=70541"}],"curies":[{"name":"wp","href":"https:\/\/api.w.org\/{rel}","templated":true}]}}