{"id":70533,"date":"2025-04-10T14:19:02","date_gmt":"2025-04-10T11:19:02","guid":{"rendered":"https:\/\/orheifm.live\/index.php\/2025\/04\/10\/15-ani-de-inchisoare-pentru-tentativa-de-omor-in-edinet\/"},"modified":"2025-04-10T14:19:02","modified_gmt":"2025-04-10T11:19:02","slug":"15-ani-de-inchisoare-pentru-tentativa-de-omor-in-edinet","status":"publish","type":"post","link":"https:\/\/orheifm.live\/index.php\/2025\/04\/10\/15-ani-de-inchisoare-pentru-tentativa-de-omor-in-edinet\/","title":{"rendered":"15 ani de \u00eenchisoare pentru tentativ\u0103 de omor \u00een Edine\u021b"},"content":{"rendered":"<div>\n<div id=\"model-response-message-contentr_c3def29a10361b74\" class=\"markdown markdown-main-panel\" dir=\"ltr\">\n<p data-sourcepos=\"1:1-1:218\"><strong>Un b\u0103rbat din raionul Edine\u021b a primit o sentin\u021b\u0103 de 15 ani de \u00eenchisoare pentru tentativ\u0103 de omor, dup\u0103 ce a \u00eencercat s\u0103-\u0219i ucid\u0103 vecinul \u00een urm\u0103 cu patru luni. Decizia a fost pronun\u021bat\u0103 recent de instan\u021ba de judecat\u0103.<\/strong><\/p>\n<p data-sourcepos=\"3:1-3:341\">Conform informa\u021biilor din dosar, incidentul s-a petrecut \u00een seara de 16 decembrie 2024, \u00eentr-o localitate din Edine\u021b. Agresorul \u0219i victima se aflau \u00eentr-o cas\u0103 unde locuiau temporar. Dup\u0103 ce au consumat b\u0103uturi alcoolice \u00eempreun\u0103, a ap\u0103rut un conflict \u00eentre ei, care a escaladat rapid \u00eentr-o alterca\u021bie, conform \u0218tiri.md, cit\u00e2nd deschide.md.<\/p>\n<p data-sourcepos=\"5:1-5:188\">\u00cen timpul conflictului, acuzatul a \u00eembibat o c\u00e2rp\u0103 cu benzin\u0103, i-a dat foc \u0219i a aruncat-o spre vecin. Ulterior, a luat un topor \u0219i l-a lovit pe acesta de mai multe ori \u00een regiunea capului.<\/p>\n<p data-sourcepos=\"7:1-7:128\">Victima a supravie\u021buit atacului, reu\u0219ind s\u0103 fug\u0103 din locuin\u021b\u0103 \u0219i s\u0103 cear\u0103 ajutorul fratelui s\u0103u, care a anun\u021bat imediat Poli\u021bia.<\/p>\n<p data-sourcepos=\"9:1-9:176\">\u00cen timpul audierilor, inculpatul nu a recunoscut acuza\u021biile. El a sus\u021binut c\u0103 avea o rela\u021bie bun\u0103 cu victima \u0219i c\u0103 nu a avut inten\u021bia de a o ucide. Sentin\u021ba nu este definitiv\u0103.<\/p>\n<\/div>\n<\/div>\n","protected":false},"excerpt":{"rendered":"<div><img loading=\"lazy\" decoding=\"async\" width=\"589\" height=\"332\" src=\"https:\/\/canal5.md\/wp-content\/uploads\/2025\/04\/f663aea3586f49723e88fbcb369200e9-optimized.jpg\" class=\"attachment-large size-large wp-post-image\" alt=\"\" srcset=\"https:\/\/canal5.md\/wp-content\/uploads\/2025\/04\/f663aea3586f49723e88fbcb369200e9-optimized.jpg 589w, https:\/\/canal5.md\/wp-content\/uploads\/2025\/04\/f663aea3586f49723e88fbcb369200e9-300x169-optimized.jpg 300w\">Un b\u0103rbat din raionul Edine\u021b a primit o sentin\u021b\u0103 de 15 ani de \u00eenchisoare pentru tentativ\u0103 de omor, dup\u0103 ce a \u00eencercat s\u0103-\u0219i ucid\u0103 vecinul \u00een urm\u0103 cu patru luni. Decizia a fost pronun\u021bat\u0103 recent de instan\u021ba de judecat\u0103. Conform informa\u021biilor din dosar, incidentul s-a petrecut \u00een seara de 16 decembrie 2024, \u00eentr-o localitate din [\u2026]<\/div>\n","protected":false},"author":1,"featured_media":70534,"comment_status":"closed","ping_status":"closed","sticky":false,"template":"","format":"standard","meta":{"jnews-multi-image_gallery":[],"jnews_single_post":[],"jnews_primary_category":[],"jnews_social_meta":[],"jnews_override_counter":[],"footnotes":""},"categories":[30],"tags":[],"class_list":["post-70533","post","type-post","status-publish","format-standard","has-post-thumbnail","hentry","category-social_ro"],"_links":{"self":[{"href":"https:\/\/orheifm.live\/index.php\/wp-json\/wp\/v2\/posts\/70533","targetHints":{"allow":["GET"]}}],"collection":[{"href":"https:\/\/orheifm.live\/index.php\/wp-json\/wp\/v2\/posts"}],"about":[{"href":"https:\/\/orheifm.live\/index.php\/wp-json\/wp\/v2\/types\/post"}],"author":[{"embeddable":true,"href":"https:\/\/orheifm.live\/index.php\/wp-json\/wp\/v2\/users\/1"}],"replies":[{"embeddable":true,"href":"https:\/\/orheifm.live\/index.php\/wp-json\/wp\/v2\/comments?post=70533"}],"version-history":[{"count":0,"href":"https:\/\/orheifm.live\/index.php\/wp-json\/wp\/v2\/posts\/70533\/revisions"}],"wp:featuredmedia":[{"embeddable":true,"href":"https:\/\/orheifm.live\/index.php\/wp-json\/wp\/v2\/media\/70534"}],"wp:attachment":[{"href":"https:\/\/orheifm.live\/index.php\/wp-json\/wp\/v2\/media?parent=70533"}],"wp:term":[{"taxonomy":"category","embeddable":true,"href":"https:\/\/orheifm.live\/index.php\/wp-json\/wp\/v2\/categories?post=70533"},{"taxonomy":"post_tag","embeddable":true,"href":"https:\/\/orheifm.live\/index.php\/wp-json\/wp\/v2\/tags?post=70533"}],"curies":[{"name":"wp","href":"https:\/\/api.w.org\/{rel}","templated":true}]}}