{"id":70531,"date":"2025-04-10T14:00:07","date_gmt":"2025-04-10T11:00:07","guid":{"rendered":"https:\/\/orheifm.live\/index.php\/2025\/04\/10\/barbat-recidivist-condamnat-la-10-ani-pentru-viol-in-familie-sub-ochii-rudelor\/"},"modified":"2025-04-10T14:00:07","modified_gmt":"2025-04-10T11:00:07","slug":"barbat-recidivist-condamnat-la-10-ani-pentru-viol-in-familie-sub-ochii-rudelor","status":"publish","type":"post","link":"https:\/\/orheifm.live\/index.php\/2025\/04\/10\/barbat-recidivist-condamnat-la-10-ani-pentru-viol-in-familie-sub-ochii-rudelor\/","title":{"rendered":"B\u0103rbat recidivist, condamnat la 10 ani pentru viol \u00een familie, sub ochii rudelor"},"content":{"rendered":"<div>\n<div id=\"model-response-message-contentr_5882abe48c6281c6\" class=\"markdown markdown-main-panel\" dir=\"ltr\">\n<p data-sourcepos=\"1:1-1:463\"><strong>\u00centr-un caz \u0219ocant petrecut \u00eentr-un sat din raionul Soroca, un b\u0103rbat cu antecedente penale a fost condamnat de Judec\u0103toria Soroca la 10 ani de \u00eenchisoare pentru violarea concubinei sale. Agresiunea sexual\u0103 \u0219i actele de violen\u021b\u0103 domestic\u0103 s-au desf\u0103\u0219urat \u00een noiembrie 2024, \u00een prezen\u021ba fratelui victimei \u0219i sub amenin\u021barea unui cu\u021bit, \u00een gospod\u0103ria mamei acesteia. La momentul respectiv, \u00een locuin\u021b\u0103 se aflau mai mul\u021bi membri ai familiei, inclusiv un copil minor.<\/strong><\/p>\n<p data-sourcepos=\"3:1-3:408\">Conform informa\u021biilor furnizate de \u0218tiri.md \u0219i observatorul.md, instan\u021ba a stabilit c\u0103 inculpatul, aflat \u00een stare de ebrietate \u0219i av\u00e2nd un istoric de comportament violent, a for\u021bat victima la un act sexual pervers, profit\u00e2nd de starea de teroare \u00een care aceasta se afla. Se men\u021bioneaz\u0103 c\u0103 agresorul era recidivist, av\u00e2nd condamn\u0103ri anterioare, inclusiv pentru infrac\u021biuni similare, \u0219i era neangajat \u00een munc\u0103.<\/p>\n<p data-sourcepos=\"5:1-5:367\">Instan\u021ba a considerat drept circumstan\u021be agravante starea de ebrietate a inculpatului \u0219i antecedentele sale penale pentru infrac\u021biuni similare. De asemenea, comportamentul s\u0103u pe parcursul investiga\u021biei a fost apreciat ca nesatisf\u0103c\u0103tor. La sosirea Poli\u021biei, victima era \u00een stare de \u0219oc, pl\u00e2ng\u00e2nd \u0219i tremur\u00e2nd, \u00een timp ce agresorul a fost surprins \u00een flagrant delict.<\/p>\n<p data-sourcepos=\"7:1-7:139\">\u00cen baza probelor prezentate, Judec\u0103toria Soroca a decis condamnarea b\u0103rbatului la 10 ani de deten\u021bie \u00eentr-un penitenciar de tip semi\u00eenchis.<\/p>\n<p data-sourcepos=\"9:1-9:155\">Acest caz subliniaz\u0103 problema grav\u0103 a violen\u021bei domestice \u0219i importan\u021ba interven\u021biei prompte pentru a proteja victimele \u0219i a trage la r\u0103spundere agresorii.<\/p>\n<\/div>\n<\/div>\n","protected":false},"excerpt":{"rendered":"<div><img loading=\"lazy\" decoding=\"async\" width=\"696\" height=\"392\" src=\"https:\/\/canal5.md\/wp-content\/uploads\/2025\/04\/0f22a60d0863d9295e1ec558770ffc44-1-optimized.jpg\" class=\"attachment-large size-large wp-post-image\" alt=\"\" srcset=\"https:\/\/canal5.md\/wp-content\/uploads\/2025\/04\/0f22a60d0863d9295e1ec558770ffc44-1-optimized.jpg 809w, https:\/\/canal5.md\/wp-content\/uploads\/2025\/04\/0f22a60d0863d9295e1ec558770ffc44-1-300x169-optimized.jpg 300w, https:\/\/canal5.md\/wp-content\/uploads\/2025\/04\/0f22a60d0863d9295e1ec558770ffc44-1-768x433-optimized.jpg 768w, https:\/\/canal5.md\/wp-content\/uploads\/2025\/04\/0f22a60d0863d9295e1ec558770ffc44-1-696x392-optimized.jpg 696w\">\u00centr-un caz \u0219ocant petrecut \u00eentr-un sat din raionul Soroca, un b\u0103rbat cu antecedente penale a fost condamnat de Judec\u0103toria Soroca la 10 ani de \u00eenchisoare pentru violarea concubinei sale. Agresiunea sexual\u0103 \u0219i actele de violen\u021b\u0103 domestic\u0103 s-au desf\u0103\u0219urat \u00een noiembrie 2024, \u00een prezen\u021ba fratelui victimei \u0219i sub amenin\u021barea unui cu\u021bit, \u00een gospod\u0103ria mamei acesteia. La [\u2026]<\/div>\n","protected":false},"author":1,"featured_media":70532,"comment_status":"closed","ping_status":"closed","sticky":false,"template":"","format":"standard","meta":{"jnews-multi-image_gallery":[],"jnews_single_post":[],"jnews_primary_category":[],"jnews_social_meta":[],"jnews_override_counter":[],"footnotes":""},"categories":[30],"tags":[],"class_list":["post-70531","post","type-post","status-publish","format-standard","has-post-thumbnail","hentry","category-social_ro"],"_links":{"self":[{"href":"https:\/\/orheifm.live\/index.php\/wp-json\/wp\/v2\/posts\/70531","targetHints":{"allow":["GET"]}}],"collection":[{"href":"https:\/\/orheifm.live\/index.php\/wp-json\/wp\/v2\/posts"}],"about":[{"href":"https:\/\/orheifm.live\/index.php\/wp-json\/wp\/v2\/types\/post"}],"author":[{"embeddable":true,"href":"https:\/\/orheifm.live\/index.php\/wp-json\/wp\/v2\/users\/1"}],"replies":[{"embeddable":true,"href":"https:\/\/orheifm.live\/index.php\/wp-json\/wp\/v2\/comments?post=70531"}],"version-history":[{"count":0,"href":"https:\/\/orheifm.live\/index.php\/wp-json\/wp\/v2\/posts\/70531\/revisions"}],"wp:featuredmedia":[{"embeddable":true,"href":"https:\/\/orheifm.live\/index.php\/wp-json\/wp\/v2\/media\/70532"}],"wp:attachment":[{"href":"https:\/\/orheifm.live\/index.php\/wp-json\/wp\/v2\/media?parent=70531"}],"wp:term":[{"taxonomy":"category","embeddable":true,"href":"https:\/\/orheifm.live\/index.php\/wp-json\/wp\/v2\/categories?post=70531"},{"taxonomy":"post_tag","embeddable":true,"href":"https:\/\/orheifm.live\/index.php\/wp-json\/wp\/v2\/tags?post=70531"}],"curies":[{"name":"wp","href":"https:\/\/api.w.org\/{rel}","templated":true}]}}