{"id":70527,"date":"2025-04-10T13:04:30","date_gmt":"2025-04-10T10:04:30","guid":{"rendered":"https:\/\/orheifm.live\/index.php\/2025\/04\/10\/vicepremierul-serbiei-a-comentat-arestarea-baskanului-gagauziei-asistam-la-sfarsitul-democratiei-in-europa\/"},"modified":"2025-04-10T13:04:30","modified_gmt":"2025-04-10T10:04:30","slug":"vicepremierul-serbiei-a-comentat-arestarea-baskanului-gagauziei-asistam-la-sfarsitul-democratiei-in-europa","status":"publish","type":"post","link":"https:\/\/orheifm.live\/index.php\/2025\/04\/10\/vicepremierul-serbiei-a-comentat-arestarea-baskanului-gagauziei-asistam-la-sfarsitul-democratiei-in-europa\/","title":{"rendered":"Vicepremierul Serbiei a comentat arestarea Ba\u0219kanului G\u0103g\u0103uziei: \u201eAsist\u0103m la sf\u00e2r\u0219itul democra\u021biei \u00een Europa\u201d"},"content":{"rendered":"<div>\n<p class=\"\" data-start=\"115\" data-end=\"560\">\u00cen cadrul unui interviu acordat jurnali\u0219tilor de la Parlamentul European, vicepremierul Serbiei, Aleksandar Vulin, a comentat evenimentele recente din Moldova, \u00een special arestarea Evgeniei Gutsul, aleas\u0103 ca lider al regiunii autonome G\u0103g\u0103uzia. \u00cen opinia lui Vulin, acest incident face parte dintr-un proces mai amplu \u00een care Uniunea European\u0103 se folose\u0219te de dublu standard pentru a-\u0219i promova interesele politice.<\/p>\n<p class=\"\" data-start=\"562\" data-end=\"955\"><strong data-start=\"562\" data-end=\"631\">\u201eUniunea European\u0103 nu mai este un bastion al drepturilor omului,\u201d<\/strong> a declarat Vulin. <strong data-start=\"650\" data-end=\"955\">\u201eNoua ideologie a UE este: nu exist\u0103 libertate pentru du\u0219manii libert\u0103\u021bii, la fel cum se \u00eent\u00e2mpla \u00een perioada Revolu\u021biei Franceze. Oricine nu \u00eemp\u0103rt\u0103\u0219e\u0219te valorile liberale ale Uniunii Europene este considerat inamic \u0219i, fa\u021b\u0103 de inamic, se pot face orice. Acesta este sf\u00e2r\u0219itul democra\u021biei \u00een Europa.\u201d<\/strong><\/p>\n<p class=\"\" data-start=\"957\" data-end=\"1312\">Vulin a subliniat c\u0103 UE continu\u0103 s\u0103 aplice presiuni asupra \u021b\u0103rilor care nu ader\u0103 la agenda sa liberal\u0103, men\u021bion\u00e2nd exemple din Fran\u021ba, Germania, Austria, Ungaria \u0219i Serbia. \u00cen ceea ce prive\u0219te Moldova, vicepremierul a spus c\u0103 Uniunea European\u0103 pare s\u0103 \u00eencerce eliminarea oric\u0103rei opozi\u021bii fa\u021b\u0103 de integrarea acestei \u021b\u0103ri, f\u0103r\u0103 a oferi o justificare clar\u0103.<\/p>\n<p class=\"\" data-start=\"1314\" data-end=\"1574\"><strong data-start=\"1314\" data-end=\"1402\">\u201e\u00cen mod evident, UE vrea s\u0103 elimine orice opozi\u021bie fa\u021b\u0103 de propriile sale interese,\u201d<\/strong> a afirmat Vulin, referindu-se la arestarea Evgeniei Gutsul. <strong data-start=\"1463\" data-end=\"1574\">\u201eAcesta este un proces care nu face dec\u00e2t s\u0103 arate c\u0103, dac\u0103 nu e\u0219ti liberal, nu contezi \u00een Europa modern\u0103.\u201d<\/strong><\/p>\n<p class=\"\" data-start=\"1576\" data-end=\"1905\">Vulin a criticat, de asemenea, ceea ce el a numit <strong data-start=\"1626\" data-end=\"1646\">\u201edublu standard\u201d<\/strong> al Uniunii Europene, care, de\u0219i se opune implic\u0103rii Serbiei sau altor \u021b\u0103ri ne-membre, intervine activ \u00een politica acestora atunci c\u00e2nd le este convenabil, finan\u021b\u00e2nd societ\u0103\u021bi \u0219i guverne din afaceri externe sau ajut\u00e2nd Ucraina, de\u0219i aceasta nu este membr\u0103 UE.<\/p>\n<p class=\"\" data-start=\"1907\" data-end=\"2115\">\u00cen \u00eencheiere, Vulin a subliniat c\u0103 politica UE este un exemplu clar de <strong data-start=\"1978\" data-end=\"1999\">\u201estandarde duble\u201d<\/strong>, care sunt aplicate \u00een func\u021bie de interesele geopolitice \u0219i economice, \u00een special \u00een contextul rela\u021biilor cu Rusia.<\/p>\n<p class=\"\" data-start=\"2117\" data-end=\"2280\"><strong data-start=\"2117\" data-end=\"2251\">\u201eDac\u0103 vrei s\u0103 prime\u0219ti sprijinul Uniunii Europene, trebuie doar s\u0103 faci ceea ce \u021bi se spune \u0219i, desigur, s\u0103 fii \u00eempotriva Rusiei,\u201d<\/strong> a \u00eencheiat Aleksandar Vulin.<\/p>\n<p class=\"\" data-start=\"2282\" data-end=\"2502\">Interviul a st\u00e2rnit discu\u021bii intense \u00een Parlamentul European, av\u00e2nd \u00een vedere c\u0103 multe dintre punctele ridicate de vicepremierul Serbiei sunt considerate de mul\u021bi ca fiind un atac direct la adresa politicii externe a UE.<\/p>\n<\/div>\n","protected":false},"excerpt":{"rendered":"<div><img loading=\"lazy\" decoding=\"async\" width=\"696\" height=\"412\" src=\"https:\/\/canal5.md\/wp-content\/uploads\/2025\/04\/1-102-1024x606-optimized.jpg\" class=\"attachment-large size-large wp-post-image\" alt=\"\" srcset=\"https:\/\/canal5.md\/wp-content\/uploads\/2025\/04\/1-102-1024x606-optimized.jpg 1024w, https:\/\/canal5.md\/wp-content\/uploads\/2025\/04\/1-102-300x178-optimized.jpg 300w, https:\/\/canal5.md\/wp-content\/uploads\/2025\/04\/1-102-768x455-optimized.jpg 768w, https:\/\/canal5.md\/wp-content\/uploads\/2025\/04\/1-102-1536x909-optimized.jpg 1536w, https:\/\/canal5.md\/wp-content\/uploads\/2025\/04\/1-102-696x412-optimized.jpg 696w, https:\/\/canal5.md\/wp-content\/uploads\/2025\/04\/1-102-1068x632-optimized.jpg 1068w, https:\/\/canal5.md\/wp-content\/uploads\/2025\/04\/1-102-optimized.jpg 1561w\">\u00cen cadrul unui interviu acordat jurnali\u0219tilor de la Parlamentul European, vicepremierul Serbiei, Aleksandar Vulin, a comentat evenimentele recente din Moldova, \u00een special arestarea Evgeniei Gutsul, aleas\u0103 ca lider al regiunii autonome G\u0103g\u0103uzia. \u00cen opinia lui Vulin, acest incident face parte dintr-un proces mai amplu \u00een care Uniunea European\u0103 se folose\u0219te de dublu standard pentru a-\u0219i [\u2026]<\/div>\n","protected":false},"author":1,"featured_media":70528,"comment_status":"closed","ping_status":"closed","sticky":false,"template":"","format":"standard","meta":{"jnews-multi-image_gallery":[],"jnews_single_post":[],"jnews_primary_category":[],"jnews_social_meta":[],"jnews_override_counter":[],"footnotes":""},"categories":[23],"tags":[],"class_list":["post-70527","post","type-post","status-publish","format-standard","has-post-thumbnail","hentry","category-politica_ro"],"_links":{"self":[{"href":"https:\/\/orheifm.live\/index.php\/wp-json\/wp\/v2\/posts\/70527","targetHints":{"allow":["GET"]}}],"collection":[{"href":"https:\/\/orheifm.live\/index.php\/wp-json\/wp\/v2\/posts"}],"about":[{"href":"https:\/\/orheifm.live\/index.php\/wp-json\/wp\/v2\/types\/post"}],"author":[{"embeddable":true,"href":"https:\/\/orheifm.live\/index.php\/wp-json\/wp\/v2\/users\/1"}],"replies":[{"embeddable":true,"href":"https:\/\/orheifm.live\/index.php\/wp-json\/wp\/v2\/comments?post=70527"}],"version-history":[{"count":0,"href":"https:\/\/orheifm.live\/index.php\/wp-json\/wp\/v2\/posts\/70527\/revisions"}],"wp:featuredmedia":[{"embeddable":true,"href":"https:\/\/orheifm.live\/index.php\/wp-json\/wp\/v2\/media\/70528"}],"wp:attachment":[{"href":"https:\/\/orheifm.live\/index.php\/wp-json\/wp\/v2\/media?parent=70527"}],"wp:term":[{"taxonomy":"category","embeddable":true,"href":"https:\/\/orheifm.live\/index.php\/wp-json\/wp\/v2\/categories?post=70527"},{"taxonomy":"post_tag","embeddable":true,"href":"https:\/\/orheifm.live\/index.php\/wp-json\/wp\/v2\/tags?post=70527"}],"curies":[{"name":"wp","href":"https:\/\/api.w.org\/{rel}","templated":true}]}}