{"id":70523,"date":"2025-04-10T12:30:19","date_gmt":"2025-04-10T09:30:19","guid":{"rendered":"https:\/\/orheifm.live\/index.php\/2025\/04\/10\/rezervistii-armatei-nationale-in-exercitii-militare-la-bulboaca\/"},"modified":"2025-04-10T12:30:19","modified_gmt":"2025-04-10T09:30:19","slug":"rezervistii-armatei-nationale-in-exercitii-militare-la-bulboaca","status":"publish","type":"post","link":"https:\/\/orheifm.live\/index.php\/2025\/04\/10\/rezervistii-armatei-nationale-in-exercitii-militare-la-bulboaca\/","title":{"rendered":"Rezervi\u0219tii Armatei Na\u021bionale, \u00een exerci\u021bii militare la Bulboaca"},"content":{"rendered":"<div>\n<p class=\"\" data-start=\"147\" data-end=\"434\"><strong>\u00cen aceste zile, aproximativ 100 de rezervi\u0219ti din \u00eentreaga \u021bar\u0103 particip\u0103 la un program de instruire militar\u0103 desf\u0103\u0219urat la poligonul Bulboaca, raionul Anenii Noi. Exerci\u021biile au \u00eenceput luni \u0219i vor dura p\u00e2n\u0103 vineri, 11 aprilie, fiind primele antrenamente pentru rezervi\u0219ti din acest an.<\/strong><\/p>\n<p class=\"\" data-start=\"436\" data-end=\"720\">Scopul instruirii este de a verifica nivelul de preg\u0103tire al participan\u021bilor \u0219i de a le actualiza cuno\u0219tin\u021bele privind utilizarea echipamentului \u0219i armamentului modern al Armatei Na\u021bionale. Programul este structurat \u00een trei etape: instruire individual\u0103, colectiv\u0103 \u0219i trageri de lupt\u0103.<\/p>\n<p class=\"\" data-start=\"722\" data-end=\"1140\">Ministrul Ap\u0103r\u0103rii, Anatolie Nosat\u00eei, a men\u021bionat c\u0103 unii rezervi\u0219ti particip\u0103 pentru prima dat\u0103 la astfel de aplica\u021bii, mul\u021bi dintre ei av\u00e2nd anterior doar preg\u0103tire teoretic\u0103 la catedra militar\u0103. La r\u00e2ndul s\u0103u, Vitalie Micov, \u0219eful Marelui Stat Major, a subliniat c\u0103 aceste antrenamente sunt esen\u021biale pentru actualizarea cuno\u0219tin\u021belor rezervi\u0219tilor, av\u00e2nd \u00een vedere c\u0103 unii dintre ei au f\u0103cut armata acum 10\u201315 ani.<\/p>\n<p class=\"\" data-start=\"1142\" data-end=\"1303\">Autorit\u0103\u021bile precizeaz\u0103 c\u0103 astfel de instruiri au loc de c\u00e2teva ori pe an. \u00cen 2025, rezervi\u0219tii vor mai fi chema\u021bi la antrenamente \u0219i \u00een lunile mai \u0219i noiembrie.<\/p>\n<\/div>\n","protected":false},"excerpt":{"rendered":"<div><img loading=\"lazy\" decoding=\"async\" width=\"696\" height=\"458\" src=\"https:\/\/canal5.md\/wp-content\/uploads\/2025\/04\/808236-optimized.webp\" class=\"attachment-large size-large wp-post-image\" alt=\"\" srcset=\"https:\/\/canal5.md\/wp-content\/uploads\/2025\/04\/808236-optimized.webp 760w, https:\/\/canal5.md\/wp-content\/uploads\/2025\/04\/808236-300x197-optimized.webp 300w, https:\/\/canal5.md\/wp-content\/uploads\/2025\/04\/808236-696x458-optimized.webp 696w\">\u00cen aceste zile, aproximativ 100 de rezervi\u0219ti din \u00eentreaga \u021bar\u0103 particip\u0103 la un program de instruire militar\u0103 desf\u0103\u0219urat la poligonul Bulboaca, raionul Anenii Noi. Exerci\u021biile au \u00eenceput luni \u0219i vor dura p\u00e2n\u0103 vineri, 11 aprilie, fiind primele antrenamente pentru rezervi\u0219ti din acest an. Scopul instruirii este de a verifica nivelul de preg\u0103tire al participan\u021bilor \u0219i [\u2026]<\/div>\n","protected":false},"author":1,"featured_media":70524,"comment_status":"closed","ping_status":"closed","sticky":false,"template":"","format":"standard","meta":{"jnews-multi-image_gallery":[],"jnews_single_post":[],"jnews_primary_category":[],"jnews_social_meta":[],"jnews_override_counter":[],"footnotes":""},"categories":[30],"tags":[],"class_list":["post-70523","post","type-post","status-publish","format-standard","has-post-thumbnail","hentry","category-social_ro"],"_links":{"self":[{"href":"https:\/\/orheifm.live\/index.php\/wp-json\/wp\/v2\/posts\/70523","targetHints":{"allow":["GET"]}}],"collection":[{"href":"https:\/\/orheifm.live\/index.php\/wp-json\/wp\/v2\/posts"}],"about":[{"href":"https:\/\/orheifm.live\/index.php\/wp-json\/wp\/v2\/types\/post"}],"author":[{"embeddable":true,"href":"https:\/\/orheifm.live\/index.php\/wp-json\/wp\/v2\/users\/1"}],"replies":[{"embeddable":true,"href":"https:\/\/orheifm.live\/index.php\/wp-json\/wp\/v2\/comments?post=70523"}],"version-history":[{"count":0,"href":"https:\/\/orheifm.live\/index.php\/wp-json\/wp\/v2\/posts\/70523\/revisions"}],"wp:featuredmedia":[{"embeddable":true,"href":"https:\/\/orheifm.live\/index.php\/wp-json\/wp\/v2\/media\/70524"}],"wp:attachment":[{"href":"https:\/\/orheifm.live\/index.php\/wp-json\/wp\/v2\/media?parent=70523"}],"wp:term":[{"taxonomy":"category","embeddable":true,"href":"https:\/\/orheifm.live\/index.php\/wp-json\/wp\/v2\/categories?post=70523"},{"taxonomy":"post_tag","embeddable":true,"href":"https:\/\/orheifm.live\/index.php\/wp-json\/wp\/v2\/tags?post=70523"}],"curies":[{"name":"wp","href":"https:\/\/api.w.org\/{rel}","templated":true}]}}