{"id":70521,"date":"2025-04-10T11:44:42","date_gmt":"2025-04-10T08:44:42","guid":{"rendered":"https:\/\/orheifm.live\/index.php\/2025\/04\/10\/86514\/"},"modified":"2025-04-10T11:44:42","modified_gmt":"2025-04-10T08:44:42","slug":"86514","status":"publish","type":"post","link":"https:\/\/orheifm.live\/index.php\/2025\/04\/10\/86514\/","title":{"rendered":""},"content":{"rendered":"<div>\n<p><strong>Gherman Milonas, un moldovean \u00een v\u00e2rst\u0103 de 25 de ani, a fost re\u021binut \u00een dup\u0103-amiaza zilei de 4 aprilie. Autorit\u0103\u021bile au ajuns la el dup\u0103 ce ar fi incendiat dou\u0103 dulapuri de deconectare a re\u021belei de contact \u00een zona sta\u021biei \u201ePodlipki-Da\u0219n\u00eee\u201d.<\/strong><\/p>\n<p>Milonas a fost identificat cu ajutorul camerelor de supraveghere, iar traseul s\u0103u a fost urm\u0103rit p\u00e2n\u0103 c\u00e2nd a fost re\u021binut \u00eentr-un hotel din Liuber\u021b\u00ee.<\/p>\n<p>La perchezi\u021bionarea telefonului s\u0103u, anchetatorii au descoperit videoclipuri \u00een care se vede cum incendiaz\u0103 turnuri de telefonie mobil\u0103 \u00een Krasnogorsk \u0219i Liuber\u021b\u00ee. Confruntat cu probele, t\u00e2n\u0103rul \u0219i-a recunoscut vina.<\/p>\n<p>El a declarat c\u0103 a executat sarcini primite de la coordonatori din Ucraina, primind 300 de dolari pentru fiecare incendiu. \u00cen total, Milonas ar fi c\u00e2\u0219tigat 1.500 de dolari, bani primi\u021bi \u00een criptomoned\u0103 \u0219i ulterior transfera\u021bi pe cardul s\u0103u bancar.<\/p>\n<p>\u00cen prezent, t\u00e2n\u0103rul este re\u021binut, iar pe numele s\u0103u a fost deschis un dosar penal pentru act de terorism, conform articolului 205 din Codul Penal al Federa\u021biei Ruse.<\/p>\n<\/div>\n","protected":false},"excerpt":{"rendered":"<div><img loading=\"lazy\" decoding=\"async\" width=\"696\" height=\"398\" src=\"https:\/\/canal5.md\/wp-content\/uploads\/2025\/04\/snimok-ekrana_10-4-2025_114142_canal5.md_-1024x586-optimized.jpeg\" class=\"attachment-large size-large wp-post-image\" alt=\"\" srcset=\"https:\/\/canal5.md\/wp-content\/uploads\/2025\/04\/snimok-ekrana_10-4-2025_114142_canal5.md_-1024x586-optimized.jpeg 1024w, https:\/\/canal5.md\/wp-content\/uploads\/2025\/04\/snimok-ekrana_10-4-2025_114142_canal5.md_-300x172-optimized.jpeg 300w, https:\/\/canal5.md\/wp-content\/uploads\/2025\/04\/snimok-ekrana_10-4-2025_114142_canal5.md_-768x439-optimized.jpeg 768w, https:\/\/canal5.md\/wp-content\/uploads\/2025\/04\/snimok-ekrana_10-4-2025_114142_canal5.md_-1536x878-optimized.jpeg 1536w, https:\/\/canal5.md\/wp-content\/uploads\/2025\/04\/snimok-ekrana_10-4-2025_114142_canal5.md_-2048x1171-optimized.jpeg 2048w, https:\/\/canal5.md\/wp-content\/uploads\/2025\/04\/snimok-ekrana_10-4-2025_114142_canal5.md_-696x398-optimized.jpeg 696w, https:\/\/canal5.md\/wp-content\/uploads\/2025\/04\/snimok-ekrana_10-4-2025_114142_canal5.md_-1068x611-optimized.jpeg 1068w, https:\/\/canal5.md\/wp-content\/uploads\/2025\/04\/snimok-ekrana_10-4-2025_114142_canal5.md_-1920x1098-optimized.jpeg 1920w\">Gherman Milonas, un moldovean \u00een v\u00e2rst\u0103 de 25 de ani, a fost re\u021binut \u00een dup\u0103-amiaza zilei de 4 aprilie. Autorit\u0103\u021bile au ajuns la el dup\u0103 ce ar fi incendiat dou\u0103 dulapuri de deconectare a re\u021belei de contact \u00een zona sta\u021biei \u201ePodlipki-Da\u0219n\u00eee\u201d. Milonas a fost identificat cu ajutorul camerelor de supraveghere, iar traseul s\u0103u a fost [\u2026]<\/div>\n","protected":false},"author":1,"featured_media":70522,"comment_status":"closed","ping_status":"closed","sticky":false,"template":"","format":"standard","meta":{"jnews-multi-image_gallery":[],"jnews_single_post":[],"jnews_primary_category":[],"jnews_social_meta":[],"jnews_override_counter":[],"footnotes":""},"categories":[30],"tags":[],"class_list":["post-70521","post","type-post","status-publish","format-standard","has-post-thumbnail","hentry","category-social_ro"],"_links":{"self":[{"href":"https:\/\/orheifm.live\/index.php\/wp-json\/wp\/v2\/posts\/70521","targetHints":{"allow":["GET"]}}],"collection":[{"href":"https:\/\/orheifm.live\/index.php\/wp-json\/wp\/v2\/posts"}],"about":[{"href":"https:\/\/orheifm.live\/index.php\/wp-json\/wp\/v2\/types\/post"}],"author":[{"embeddable":true,"href":"https:\/\/orheifm.live\/index.php\/wp-json\/wp\/v2\/users\/1"}],"replies":[{"embeddable":true,"href":"https:\/\/orheifm.live\/index.php\/wp-json\/wp\/v2\/comments?post=70521"}],"version-history":[{"count":0,"href":"https:\/\/orheifm.live\/index.php\/wp-json\/wp\/v2\/posts\/70521\/revisions"}],"wp:featuredmedia":[{"embeddable":true,"href":"https:\/\/orheifm.live\/index.php\/wp-json\/wp\/v2\/media\/70522"}],"wp:attachment":[{"href":"https:\/\/orheifm.live\/index.php\/wp-json\/wp\/v2\/media?parent=70521"}],"wp:term":[{"taxonomy":"category","embeddable":true,"href":"https:\/\/orheifm.live\/index.php\/wp-json\/wp\/v2\/categories?post=70521"},{"taxonomy":"post_tag","embeddable":true,"href":"https:\/\/orheifm.live\/index.php\/wp-json\/wp\/v2\/tags?post=70521"}],"curies":[{"name":"wp","href":"https:\/\/api.w.org\/{rel}","templated":true}]}}