{"id":70406,"date":"2025-04-08T18:22:22","date_gmt":"2025-04-08T15:22:22","guid":{"rendered":"https:\/\/orheifm.live\/index.php\/2025\/04\/08\/acrofest-2025-un-festival-al-muncii-emotiilor-si-visurilor-pe-scena\/"},"modified":"2025-04-08T18:22:22","modified_gmt":"2025-04-08T15:22:22","slug":"acrofest-2025-un-festival-al-muncii-emotiilor-si-visurilor-pe-scena","status":"publish","type":"post","link":"https:\/\/orheifm.live\/index.php\/2025\/04\/08\/acrofest-2025-un-festival-al-muncii-emotiilor-si-visurilor-pe-scena\/","title":{"rendered":"AcroFEST 2025: Un festival al muncii, emo\u021biilor \u0219i visurilor pe scen\u0103"},"content":{"rendered":"<div>\n<p class=\"\" data-start=\"203\" data-end=\"569\"><strong>Peste 350 de copii \u0219i adolescen\u021bi din \u00eentreaga \u021bar\u0103 s-au adunat pe 5 \u0219i 6 aprilie la concursului AcroFEST, organizat de re\u021beaua de gimnastic\u0103 <em data-start=\"355\" data-end=\"366\">Sant\u00e9 Gym<\/em>. Evenimentul, desf\u0103\u0219urat pe parcursul a dou\u0103 zile, a reunit at\u00e2t sportivi \u00eencep\u0103tori, c\u00e2t \u0219i performeri avansa\u021bi, \u00een cadrul unui festival dedicat gimnasticii, dansului \u0219i, mai presus de toate, pasiunii.<\/strong><\/p>\n<p class=\"\" data-start=\"571\" data-end=\"1220\">Rodica \u0218alari, fondatoarea centrului <em data-start=\"608\" data-end=\"619\">Sant\u00e9 Gym<\/em> \u0219i ini\u021biatoarea concursului, a declarat c\u0103 scopul principal este de a oferi copiilor un spa\u021biu unde s\u0103 poat\u0103 evolua, iar p\u0103rin\u021bilor \u2013 \u0219ansa de a deveni sprijinul lor de baz\u0103.<\/p>\n<p><em>\u201ePentru \u00eencep\u0103tori, AcroFEST e o ramp\u0103 de lansare spre competi\u021bii mai mari. Pentru avansa\u021bi \u2013 o oportunitate de analiz\u0103 a progresului,\u201d a explicat ea.<\/em><\/p>\n<p data-start=\"571\" data-end=\"1220\"><img loading=\"lazy\" decoding=\"async\" class=\"alignnone wp-image-86071 size-large\" src=\"https:\/\/orheifm.live\/wp-content\/uploads\/2025\/04\/0d0a4364-1024x683-optimized.jpg\" alt=\"\" width=\"696\" height=\"464\" srcset=\"https:\/\/orheifm.live\/wp-content\/uploads\/2025\/04\/0d0a4364-1024x683-optimized.jpg 1024w, https:\/\/canal5.md\/wp-content\/uploads\/2025\/04\/0d0a4364-300x200-optimized.jpg 300w, https:\/\/canal5.md\/wp-content\/uploads\/2025\/04\/0d0a4364-768x513-optimized.jpg 768w, https:\/\/canal5.md\/wp-content\/uploads\/2025\/04\/0d0a4364-1536x1025-optimized.jpg 1536w, https:\/\/canal5.md\/wp-content\/uploads\/2025\/04\/0d0a4364-2048x1367-optimized.jpg 2048w, https:\/\/canal5.md\/wp-content\/uploads\/2025\/04\/0d0a4364-696x465-optimized.jpg 696w, https:\/\/canal5.md\/wp-content\/uploads\/2025\/04\/0d0a4364-1068x713-optimized.jpg 1068w, https:\/\/canal5.md\/wp-content\/uploads\/2025\/04\/0d0a4364-1920x1281-optimized.jpg 1920w\" sizes=\"auto, (max-width: 696px) 100vw, 696px\"><\/p>\n<p>Concuren\u021bii au fost \u00eemp\u0103r\u021bi\u021bi \u00een categorii de v\u00e2rst\u0103 \u0219i nivel, urc\u00e2nd pe scen\u0103 \u00een forma\u021bii de solo, duet, trio \u0219i cvartet. Micii \u0219i marii sportivi au prezentat coregrafii variate \u2013 de la gimnastic\u0103 ritmic\u0103 \u0219i dans clasic, p\u00e2n\u0103 la acro dans, majorete \u0219i fantezie coregrafic\u0103.<\/p>\n<p class=\"\" data-start=\"1222\" data-end=\"1820\">\u00cen spatele spectacolului s-a aflat o munc\u0103 enorm\u0103, mai ales cu cei mai mici participan\u021bi.<\/p>\n<p>Antrenoarea Nicoleta Carau\u0219, responsabil\u0103 de grupele din Telecentru \u0219i Str\u0103\u0219eni, a povestit c\u0103 cele mai mari provoc\u0103ri au fost la preg\u0103tirea \u00eencep\u0103torilor, unde pe l\u00e2ng\u0103 antrenamente a fost nevoie de mult\u0103 sus\u021binere emo\u021bional\u0103 \u0219i \u00eencurajare.<\/p>\n<p><em>\u201eCei care vin constant la antrenamente progreseaz\u0103 vizibil. Chiar dac\u0103 nu to\u021bi iau premii, important este c\u0103 particip\u0103 \u0219i \u00eenva\u021b\u0103,\u201d a spus ea.<\/em><\/p>\n<p><img loading=\"lazy\" decoding=\"async\" class=\"alignnone wp-image-86072 size-large\" src=\"https:\/\/orheifm.live\/wp-content\/uploads\/2025\/04\/photo_2025-04-08_17-11-38-948x1024-optimized.jpg\" alt=\"\" width=\"696\" height=\"752\" srcset=\"https:\/\/orheifm.live\/wp-content\/uploads\/2025\/04\/photo_2025-04-08_17-11-38-948x1024-optimized.jpg 948w, https:\/\/canal5.md\/wp-content\/uploads\/2025\/04\/photo_2025-04-08_17-11-38-278x300-optimized.jpg 278w, https:\/\/canal5.md\/wp-content\/uploads\/2025\/04\/photo_2025-04-08_17-11-38-768x830-optimized.jpg 768w, https:\/\/canal5.md\/wp-content\/uploads\/2025\/04\/photo_2025-04-08_17-11-38-696x752-optimized.jpg 696w, https:\/\/canal5.md\/wp-content\/uploads\/2025\/04\/photo_2025-04-08_17-11-38-1068x1154-optimized.jpg 1068w, https:\/\/canal5.md\/wp-content\/uploads\/2025\/04\/photo_2025-04-08_17-11-38-optimized.jpg 1185w\" sizes=\"auto, (max-width: 696px) 100vw, 696px\"><\/p>\n<p>Daniela Perju, supervizorul echipei de antrenori, a men\u021bionat c\u0103 lucrul al\u0103turi de o echip\u0103 dedicat\u0103 \u0219i deschis\u0103 a fost o adev\u0103rat\u0103 satisfac\u021bie.<\/p>\n<p class=\"\" data-start=\"1822\" data-end=\"2428\">Pentru Valeria Molnic, antrenoare din S\u00eengerei, provocarea a fost sincronizarea echipelor:<\/p>\n<p><em>\u201eCopiii au fost foarte motiva\u021bi. Ne-am antrenat de patru ori pe s\u0103pt\u0103m\u00e2n\u0103, dar f\u0103r\u0103 munc\u0103 \u0219i implicare nu se poate ob\u021bine nimic.\u201d<\/em><\/p>\n<p>Din Ungheni, T\u00e2rs\u00e2n\u0103 Victoria a venit cu copii din mai multe categorii \u0219i niveluri, recunosc\u00e2nd c\u0103 cel mai greu a fost s\u0103-i men\u021bin\u0103 pe to\u021bi concentra\u021bi \u0219i implica\u021bi.<\/p>\n<p>\u201ePrin munc\u0103 omul este sl\u0103vit,\u201d a ad\u0103ugat ea.<\/p>\n<p><em>Iana Rotaru, antrenoare pentru grupa 4-6 ani, recunoa\u0219te c\u0103 uneori ea avea mai multe emo\u021bii dec\u00e2t copiii: \u201e\u00cei \u00eenv\u0103\u021b\u0103m s\u0103 ias\u0103 pe scen\u0103 cu fruntea sus, chiar dac\u0103 le este fric\u0103.\u201d<\/em><\/p>\n<p><img loading=\"lazy\" decoding=\"async\" class=\"alignnone wp-image-86073 size-large\" src=\"https:\/\/orheifm.live\/wp-content\/uploads\/2025\/04\/photo_2025-04-08_16-31-06-2-768x1024-optimized.jpg\" alt=\"\" width=\"696\" height=\"928\" srcset=\"https:\/\/orheifm.live\/wp-content\/uploads\/2025\/04\/photo_2025-04-08_16-31-06-2-768x1024-optimized.jpg 768w, https:\/\/canal5.md\/wp-content\/uploads\/2025\/04\/photo_2025-04-08_16-31-06-2-225x300-optimized.jpg 225w, https:\/\/canal5.md\/wp-content\/uploads\/2025\/04\/photo_2025-04-08_16-31-06-2-696x928-optimized.jpg 696w, https:\/\/canal5.md\/wp-content\/uploads\/2025\/04\/photo_2025-04-08_16-31-06-2-optimized.jpg 960w\" sizes=\"auto, (max-width: 696px) 100vw, 696px\"><\/p>\n<p class=\"\" data-start=\"2430\" data-end=\"3109\">Copiii au fost, desigur, \u00een centrul aten\u021biei \u2013 \u0219i nu doar prin presta\u021bia lor artistic\u0103, ci \u0219i prin sinceritatea \u0219i curajul cu care au vorbit despre emo\u021biile lor.<\/p>\n<p class=\"\" data-start=\"69\" data-end=\"317\"><em>\u201eM\u0103 numesc Arianna Ioni\u021b\u0103, am 10 ani \u0219i practic gimnastica de trei ani,\u201d a declarat una dintre participante. \u201ePentru acest campionat m-am antrenat mai intens dec\u00e2t de obicei \u0219i am inclus \u00een program elemente mai dificile, ca s\u0103 fie mai spectaculos.\u201d<\/em><\/p>\n<p data-start=\"69\" data-end=\"317\"><img loading=\"lazy\" decoding=\"async\" class=\"alignnone wp-image-86074 size-large\" src=\"https:\/\/orheifm.live\/wp-content\/uploads\/2025\/04\/photo_2025-04-08_17-13-28-768x1024-optimized.jpg\" alt=\"\" width=\"696\" height=\"928\" srcset=\"https:\/\/orheifm.live\/wp-content\/uploads\/2025\/04\/photo_2025-04-08_17-13-28-768x1024-optimized.jpg 768w, https:\/\/canal5.md\/wp-content\/uploads\/2025\/04\/photo_2025-04-08_17-13-28-225x300-optimized.jpg 225w, https:\/\/canal5.md\/wp-content\/uploads\/2025\/04\/photo_2025-04-08_17-13-28-696x928-optimized.jpg 696w, https:\/\/canal5.md\/wp-content\/uploads\/2025\/04\/photo_2025-04-08_17-13-28-optimized.jpg 960w\" sizes=\"auto, (max-width: 696px) 100vw, 696px\"><\/p>\n<p class=\"\" data-start=\"319\" data-end=\"650\">\u00centrebat\u0103 dac\u0103 preg\u0103tirea a fost dificil\u0103, Arianna a recunoscut c\u0103 uneori obose\u0219te la antrenamente, dar revine de fiecare dat\u0103 cu motiva\u021bie: <em>\u201eVin pentru c\u0103 vreau s\u0103 fiu mai flexibil\u0103 \u0219i s\u0103 ob\u021bin rezultate mai bune. Chiar dac\u0103 nu iau locul \u00eent\u00e2i, m\u0103 bucur c\u0103 am participat. Totu\u0219i, mereu m\u0103 str\u0103duiesc s\u0103 fiu printre cei mai buni.\u201d<\/em><\/p>\n<p class=\"\" data-start=\"3323\" data-end=\"3415\">Mama Ariannei,\u00a0 este convins\u0103 c\u0103 sus\u021binerea emo\u021bional\u0103 conteaz\u0103 cel mai mult:<\/p>\n<p class=\"\" data-start=\"83\" data-end=\"363\"><em>\u201eFeti\u021ba mea se motiveaz\u0103 singur\u0103, mai ales c\u00e2nd se apropie campionatele,\u201d<\/em> spune Olesea, mama uneia dintre concurente.<\/p>\n<p><em>\u201eSunt zile lungi, cu antrenamente intense \u0219i emo\u021bii mari, dar, chiar dac\u0103 nu ia locul \u00eent\u00e2i, o sus\u021binem mereu. Cel mai important e c\u0103 munce\u0219te pentru ea \u00eens\u0103\u0219i.\u201d<\/em><\/p>\n<p class=\"\" data-start=\"365\" data-end=\"632\">Olesea poveste\u0219te c\u0103 \u00eencearc\u0103 s\u0103-i ofere mereu calm \u0219i \u00eencredere, mai ales \u00een momentele dificile:<br \/>\n<br data-start=\"463\" data-end=\"466\"><em>\u201eI-am spus azi: Concentreaz\u0103-te pe dans, nu te uita \u00een jur, emo\u021biile se pot controla. Chiar dac\u0103 nu c\u00e2\u0219tig\u0103, conteaz\u0103 c\u0103 a evoluat \u0219i s-a preg\u0103tit cu seriozitate.\u201d<\/em><\/p>\n<p class=\"\" data-start=\"83\" data-end=\"330\">O alt\u0103 m\u0103mic\u0103 ne-a povestit cum o simpl\u0103 nevoie de s\u0103n\u0103tate s-a transformat, \u00een timp, \u00eentr-o pasiune adev\u0103rat\u0103.<\/p>\n<p>\u201eDavid are \u0219apte ani \u0219i practic\u0103 gimnastica de la cinci. Este singurul b\u0103iat din echip\u0103, dar se simte \u00een largul lui \u0219i \u00eei place scena,\u201d poveste\u0219te mama lui, Valentina \u021aurcan.<\/p>\n<p><em>\u201eA \u00eenceput dintr-o nevoie pentru s\u0103n\u0103tate \u0219i a devenit o pasiune.\u201d<\/em><\/p>\n<p class=\"\" data-start=\"332\" data-end=\"519\"><em>Chiar dac\u0103 are un program \u00eenc\u0103rcat, cu fotbal \u0219i gimnastic\u0103, David nu renun\u021b\u0103: \u201e\u00cei place competi\u021bia, se bucur\u0103 c\u00e2nd \u00eenva\u021b\u0103 elemente noi \u2013 acas\u0103 tot apartamentul devine sal\u0103 de exerci\u021bii.\u201d<\/em><\/p>\n<p class=\"\" data-start=\"332\" data-end=\"519\"><img loading=\"lazy\" decoding=\"async\" class=\"alignnone wp-image-86075 size-large\" src=\"https:\/\/orheifm.live\/wp-content\/uploads\/2025\/04\/photo_2025-04-08_16-31-07-2-1024x768-optimized.jpg\" alt=\"\" width=\"696\" height=\"522\" srcset=\"https:\/\/orheifm.live\/wp-content\/uploads\/2025\/04\/photo_2025-04-08_16-31-07-2-1024x768-optimized.jpg 1024w, https:\/\/canal5.md\/wp-content\/uploads\/2025\/04\/photo_2025-04-08_16-31-07-2-300x225-optimized.jpg 300w, https:\/\/canal5.md\/wp-content\/uploads\/2025\/04\/photo_2025-04-08_16-31-07-2-768x576-optimized.jpg 768w, https:\/\/canal5.md\/wp-content\/uploads\/2025\/04\/photo_2025-04-08_16-31-07-2-696x522-optimized.jpg 696w, https:\/\/canal5.md\/wp-content\/uploads\/2025\/04\/photo_2025-04-08_16-31-07-2-1068x801-optimized.jpg 1068w, https:\/\/canal5.md\/wp-content\/uploads\/2025\/04\/photo_2025-04-08_16-31-07-2-optimized.jpg 1280w\" sizes=\"auto, (max-width: 696px) 100vw, 696px\"><\/p>\n<p>Ruslan Nichifor, antrenor la Aerodinamica, lucreaz\u0103 at\u00e2t cu b\u0103ie\u021bi, c\u00e2t \u0219i cu fete, trat\u00e2ndu-i pe to\u021bi la fel \u0219i oferindu-le acelea\u0219i oportunit\u0103\u021bi de a evolua.<\/p>\n<p class=\"\" data-start=\"80\" data-end=\"401\">\u201ePentru mine nu exist\u0103 diferen\u021b\u0103 \u00eentre a antrena b\u0103ie\u021bi sau fete,\u201d spune Ruslan Nichifor, antrenor la Aerodinamica.<\/p>\n<p>\u201eM\u0103 uit la to\u021bi la fel \u0219i m\u0103 concentrez pe rezultate. \u00cen gimnastic\u0103, at\u00e2t b\u0103ie\u021bii, c\u00e2t \u0219i fetele trebuie s\u0103 aib\u0103 calit\u0103\u021bile motrice bine dezvoltate, iar antrenamentele sunt la fel de dificile pentru to\u021bi.\u201d<\/p>\n<p class=\"\" data-start=\"403\" data-end=\"617\">\u201eEmo\u021biile sunt o provocare, mai ales \u00een competi\u021bii,\u201d adaug\u0103 el. \u201eDar prin preg\u0103tire \u0219i experien\u021b\u0103, trecem peste ele. Participarea este important\u0103, pentru c\u0103 ea aduce \u00eenv\u0103\u021b\u0103minte valoroase \u0219i ne ajut\u0103 s\u0103 progres\u0103m.\u201d<\/p>\n<p>\u00centr-o discu\u021bie despre cum \u00ee\u0219i motiveaz\u0103 copiii pentru competi\u021bii, Zagorudco Diana, mama Aurorei, poveste\u0219te despre pasiunea fiicei sale pentru gimnastic\u0103 \u0219i despre provoc\u0103rile \u00eent\u00e2mpinate \u00een preg\u0103tirea pentru concursuri.<\/p>\n<p>\u201eAurora are 9 ani \u0219i face gimnastic\u0103 de 2 ani. Este foarte motivat\u0103, \u00eei place mult s\u0103 fac\u0103 gimnastic\u0103, mai ales dup\u0103 ce a \u00eencercat \u0219i dansurile. De c\u00e2nd a \u00eenceput cercul de gimnastic\u0103 \u00een S\u00eengerei, a \u0219tiut c\u0103 vrea s\u0103 urmeze aceast\u0103 cale,\u201d poveste\u0219te mama Diana.<\/p>\n<p>\u201ePreg\u0103tirea pentru campionat a fost dificil\u0103 din cauza lipsei de timp.\u00a0 Participarea este important\u0103 pentru noi, iar din fiecare competi\u021bie \u00eenv\u0103\u021b\u0103m \u0219i cre\u0219tem.\u201d<\/p>\n<p>De\u0219i este b\u0103iat \u00een echip\u0103 de fete, P\u00eeslaru Cazimir se simte foarte bine \u00een colectiv \u0219i este pasionat de gimnastic\u0103.<\/p>\n<p>\u201eAm 9 ani \u0219i fac gimnastic\u0103 de 3 ani. Mie \u00eemi place foarte mult \u0219i niciodat\u0103 nu am lenevit s\u0103 merg la antrenamente,\u201d poveste\u0219te t\u00e2n\u0103rul gimnast.<\/p>\n<p>\u201eCel mai greu pentru mine este saltul \u00eenapoi, dar depun efort \u0219i mi se preime\u0219te. C\u00e2nd ob\u021bin locuri de frunte, p\u0103rin\u021bii mei sunt foarte ferici\u021bi \u0219i m\u0103 r\u0103spl\u0103tesc cu o surpriz\u0103,\u201d adaug\u0103 Cazimir.<\/p>\n<p class=\"\" data-start=\"3111\" data-end=\"3539\">AcroFEST a fost mai mult dec\u00e2t un concurs \u2013 a fost o celebrare a progresului, a muncii de echip\u0103 \u0219i a bucuriei de a fi pe scen\u0103. Emo\u021biile s-au transformat \u00een aplauze, iar z\u00e2mbetele copiilor au fost cea mai sincer\u0103 r\u0103splat\u0103 pentru to\u021bi cei implica\u021bi.<\/p>\n<p>Organizatorii promit \u0219i alte edi\u021bii la fel de vii \u0219i emo\u021bionante, pentru c\u0103 \u2013 a\u0219a cum spunea Rodica \u0218alari \u2013 \u201enu conteaz\u0103 locul pe care-l ocupi, ci experien\u021ba pe care o c\u00e2\u0219tigi.\u201d<\/p>\n<p><img loading=\"lazy\" decoding=\"async\" class=\"alignnone wp-image-86076 size-large\" src=\"https:\/\/orheifm.live\/wp-content\/uploads\/2025\/04\/0d0a4551-1024x683-optimized.jpg\" alt=\"\" width=\"696\" height=\"464\" srcset=\"https:\/\/orheifm.live\/wp-content\/uploads\/2025\/04\/0d0a4551-1024x683-optimized.jpg 1024w, https:\/\/canal5.md\/wp-content\/uploads\/2025\/04\/0d0a4551-300x200-optimized.jpg 300w, https:\/\/canal5.md\/wp-content\/uploads\/2025\/04\/0d0a4551-768x513-optimized.jpg 768w, https:\/\/canal5.md\/wp-content\/uploads\/2025\/04\/0d0a4551-1536x1025-optimized.jpg 1536w, https:\/\/canal5.md\/wp-content\/uploads\/2025\/04\/0d0a4551-2048x1367-optimized.jpg 2048w, https:\/\/canal5.md\/wp-content\/uploads\/2025\/04\/0d0a4551-696x464-optimized.jpg 696w, https:\/\/canal5.md\/wp-content\/uploads\/2025\/04\/0d0a4551-1068x713-optimized.jpg 1068w, https:\/\/canal5.md\/wp-content\/uploads\/2025\/04\/0d0a4551-1920x1281-optimized.jpg 1920w\" sizes=\"auto, (max-width: 696px) 100vw, 696px\"> <img loading=\"lazy\" decoding=\"async\" class=\"alignnone wp-image-86077 size-large\" src=\"https:\/\/orheifm.live\/wp-content\/uploads\/2025\/04\/0d0a4689-1024x683-optimized.jpg\" alt=\"\" width=\"696\" height=\"464\" srcset=\"https:\/\/orheifm.live\/wp-content\/uploads\/2025\/04\/0d0a4689-1024x683-optimized.jpg 1024w, https:\/\/canal5.md\/wp-content\/uploads\/2025\/04\/0d0a4689-300x200-optimized.jpg 300w, https:\/\/canal5.md\/wp-content\/uploads\/2025\/04\/0d0a4689-768x512-optimized.jpg 768w, https:\/\/canal5.md\/wp-content\/uploads\/2025\/04\/0d0a4689-1536x1025-optimized.jpg 1536w, https:\/\/canal5.md\/wp-content\/uploads\/2025\/04\/0d0a4689-2048x1366-optimized.jpg 2048w, https:\/\/canal5.md\/wp-content\/uploads\/2025\/04\/0d0a4689-696x464-optimized.jpg 696w, https:\/\/canal5.md\/wp-content\/uploads\/2025\/04\/0d0a4689-1068x713-optimized.jpg 1068w, https:\/\/canal5.md\/wp-content\/uploads\/2025\/04\/0d0a4689-1920x1281-optimized.jpg 1920w\" sizes=\"auto, (max-width: 696px) 100vw, 696px\"> <img loading=\"lazy\" decoding=\"async\" class=\"alignnone wp-image-86078 size-large\" src=\"https:\/\/orheifm.live\/wp-content\/uploads\/2025\/04\/0d0a4804-1024x683-optimized.jpg\" alt=\"\" width=\"696\" height=\"464\" srcset=\"https:\/\/orheifm.live\/wp-content\/uploads\/2025\/04\/0d0a4804-1024x683-optimized.jpg 1024w, https:\/\/canal5.md\/wp-content\/uploads\/2025\/04\/0d0a4804-300x200-optimized.jpg 300w, https:\/\/canal5.md\/wp-content\/uploads\/2025\/04\/0d0a4804-768x512-optimized.jpg 768w, https:\/\/canal5.md\/wp-content\/uploads\/2025\/04\/0d0a4804-1536x1025-optimized.jpg 1536w, https:\/\/canal5.md\/wp-content\/uploads\/2025\/04\/0d0a4804-2048x1366-optimized.jpg 2048w, https:\/\/canal5.md\/wp-content\/uploads\/2025\/04\/0d0a4804-696x464-optimized.jpg 696w, https:\/\/canal5.md\/wp-content\/uploads\/2025\/04\/0d0a4804-1068x712-optimized.jpg 1068w, https:\/\/canal5.md\/wp-content\/uploads\/2025\/04\/0d0a4804-1920x1281-optimized.jpg 1920w\" sizes=\"auto, (max-width: 696px) 100vw, 696px\"> <img loading=\"lazy\" decoding=\"async\" class=\"alignnone wp-image-86079 size-large\" src=\"https:\/\/orheifm.live\/wp-content\/uploads\/2025\/04\/0d0a5277-1024x683-optimized.jpg\" alt=\"\" width=\"696\" height=\"464\" srcset=\"https:\/\/orheifm.live\/wp-content\/uploads\/2025\/04\/0d0a5277-1024x683-optimized.jpg 1024w, https:\/\/canal5.md\/wp-content\/uploads\/2025\/04\/0d0a5277-300x200-optimized.jpg 300w, https:\/\/canal5.md\/wp-content\/uploads\/2025\/04\/0d0a5277-768x512-optimized.jpg 768w, https:\/\/canal5.md\/wp-content\/uploads\/2025\/04\/0d0a5277-1536x1025-optimized.jpg 1536w, https:\/\/canal5.md\/wp-content\/uploads\/2025\/04\/0d0a5277-2048x1366-optimized.jpg 2048w, https:\/\/canal5.md\/wp-content\/uploads\/2025\/04\/0d0a5277-696x464-optimized.jpg 696w, https:\/\/canal5.md\/wp-content\/uploads\/2025\/04\/0d0a5277-1068x712-optimized.jpg 1068w, https:\/\/canal5.md\/wp-content\/uploads\/2025\/04\/0d0a5277-1920x1281-optimized.jpg 1920w\" sizes=\"auto, (max-width: 696px) 100vw, 696px\"> <img loading=\"lazy\" decoding=\"async\" class=\"alignnone wp-image-86080 size-large\" src=\"https:\/\/orheifm.live\/wp-content\/uploads\/2025\/04\/0d0a5290-1024x683-optimized.jpg\" alt=\"\" width=\"696\" height=\"464\" srcset=\"https:\/\/orheifm.live\/wp-content\/uploads\/2025\/04\/0d0a5290-1024x683-optimized.jpg 1024w, https:\/\/canal5.md\/wp-content\/uploads\/2025\/04\/0d0a5290-300x200-optimized.jpg 300w, https:\/\/canal5.md\/wp-content\/uploads\/2025\/04\/0d0a5290-768x512-optimized.jpg 768w, https:\/\/canal5.md\/wp-content\/uploads\/2025\/04\/0d0a5290-1536x1025-optimized.jpg 1536w, https:\/\/canal5.md\/wp-content\/uploads\/2025\/04\/0d0a5290-2048x1366-optimized.jpg 2048w, https:\/\/canal5.md\/wp-content\/uploads\/2025\/04\/0d0a5290-696x464-optimized.jpg 696w, https:\/\/canal5.md\/wp-content\/uploads\/2025\/04\/0d0a5290-1068x712-optimized.jpg 1068w, https:\/\/canal5.md\/wp-content\/uploads\/2025\/04\/0d0a5290-1920x1281-optimized.jpg 1920w\" sizes=\"auto, (max-width: 696px) 100vw, 696px\"> <img loading=\"lazy\" decoding=\"async\" class=\"alignnone wp-image-86081 size-large\" src=\"https:\/\/orheifm.live\/wp-content\/uploads\/2025\/04\/0d0a7309-1024x683-optimized.jpg\" alt=\"\" width=\"696\" height=\"464\" srcset=\"https:\/\/orheifm.live\/wp-content\/uploads\/2025\/04\/0d0a7309-1024x683-optimized.jpg 1024w, https:\/\/canal5.md\/wp-content\/uploads\/2025\/04\/0d0a7309-300x200-optimized.jpg 300w, https:\/\/canal5.md\/wp-content\/uploads\/2025\/04\/0d0a7309-768x512-optimized.jpg 768w, https:\/\/canal5.md\/wp-content\/uploads\/2025\/04\/0d0a7309-1536x1024-optimized.jpg 1536w, https:\/\/canal5.md\/wp-content\/uploads\/2025\/04\/0d0a7309-2048x1366-optimized.jpg 2048w, https:\/\/canal5.md\/wp-content\/uploads\/2025\/04\/0d0a7309-696x464-optimized.jpg 696w, https:\/\/canal5.md\/wp-content\/uploads\/2025\/04\/0d0a7309-1068x712-optimized.jpg 1068w, https:\/\/canal5.md\/wp-content\/uploads\/2025\/04\/0d0a7309-1920x1280-optimized.jpg 1920w\" sizes=\"auto, (max-width: 696px) 100vw, 696px\"> <img loading=\"lazy\" decoding=\"async\" class=\"alignnone wp-image-86082 size-large\" src=\"https:\/\/orheifm.live\/wp-content\/uploads\/2025\/04\/0d0a7478-1024x683-optimized.jpg\" alt=\"\" width=\"696\" height=\"464\" srcset=\"https:\/\/orheifm.live\/wp-content\/uploads\/2025\/04\/0d0a7478-1024x683-optimized.jpg 1024w, https:\/\/canal5.md\/wp-content\/uploads\/2025\/04\/0d0a7478-300x200-optimized.jpg 300w, https:\/\/canal5.md\/wp-content\/uploads\/2025\/04\/0d0a7478-768x512-optimized.jpg 768w, https:\/\/canal5.md\/wp-content\/uploads\/2025\/04\/0d0a7478-1536x1024-optimized.jpg 1536w, https:\/\/canal5.md\/wp-content\/uploads\/2025\/04\/0d0a7478-2048x1366-optimized.jpg 2048w, https:\/\/canal5.md\/wp-content\/uploads\/2025\/04\/0d0a7478-696x464-optimized.jpg 696w, https:\/\/canal5.md\/wp-content\/uploads\/2025\/04\/0d0a7478-1068x712-optimized.jpg 1068w, https:\/\/canal5.md\/wp-content\/uploads\/2025\/04\/0d0a7478-1920x1280-optimized.jpg 1920w\" sizes=\"auto, (max-width: 696px) 100vw, 696px\"> <img loading=\"lazy\" decoding=\"async\" class=\"alignnone wp-image-86083 size-large\" src=\"https:\/\/orheifm.live\/wp-content\/uploads\/2025\/04\/0d0a4345-1024x683-optimized.jpg\" alt=\"\" width=\"696\" height=\"464\" srcset=\"https:\/\/orheifm.live\/wp-content\/uploads\/2025\/04\/0d0a4345-1024x683-optimized.jpg 1024w, https:\/\/canal5.md\/wp-content\/uploads\/2025\/04\/0d0a4345-300x200-optimized.jpg 300w, https:\/\/canal5.md\/wp-content\/uploads\/2025\/04\/0d0a4345-768x513-optimized.jpg 768w, https:\/\/canal5.md\/wp-content\/uploads\/2025\/04\/0d0a4345-1536x1025-optimized.jpg 1536w, https:\/\/canal5.md\/wp-content\/uploads\/2025\/04\/0d0a4345-2048x1367-optimized.jpg 2048w, https:\/\/canal5.md\/wp-content\/uploads\/2025\/04\/0d0a4345-696x465-optimized.jpg 696w, https:\/\/canal5.md\/wp-content\/uploads\/2025\/04\/0d0a4345-1068x713-optimized.jpg 1068w, https:\/\/canal5.md\/wp-content\/uploads\/2025\/04\/0d0a4345-1920x1281-optimized.jpg 1920w\" sizes=\"auto, (max-width: 696px) 100vw, 696px\"> <img loading=\"lazy\" decoding=\"async\" class=\"alignnone wp-image-86084 size-large\" src=\"https:\/\/orheifm.live\/wp-content\/uploads\/2025\/04\/0d0a4619-1024x683-optimized.jpg\" alt=\"\" width=\"696\" height=\"464\" srcset=\"https:\/\/orheifm.live\/wp-content\/uploads\/2025\/04\/0d0a4619-1024x683-optimized.jpg 1024w, https:\/\/canal5.md\/wp-content\/uploads\/2025\/04\/0d0a4619-300x200-optimized.jpg 300w, https:\/\/canal5.md\/wp-content\/uploads\/2025\/04\/0d0a4619-768x512-optimized.jpg 768w, https:\/\/canal5.md\/wp-content\/uploads\/2025\/04\/0d0a4619-1536x1025-optimized.jpg 1536w, https:\/\/canal5.md\/wp-content\/uploads\/2025\/04\/0d0a4619-696x464-optimized.jpg 696w, https:\/\/canal5.md\/wp-content\/uploads\/2025\/04\/0d0a4619-1068x712-optimized.jpg 1068w, https:\/\/canal5.md\/wp-content\/uploads\/2025\/04\/0d0a4619-optimized.jpg 1895w\" sizes=\"auto, (max-width: 696px) 100vw, 696px\"><\/p>\n<\/div>\n","protected":false},"excerpt":{"rendered":"<div><img loading=\"lazy\" decoding=\"async\" width=\"696\" height=\"928\" src=\"https:\/\/canal5.md\/wp-content\/uploads\/2025\/04\/photo_2025-04-08_18-20-11-768x1024-optimized.jpg\" class=\"attachment-large size-large wp-post-image\" alt=\"\">Peste 350 de copii \u0219i adolescen\u021bi din \u00eentreaga \u021bar\u0103 s-au adunat pe 5 \u0219i 6 aprilie la concursului AcroFEST, organizat de re\u021beaua de gimnastic\u0103 Sant\u00e9 Gym. Evenimentul, desf\u0103\u0219urat pe parcursul a dou\u0103 zile, a reunit at\u00e2t sportivi \u00eencep\u0103tori, c\u00e2t \u0219i performeri avansa\u021bi, \u00een cadrul unui festival dedicat gimnasticii, dansului \u0219i, mai presus de toate, pasiunii. [\u2026]<\/div>\n","protected":false},"author":1,"featured_media":70407,"comment_status":"closed","ping_status":"closed","sticky":false,"template":"","format":"standard","meta":{"jnews-multi-image_gallery":[],"jnews_single_post":[],"jnews_primary_category":[],"jnews_social_meta":[],"jnews_override_counter":[],"footnotes":""},"categories":[23],"tags":[],"class_list":["post-70406","post","type-post","status-publish","format-standard","has-post-thumbnail","hentry","category-politica_ro"],"_links":{"self":[{"href":"https:\/\/orheifm.live\/index.php\/wp-json\/wp\/v2\/posts\/70406","targetHints":{"allow":["GET"]}}],"collection":[{"href":"https:\/\/orheifm.live\/index.php\/wp-json\/wp\/v2\/posts"}],"about":[{"href":"https:\/\/orheifm.live\/index.php\/wp-json\/wp\/v2\/types\/post"}],"author":[{"embeddable":true,"href":"https:\/\/orheifm.live\/index.php\/wp-json\/wp\/v2\/users\/1"}],"replies":[{"embeddable":true,"href":"https:\/\/orheifm.live\/index.php\/wp-json\/wp\/v2\/comments?post=70406"}],"version-history":[{"count":0,"href":"https:\/\/orheifm.live\/index.php\/wp-json\/wp\/v2\/posts\/70406\/revisions"}],"wp:featuredmedia":[{"embeddable":true,"href":"https:\/\/orheifm.live\/index.php\/wp-json\/wp\/v2\/media\/70407"}],"wp:attachment":[{"href":"https:\/\/orheifm.live\/index.php\/wp-json\/wp\/v2\/media?parent=70406"}],"wp:term":[{"taxonomy":"category","embeddable":true,"href":"https:\/\/orheifm.live\/index.php\/wp-json\/wp\/v2\/categories?post=70406"},{"taxonomy":"post_tag","embeddable":true,"href":"https:\/\/orheifm.live\/index.php\/wp-json\/wp\/v2\/tags?post=70406"}],"curies":[{"name":"wp","href":"https:\/\/api.w.org\/{rel}","templated":true}]}}