{"id":70358,"date":"2025-04-07T20:44:28","date_gmt":"2025-04-07T17:44:28","guid":{"rendered":"https:\/\/orheifm.live\/index.php\/2025\/04\/07\/bolea-actiunile-pas-nu-ne-sperie-timul-acestei-guvernari-expira\/"},"modified":"2025-04-07T20:44:28","modified_gmt":"2025-04-07T17:44:28","slug":"bolea-actiunile-pas-nu-ne-sperie-timul-acestei-guvernari-expira","status":"publish","type":"post","link":"https:\/\/orheifm.live\/index.php\/2025\/04\/07\/bolea-actiunile-pas-nu-ne-sperie-timul-acestei-guvernari-expira\/","title":{"rendered":"Bolea: Ac\u021biunile PAS nu ne sperie. Timul acestei guvern\u0103ri expir\u0103"},"content":{"rendered":"<div>\n<p><strong>Arestarea Evgheniei Gu\u021bul este o r\u0103zbunare pentru activitatea ei \u00een func\u021bia de ba\u0219can \u0219i o tentativ\u0103 de a-l exclude pe liderul G\u0103g\u0103uziei din via\u021ba politic\u0103 a \u021b\u0103ri, \u00een condi\u021biile \u00een care, la alegerile preziden\u021biale \u0219i referendumul de anul trecut, majoritatea cov\u00e2r\u0219itoare a locuitorilor din autonomie s-au pronun\u021bat \u00eempotriva direc\u021biei alese de PAS. Aceast\u0103 opinie a fost exprimat\u0103 \u00een cadrul emisiunii \u201ePuls\u201d de la CANAL 5 de c\u0103tre pre\u0219edintele grupului parlamentar \u201eVictorie\u201d, Vasile Bolea. El a asociat noul val de persecu\u021bii \u00eempotriva conducerii G\u0103g\u0103uziei cu ultima \u0219edin\u021b\u0103 a Consiliului Suprem de Securitate, convocat\u0103 de Maia Sandu.<\/strong><br \/>\n<iframe loading=\"lazy\" title=\"YouTube video player\" src=\"https:\/\/www.youtube.com\/embed\/IdqCvnseIw8?si=TfAsU0HFxcCmtmwU\" width=\"560\" height=\"315\" frameborder=\"0\" allowfullscreen=\"allowfullscreen\"><\/iframe><\/p>\n<p>Re\u021binerea \u0219i arestarea ulterioar\u0103 a Evgheniei Gu\u021bul doar confirm\u0103 faptul c\u0103 dosarele \u00eempotriva ei sunt fabricate de actuala guvernare, spune deputatul.<\/p>\n<p>Vasile Bolea subliniaz\u0103 c\u0103 organele de drept nu aveau niciun temei s\u0103-i interzic\u0103 Evgheniei Gu\u021bul deplasarea de serviciu \u00een str\u0103in\u0103tate. chiar dac\u0103 figura \u00eentr-un proces judiciar, ba\u0219canul G\u0103g\u0103uziei a p\u0103r\u0103sit anterior \u021bara de mai multe ori, \u00eens\u0103 de fiecare dat\u0103 s-a \u00eentors \u0219i a participat \u00een mod regulat la \u0219edin\u021be, care uneori aveau loc chiar \u0219i de patru ori pe s\u0103pt\u0103m\u00e2n\u0103.<\/p>\n<p>VASILE BOLEA, pre\u0219edintele grupului parlamentar \u201eVictorie\u201d<\/p>\n<p>\u0421ei de la guvernare probabil au hot\u0103r\u00e2t c\u0103 prima victim\u0103 a acelor discu\u021bii de la Consiliul Suprem de Securitate trebuie s\u0103 fie ba\u0219canul G\u0103g\u0103uziei. \u0218i a fost re\u021binut\u0103, pentru c\u0103 dup\u0103 dou\u0103 zile, eu vedeam c\u0103 procurorii nu \u0219tiau ce s\u0103 fac\u0103 \u2013 s\u0103-i \u00eenainteze \u00eenvinuiri privind nereguli \u00een finan\u021barea campaniei electorale pentru func\u021bia de ba\u0219can \u00een anul 2023. Aten\u021bie! \u00cen luna aprilie a anului 2023 au fost deci alegerile pe care le-a c\u00e2\u0219tigat Evghenia Gu\u021bu, alegerile ba\u0219canului, iar peste doi ani de zile, procurorii au hot\u0103r\u00e2t c\u0103 sunt unele nereguli acolo s-au depistat.<\/p>\n<p>Vasile Bolea a subliniat c\u0103 toate documentele, inclusiv rapoartele financiare, au fost verificate de Comisia Electoral\u0103, nereguli nu au fost depistate, iar mandatul ba\u0219canului Evghenia Gu\u021bul a fost validat. Pre\u0219edintele grupului parlamentar \u201eVictorie\u201d este convins c\u0103 PAS \u00eencearc\u0103 s\u0103 elimine din lupta politic\u0103 un lider care, \u00eempreun\u0103 cu echipa sa, a ob\u021binut succese semnificative \u00een autonomie \u0219i se bucur\u0103 de sus\u021binerea poporului.<\/p>\n<p>VASILE BOLEA, pre\u0219edintele grupului parlamentar \u201eVictorie\u201d<\/p>\n<p>Prin aceste inven\u021bii \u00eencearc\u0103 cumva s\u0103 dezbat\u0103 din elan un lider politic regional din autonomie G\u0103g\u0103uz\u0103, care, anul trecut, la legile preziden\u021biale \u0219i la referendum \u0219i-a expus pozi\u021bia categoric\u0103, ferm\u0103, de peste 98% din ceta\u021benii care locuiesc \u00een aceast\u0103 regiune, au spus un ferm NU Maiei Sandu, \u00een primul r\u00e2nd, au spus un ferm NU acestei guvern\u0103ri, au spus un ferm NU acelui referendum, a\u0219a zis, pro-european, dar care a fost pentru modificarea Constitu\u021biei \u0219i, \u00een aceast\u0103 ordine de idei, eu intuiesc c\u0103 este un element, dac\u0103 vre\u021bi, de r\u0103zbunare.<\/p>\n<p>Pre\u0219edintele grupului parlamentar \u201eVictorie\u201d afirm\u0103 c\u0103 \u201ecazul Evgheniei Gu\u021bul\u201d a st\u00e2rnit deja un puternic ecou interna\u021bional. Vasile Bolea a men\u021bionat c\u0103 subiectul a fost discutat at\u00e2t la Consiliul de Securitate al ONU, c\u00e2t \u0219i la OSCE, iar Rusia a condamnat ferm situa\u021bia. Pre\u0219edintele Turciei, Recep Tayyip Erdo\u011fan, a trimis un reprezentant \u00een Republica Moldova pentru a analiza la fa\u021ba locului at\u00e2t situa\u021bia Evgheniei Gu\u021bul, c\u00e2t \u0219i situa\u021bia general\u0103 din autonomia g\u0103g\u0103uz\u0103. Alte \u021b\u0103ri \u0219i organiza\u021bii interna\u021bionale urm\u0103resc cu aten\u021bie evolu\u021bia evenimentelor. Bolea consider\u0103 c\u0103, \u00een patru ani de guvernare, politica PAS a e\u0219uat practic pe toate planurile.<\/p>\n<p>VASILE BOLEA, pre\u0219edintele grupului parlamentar \u201eVictorie\u201d<\/p>\n<p>\u00cen loc s\u0103 ne g\u00e2ndim cum s\u0103 ac\u021bion\u0103m spre binele ce\u021b\u0103\u021benilor, ca ei s\u0103 nu plece din \u021bar\u0103, ca ei s\u0103 simt\u0103 aici bine \u0219i s\u0103 simt\u0103 grija statului \u0219i a celor care sunt sus, pu\u0219i tot de c\u0103tre cet\u0103\u021beni le s\u0103 dea aceast\u0103 putere din numele lor s\u0103 fie guvernat acest stat, deci ei nu au g\u0103sit altceva dec\u00e2t s\u0103 aplice aceast\u0103 ma\u0219in\u0103rie de represalii \u00eempotriva celor care g\u00e2ndesc altfel.<\/p>\n<p>Un alt participant la emisiune, activistul Mihail Vlah, spune c\u0103 dosarul \u00eempotriva Evgheniei Gu\u021bul este unul politic, fabricat cu scopul de a schimba puterea \u00een autonomia G\u0103g\u0103uzi\u0103. Arestarea ei este o lovitur\u0103 pentru fiecare locuitor al regiunii, consider\u0103 Vlah.<\/p>\n<p>MIHAIL VLAH, activist civic<\/p>\n<p>Ast\u0103zi, Ba\u0219canul a devenit, dup\u0103 cum \u0219ti\u021bi, simbolul rezisten\u021bei fa\u021b\u0103 de regimul actual. Iar autorit\u0103\u021bile deja au spus deschis prin intermediul lui Nantoi \u0219i prin anumite structuri ale lor c\u0103 se preg\u0103tesc s\u0103 mai fac\u0103 o mi\u0219care \u0219i s\u0103 preia controlul.\u00a0 Ba\u0219canul G\u0103g\u0103uziei este, dup\u0103 cum \u0219ti\u021bi, un simbol pentru fiecare dintre noi. Ast\u0103zi, odat\u0103 cu arestarea Ba\u0219canului, ei l-au arestat practic pe fiecare locuitor al autonomiei g\u0103g\u0103uze, care avea speran\u021ba unui viitor luminos.<\/p>\n<p>Unul dintre liderii opozi\u021biei spune c\u0103, pe m\u0103sur\u0103 ce se apropie alegerile parlamentare, represiunile se vor intensifica, dar acest lucru nu va opri for\u021bele s\u0103n\u0103toase, care sunt preg\u0103tite s\u0103-\u0219i asume responsabilitatea pentru rena\u0219terea \u021b\u0103rii \u0219i restabilirea rela\u021biilor constructive \u0219i pragmatice cu toate statele.<\/p>\n<p>Vasile Bolea este convins: timpul PAS, care s-a discreditat prin guvernarea sa incompetent\u0103 \u00een patru ani, a trecut. Iar aceast\u0103 evaluare va fi f\u0103cut\u0103 de aleg\u0103tori, la alegerile parlamentare din acest an<\/p>\n<\/div>\n","protected":false},"excerpt":{"rendered":"<div><img decoding=\"async\" width=\"696\" height=\"392\" src=\"https:\/\/canal5.md\/wp-content\/uploads\/2023\/12\/f2f685ccd10941bac3651534a0be49b3-jpg-optimized.webp\" class=\"attachment-large size-large wp-post-image\" alt=\"\" loading=\"lazy\" srcset=\"https:\/\/canal5.md\/wp-content\/uploads\/2023\/12\/f2f685ccd10941bac3651534a0be49b3-jpg-optimized.webp 809w, https:\/\/canal5.md\/wp-content\/uploads\/2023\/12\/f2f685ccd10941bac3651534a0be49b3-300x169-optimized.webp 300w, https:\/\/canal5.md\/wp-content\/uploads\/2023\/12\/f2f685ccd10941bac3651534a0be49b3-768x433-optimized.webp 768w, https:\/\/canal5.md\/wp-content\/uploads\/2023\/12\/f2f685ccd10941bac3651534a0be49b3-696x392-optimized.webp 696w\">Arestarea Evgheniei Gu\u021bul este o r\u0103zbunare pentru activitatea ei \u00een func\u021bia de ba\u0219can \u0219i o tentativ\u0103 de a-l exclude pe liderul G\u0103g\u0103uziei din via\u021ba politic\u0103 a \u021b\u0103ri, \u00een condi\u021biile \u00een care, la alegerile preziden\u021biale \u0219i referendumul de anul trecut, majoritatea cov\u00e2r\u0219itoare a locuitorilor din autonomie s-au pronun\u021bat \u00eempotriva direc\u021biei alese de PAS. Aceast\u0103 opinie a [\u2026]<\/div>\n","protected":false},"author":1,"featured_media":70359,"comment_status":"closed","ping_status":"closed","sticky":false,"template":"","format":"standard","meta":{"jnews-multi-image_gallery":[],"jnews_single_post":[],"jnews_primary_category":[],"jnews_social_meta":[],"jnews_override_counter":[],"footnotes":""},"categories":[23],"tags":[],"class_list":["post-70358","post","type-post","status-publish","format-standard","has-post-thumbnail","hentry","category-politica_ro"],"_links":{"self":[{"href":"https:\/\/orheifm.live\/index.php\/wp-json\/wp\/v2\/posts\/70358","targetHints":{"allow":["GET"]}}],"collection":[{"href":"https:\/\/orheifm.live\/index.php\/wp-json\/wp\/v2\/posts"}],"about":[{"href":"https:\/\/orheifm.live\/index.php\/wp-json\/wp\/v2\/types\/post"}],"author":[{"embeddable":true,"href":"https:\/\/orheifm.live\/index.php\/wp-json\/wp\/v2\/users\/1"}],"replies":[{"embeddable":true,"href":"https:\/\/orheifm.live\/index.php\/wp-json\/wp\/v2\/comments?post=70358"}],"version-history":[{"count":0,"href":"https:\/\/orheifm.live\/index.php\/wp-json\/wp\/v2\/posts\/70358\/revisions"}],"wp:featuredmedia":[{"embeddable":true,"href":"https:\/\/orheifm.live\/index.php\/wp-json\/wp\/v2\/media\/70359"}],"wp:attachment":[{"href":"https:\/\/orheifm.live\/index.php\/wp-json\/wp\/v2\/media?parent=70358"}],"wp:term":[{"taxonomy":"category","embeddable":true,"href":"https:\/\/orheifm.live\/index.php\/wp-json\/wp\/v2\/categories?post=70358"},{"taxonomy":"post_tag","embeddable":true,"href":"https:\/\/orheifm.live\/index.php\/wp-json\/wp\/v2\/tags?post=70358"}],"curies":[{"name":"wp","href":"https:\/\/api.w.org\/{rel}","templated":true}]}}