{"id":70354,"date":"2025-04-07T20:44:22","date_gmt":"2025-04-07T17:44:22","guid":{"rendered":"https:\/\/orheifm.live\/index.php\/2025\/04\/07\/ilan-sor-despre-protestul-din-7-aprilie-maia-sandu-si-banda-ei-au-capturat-tara-prin-minciuni-si-violenta\/"},"modified":"2025-04-07T20:44:22","modified_gmt":"2025-04-07T17:44:22","slug":"ilan-sor-despre-protestul-din-7-aprilie-maia-sandu-si-banda-ei-au-capturat-tara-prin-minciuni-si-violenta","status":"publish","type":"post","link":"https:\/\/orheifm.live\/index.php\/2025\/04\/07\/ilan-sor-despre-protestul-din-7-aprilie-maia-sandu-si-banda-ei-au-capturat-tara-prin-minciuni-si-violenta\/","title":{"rendered":"Ilan \u0218or: Despre protestul din 7 aprilie, Maia Sandu \u0219i \u201ebanda ei\u201d au capturat \u021bara prin minciuni \u0219i violen\u021b\u0103"},"content":{"rendered":"<div>\n<p><strong>Liderul Blocului Politic \u201dVictorie\u201d, Ilan \u0218or, a venit cu o declara\u021bie ferm\u0103 referitoare la protestele din 7 aprilie 2009, consider\u00e2ndu-le un moment cheie \u00een istoria recent\u0103 a Republicii Moldova.\u00a0<\/strong><br \/>\n<iframe loading=\"lazy\" title=\"YouTube video player\" src=\"https:\/\/www.youtube.com\/embed\/AR9bhp7qF6A?si=_tXDVxqcevbxKbH_\" width=\"560\" height=\"315\" frameborder=\"0\" allowfullscreen=\"allowfullscreen\"><\/iframe><\/p>\n<p>\u00centr-o postare pe Telegram, liderul politic sus\u021bine c\u0103 acea zi a marcat momentul \u00een care \u201dtr\u0103d\u0103torii au ajuns la putere\u201d. Potrivit acestuia, Maia Sandu \u0219i \u201dbanda ei\u201d au capturat \u021bara prin haos, incendieri \u0219i minciuni, promi\u021b\u00e2nd democra\u021bie, dar aduc\u00e2nd \u00een schimb distrugerea na\u021biunii, s\u0103r\u0103cia poporului \u0219i o supunere total\u0103 fa\u021b\u0103 de Occident.<\/p>\n<p>Ilan \u0218or subliniaz\u0103 c\u0103, \u00een ciuda promisiunilor, \u201draiul european\u201d nu s-a materializat: \u201d\u00centreprinderi \u00eenchise, refugia\u021bi, represiuni \u0219i cenzur\u0103\u201d, afirm\u0103 acesta. \u00cen \u00eencheiere, \u0218or transmite un mesaj de speran\u021b\u0103 pentru viitor, subliniind c\u0103 poporul nu a uitat \u0219i va veni o zi c\u00e2nd \u201daceast\u0103 clic\u0103 va fi alungat\u0103\u201d.<\/p>\n<p>\u00a0<\/p>\n<\/div>\n","protected":false},"excerpt":{"rendered":"<div><img decoding=\"async\" width=\"696\" height=\"388\" src=\"https:\/\/canal5.md\/wp-content\/uploads\/2023\/12\/ilan-sor-1-1024x571-optimized.webp\" class=\"attachment-large size-large wp-post-image\" alt=\"\" loading=\"lazy\" srcset=\"https:\/\/canal5.md\/wp-content\/uploads\/2023\/12\/ilan-sor-1-1024x571-optimized.webp 1024w, https:\/\/canal5.md\/wp-content\/uploads\/2023\/12\/ilan-sor-1-300x167-optimized.webp 300w, https:\/\/canal5.md\/wp-content\/uploads\/2023\/12\/ilan-sor-1-768x428-optimized.webp 768w, https:\/\/canal5.md\/wp-content\/uploads\/2023\/12\/ilan-sor-1-696x388-optimized.webp 696w, https:\/\/canal5.md\/wp-content\/uploads\/2023\/12\/ilan-sor-1-1068x595-optimized.webp 1068w, https:\/\/canal5.md\/wp-content\/uploads\/2023\/12\/ilan-sor-1-jpg-optimized.webp 1080w\">Liderul Blocului Politic \u201dVictorie\u201d, Ilan \u0218or, a venit cu o declara\u021bie ferm\u0103 referitoare la protestele din 7 aprilie 2009, consider\u00e2ndu-le un moment cheie \u00een istoria recent\u0103 a Republicii Moldova.\u00a0 \u00centr-o postare pe Telegram, liderul politic sus\u021bine c\u0103 acea zi a marcat momentul \u00een care \u201dtr\u0103d\u0103torii au ajuns la putere\u201d. Potrivit acestuia, Maia Sandu \u0219i \u201dbanda [\u2026]<\/div>\n","protected":false},"author":1,"featured_media":70355,"comment_status":"closed","ping_status":"closed","sticky":false,"template":"","format":"standard","meta":{"jnews-multi-image_gallery":[],"jnews_single_post":[],"jnews_primary_category":[],"jnews_social_meta":[],"jnews_override_counter":[],"footnotes":""},"categories":[23],"tags":[],"class_list":["post-70354","post","type-post","status-publish","format-standard","has-post-thumbnail","hentry","category-politica_ro"],"_links":{"self":[{"href":"https:\/\/orheifm.live\/index.php\/wp-json\/wp\/v2\/posts\/70354","targetHints":{"allow":["GET"]}}],"collection":[{"href":"https:\/\/orheifm.live\/index.php\/wp-json\/wp\/v2\/posts"}],"about":[{"href":"https:\/\/orheifm.live\/index.php\/wp-json\/wp\/v2\/types\/post"}],"author":[{"embeddable":true,"href":"https:\/\/orheifm.live\/index.php\/wp-json\/wp\/v2\/users\/1"}],"replies":[{"embeddable":true,"href":"https:\/\/orheifm.live\/index.php\/wp-json\/wp\/v2\/comments?post=70354"}],"version-history":[{"count":0,"href":"https:\/\/orheifm.live\/index.php\/wp-json\/wp\/v2\/posts\/70354\/revisions"}],"wp:featuredmedia":[{"embeddable":true,"href":"https:\/\/orheifm.live\/index.php\/wp-json\/wp\/v2\/media\/70355"}],"wp:attachment":[{"href":"https:\/\/orheifm.live\/index.php\/wp-json\/wp\/v2\/media?parent=70354"}],"wp:term":[{"taxonomy":"category","embeddable":true,"href":"https:\/\/orheifm.live\/index.php\/wp-json\/wp\/v2\/categories?post=70354"},{"taxonomy":"post_tag","embeddable":true,"href":"https:\/\/orheifm.live\/index.php\/wp-json\/wp\/v2\/tags?post=70354"}],"curies":[{"name":"wp","href":"https:\/\/api.w.org\/{rel}","templated":true}]}}