{"id":70352,"date":"2025-04-07T18:19:50","date_gmt":"2025-04-07T15:19:50","guid":{"rendered":"https:\/\/orheifm.live\/index.php\/2025\/04\/07\/accident-grav-in-floreni-atv-urmarit-de-politie-s-a-izbit-de-un-copac\/"},"modified":"2025-04-07T18:19:50","modified_gmt":"2025-04-07T15:19:50","slug":"accident-grav-in-floreni-atv-urmarit-de-politie-s-a-izbit-de-un-copac","status":"publish","type":"post","link":"https:\/\/orheifm.live\/index.php\/2025\/04\/07\/accident-grav-in-floreni-atv-urmarit-de-politie-s-a-izbit-de-un-copac\/","title":{"rendered":"Accident grav \u00een Floreni: ATV urm\u0103rit de poli\u021bie, s-a izbit de un copac"},"content":{"rendered":"<div>\n<p><strong>Accident grav \u00een localitatea Floreni, raionul Anenii Noi. Din imaginile video ap\u0103rute online, se observ\u0103 cum un echipaj de poli\u021bie urm\u0103re\u0219te un ATV cu trei persoane la bord.<\/strong><\/p>\n<p>De\u0219i agen\u021bii \u00eencearc\u0103 s\u0103-i opreasc\u0103, ace\u0219tia ignor\u0103 semnalele \u0219i accelereaz\u0103, izbindu-se violent de un copac.<\/p>\n<p>Incidentul a avut loc pe 6 aprilie, iar la fa\u021ba locului au intervenit dou\u0103 ambulan\u021be. Contactat\u0103 de UNIMEDIA, Poli\u021bia nu a oferit deocamdat\u0103 informa\u021bii oficiale cu privire la cele \u00eent\u00e2mplate.<\/p>\n<\/div>\n","protected":false},"excerpt":{"rendered":"<div><img loading=\"lazy\" decoding=\"async\" width=\"696\" height=\"392\" src=\"https:\/\/canal5.md\/wp-content\/uploads\/2025\/04\/4f947e38d8a70b973c66163e89216613b03eec26bb9e5834b413d1ca9be79bc6-optimized.png\" class=\"attachment-large size-large wp-post-image\" alt=\"\" srcset=\"https:\/\/canal5.md\/wp-content\/uploads\/2025\/04\/4f947e38d8a70b973c66163e89216613b03eec26bb9e5834b413d1ca9be79bc6-optimized.png 800w, https:\/\/canal5.md\/wp-content\/uploads\/2025\/04\/4f947e38d8a70b973c66163e89216613b03eec26bb9e5834b413d1ca9be79bc6-300x169-optimized.png 300w, https:\/\/canal5.md\/wp-content\/uploads\/2025\/04\/4f947e38d8a70b973c66163e89216613b03eec26bb9e5834b413d1ca9be79bc6-768x432-optimized.png 768w, https:\/\/canal5.md\/wp-content\/uploads\/2025\/04\/4f947e38d8a70b973c66163e89216613b03eec26bb9e5834b413d1ca9be79bc6-696x392-optimized.png 696w\">Accident grav \u00een localitatea Floreni, raionul Anenii Noi. Din imaginile video ap\u0103rute online, se observ\u0103 cum un echipaj de poli\u021bie urm\u0103re\u0219te un ATV cu trei persoane la bord. De\u0219i agen\u021bii \u00eencearc\u0103 s\u0103-i opreasc\u0103, ace\u0219tia ignor\u0103 semnalele \u0219i accelereaz\u0103, izbindu-se violent de un copac. Incidentul a avut loc pe 6 aprilie, iar la fa\u021ba locului au [\u2026]<\/div>\n","protected":false},"author":1,"featured_media":70353,"comment_status":"closed","ping_status":"closed","sticky":false,"template":"","format":"standard","meta":{"jnews-multi-image_gallery":[],"jnews_single_post":[],"jnews_primary_category":[],"jnews_social_meta":[],"jnews_override_counter":[],"footnotes":""},"categories":[30],"tags":[],"class_list":["post-70352","post","type-post","status-publish","format-standard","has-post-thumbnail","hentry","category-social_ro"],"_links":{"self":[{"href":"https:\/\/orheifm.live\/index.php\/wp-json\/wp\/v2\/posts\/70352","targetHints":{"allow":["GET"]}}],"collection":[{"href":"https:\/\/orheifm.live\/index.php\/wp-json\/wp\/v2\/posts"}],"about":[{"href":"https:\/\/orheifm.live\/index.php\/wp-json\/wp\/v2\/types\/post"}],"author":[{"embeddable":true,"href":"https:\/\/orheifm.live\/index.php\/wp-json\/wp\/v2\/users\/1"}],"replies":[{"embeddable":true,"href":"https:\/\/orheifm.live\/index.php\/wp-json\/wp\/v2\/comments?post=70352"}],"version-history":[{"count":0,"href":"https:\/\/orheifm.live\/index.php\/wp-json\/wp\/v2\/posts\/70352\/revisions"}],"wp:featuredmedia":[{"embeddable":true,"href":"https:\/\/orheifm.live\/index.php\/wp-json\/wp\/v2\/media\/70353"}],"wp:attachment":[{"href":"https:\/\/orheifm.live\/index.php\/wp-json\/wp\/v2\/media?parent=70352"}],"wp:term":[{"taxonomy":"category","embeddable":true,"href":"https:\/\/orheifm.live\/index.php\/wp-json\/wp\/v2\/categories?post=70352"},{"taxonomy":"post_tag","embeddable":true,"href":"https:\/\/orheifm.live\/index.php\/wp-json\/wp\/v2\/tags?post=70352"}],"curies":[{"name":"wp","href":"https:\/\/api.w.org\/{rel}","templated":true}]}}