{"id":70350,"date":"2025-04-07T17:25:23","date_gmt":"2025-04-07T14:25:23","guid":{"rendered":"https:\/\/orheifm.live\/index.php\/2025\/04\/07\/doc-app-refuza-sa-raspunda-clar-cum-s-au-efectuat-achizitiile-pentru-dotarea-si-functionarea-localurilor-din-aeroportul-international-chisinau\/"},"modified":"2025-04-07T17:25:23","modified_gmt":"2025-04-07T14:25:23","slug":"doc-app-refuza-sa-raspunda-clar-cum-s-au-efectuat-achizitiile-pentru-dotarea-si-functionarea-localurilor-din-aeroportul-international-chisinau","status":"publish","type":"post","link":"https:\/\/orheifm.live\/index.php\/2025\/04\/07\/doc-app-refuza-sa-raspunda-clar-cum-s-au-efectuat-achizitiile-pentru-dotarea-si-functionarea-localurilor-din-aeroportul-international-chisinau\/","title":{"rendered":"DOC \/\/ APP refuz\u0103 s\u0103 r\u0103spund\u0103 clar cum s-au efectuat achizi\u021biile pentru dotarea \u0219i func\u021bionarea localurilor din Aeroportul Interna\u021bional Chi\u0219in\u0103u"},"content":{"rendered":"<div>\n<p><strong>\u0218eful Agen\u021biei Propriet\u0103\u021bii Publice, Roman Cojuhari, evit\u0103 s\u0103 spun\u0103 clar \u00een ce mod s-au f\u0103cut achizi\u021bie pentru dotarea localurilor de alimenta\u021bie public\u0103 din incinta Aeroportului Interna\u021bional Chi\u0219in\u0103u, dar \u0219i a produselor puse \u00een de v\u00e2nzare. O solicitare \u00een acest sens a f\u0103cut activistul Vlad Bile\u021bchi, care a \u00eentrebat dac\u0103 exist\u0103 un proces verbal al \u0219edin\u021bei care ar fi trebuit s\u0103 fie organizat\u0103 \u0219i unde s\u0103 fie stipulat clar cum s-au luat aceste decizii.<\/strong><\/p>\n<p>\u201eAm \u00eentrebat foarte clar, am vrut s\u0103 \u0219tiu despre \u0219edin\u021ba, procesul verbal, s\u0103 vedem cine a votat, cum a votat, cine \u0219i ce a spus, ca s\u0103 ne convingem c\u0103 lucrurile sunt corecte, transparente, c\u0103 nu exist\u0103 mi\u0219ma\u0219uri, \u00een\u021belegeri sau companii afiliate, care s\u0103 fie favorizate de aceste proceduri\u201d, a men\u021bionat Bilechi, \u00eentr-o postare video.<\/p>\n<p>Potrivit lui, spre deosebire de alte r\u0103spunsuri la solicit\u0103rile f\u0103cute anterior, pe care le-a primit anterior, de aceast\u0103 dat\u0103, r\u0103spunsul a fost foarte evaziv.<\/p>\n<p>\u201eIat\u0103 ce se spune \u00een scrisoarea primit\u0103 \u0219i semnat\u0103 de \u0219eful APP, Roman Cojuhari: c\u0103 toate activit\u0103\u021bile aeroportului, \u00een vederea relu\u0103rii alimenta\u021biei publice de la aeroport se face \u00een temeiul unui ordin din 2023, prin care au fost transmise o serie de bunuri de la APP c\u0103tre Aeroportul Chi\u0219in\u0103u. M\u0103 \u00eentreb, \u00eentre acele bunuri transmise \u00een 2023, care se refer\u0103 la terenuri, cl\u0103diri \u0219i alte bunuri, se num\u0103r\u0103 \u0219i aceste obiecte recent cump\u0103rate? \u0218i cum r\u0103m\u00e2ne cu alimenta\u021bia public\u0103, pl\u0103cintele, apa, ceaiul, cafeaua \u0219i toate celelalte, au fost la fel transmise \u00een 2023 \u0219i sunt v\u00e2ndute ast\u0103zi, \u00een 2025? Evident c\u0103 nu este a\u0219a. Evident c\u0103 n-au vrut s\u0103-mi dea r\u0103spuns, probabil am atins un subiect sensibil, iar asta \u00eenseamn\u0103 c\u0103 trebuie s\u0103 fim \u0219i mai insisten\u021bi, s\u0103 s\u0103p\u0103m, s\u0103 c\u0103ut\u0103m mai departe\u201d, a spus Vlad Bile\u021bchi.<\/p>\n<p>El a mai accentuat c\u0103, teoretic, pre\u021burile \u00een localurile din aeroport, ar fi trebuit s\u0103 scad\u0103, ca urmare a prelu\u0103rii \u00een gestiune a acestora de c\u0103tre administra\u021bia aerog\u0103rii, lucru care \u00eens\u0103 nu s-a \u00eent\u00e2mplat.<\/p>\n<p>\u201eP\u00e2n\u0103 acum, v-am demonstrat c\u0103, de\u0219i pre\u021bul de cost, pre\u021bul de produc\u021bie, la care cump\u0103r\u0103 ei cafeaua s-a mic\u0219orat de dou\u0103 ori, totu\u0219i, pre\u021bul final al cafelei a r\u0103mas acela\u0219i. Practic se face un profit dublu. Unde mai pui nu achit\u0103 pentru chiria spa\u021biilor, ceea ce ar trebui s\u0103 duc\u0103 la ieftinirea acestor produse pentru pasageri, lucru care nu s-a \u00eent\u00e2mplat. Aeroportul este o vac\u0103 de muls, urm\u0103rindu-se nu condi\u021bii mai bune pentru pasageri, nu pre\u021buri mai convenabile, ci pur \u0219i simplu mulgerea de bani care se duc \u00een buzunarele celor are conduc aceste procese\u201d, a mai spus activistul.<\/p>\n<p><strong><a href=\"https:\/\/telegraph.md\/video-vlad-musteata-despre-piata-imobiliara-din-moldova-eu-vad-o-stabilitate-in-sfarsit-iar-tot-mai-multi-clienti-aleg-sa-investeasca-in-blocuri-noi\/\">SURSA<\/a><\/strong><\/p>\n<\/div>\n","protected":false},"excerpt":{"rendered":"<div><img loading=\"lazy\" decoding=\"async\" width=\"696\" height=\"435\" src=\"https:\/\/canal5.md\/wp-content\/uploads\/2025\/04\/1ec9646d-04ed-4ad7-8944-f133e3363ce9-1600x1000-1-1024x640-optimized.jpeg\" class=\"attachment-large size-large wp-post-image\" alt=\"\" srcset=\"https:\/\/canal5.md\/wp-content\/uploads\/2025\/04\/1ec9646d-04ed-4ad7-8944-f133e3363ce9-1600x1000-1-1024x640-optimized.jpeg 1024w, https:\/\/canal5.md\/wp-content\/uploads\/2025\/04\/1ec9646d-04ed-4ad7-8944-f133e3363ce9-1600x1000-1-300x188-optimized.jpeg 300w, https:\/\/canal5.md\/wp-content\/uploads\/2025\/04\/1ec9646d-04ed-4ad7-8944-f133e3363ce9-1600x1000-1-768x480-optimized.jpeg 768w, https:\/\/canal5.md\/wp-content\/uploads\/2025\/04\/1ec9646d-04ed-4ad7-8944-f133e3363ce9-1600x1000-1-1536x960-optimized.jpeg 1536w, https:\/\/canal5.md\/wp-content\/uploads\/2025\/04\/1ec9646d-04ed-4ad7-8944-f133e3363ce9-1600x1000-1-696x435-optimized.jpeg 696w, https:\/\/canal5.md\/wp-content\/uploads\/2025\/04\/1ec9646d-04ed-4ad7-8944-f133e3363ce9-1600x1000-1-1068x668-optimized.jpeg 1068w, https:\/\/canal5.md\/wp-content\/uploads\/2025\/04\/1ec9646d-04ed-4ad7-8944-f133e3363ce9-1600x1000-1-optimized.jpeg 1600w\">\u0218eful Agen\u021biei Propriet\u0103\u021bii Publice, Roman Cojuhari, evit\u0103 s\u0103 spun\u0103 clar \u00een ce mod s-au f\u0103cut achizi\u021bie pentru dotarea localurilor de alimenta\u021bie public\u0103 din incinta Aeroportului Interna\u021bional Chi\u0219in\u0103u, dar \u0219i a produselor puse \u00een de v\u00e2nzare. O solicitare \u00een acest sens a f\u0103cut activistul Vlad Bile\u021bchi, care a \u00eentrebat dac\u0103 exist\u0103 un proces verbal al \u0219edin\u021bei [\u2026]<\/div>\n","protected":false},"author":1,"featured_media":70351,"comment_status":"closed","ping_status":"closed","sticky":false,"template":"","format":"standard","meta":{"jnews-multi-image_gallery":[],"jnews_single_post":[],"jnews_primary_category":[],"jnews_social_meta":[],"jnews_override_counter":[],"footnotes":""},"categories":[23],"tags":[],"class_list":["post-70350","post","type-post","status-publish","format-standard","has-post-thumbnail","hentry","category-politica_ro"],"_links":{"self":[{"href":"https:\/\/orheifm.live\/index.php\/wp-json\/wp\/v2\/posts\/70350","targetHints":{"allow":["GET"]}}],"collection":[{"href":"https:\/\/orheifm.live\/index.php\/wp-json\/wp\/v2\/posts"}],"about":[{"href":"https:\/\/orheifm.live\/index.php\/wp-json\/wp\/v2\/types\/post"}],"author":[{"embeddable":true,"href":"https:\/\/orheifm.live\/index.php\/wp-json\/wp\/v2\/users\/1"}],"replies":[{"embeddable":true,"href":"https:\/\/orheifm.live\/index.php\/wp-json\/wp\/v2\/comments?post=70350"}],"version-history":[{"count":0,"href":"https:\/\/orheifm.live\/index.php\/wp-json\/wp\/v2\/posts\/70350\/revisions"}],"wp:featuredmedia":[{"embeddable":true,"href":"https:\/\/orheifm.live\/index.php\/wp-json\/wp\/v2\/media\/70351"}],"wp:attachment":[{"href":"https:\/\/orheifm.live\/index.php\/wp-json\/wp\/v2\/media?parent=70350"}],"wp:term":[{"taxonomy":"category","embeddable":true,"href":"https:\/\/orheifm.live\/index.php\/wp-json\/wp\/v2\/categories?post=70350"},{"taxonomy":"post_tag","embeddable":true,"href":"https:\/\/orheifm.live\/index.php\/wp-json\/wp\/v2\/tags?post=70350"}],"curies":[{"name":"wp","href":"https:\/\/api.w.org\/{rel}","templated":true}]}}