{"id":70348,"date":"2025-04-07T17:00:04","date_gmt":"2025-04-07T14:00:04","guid":{"rendered":"https:\/\/orheifm.live\/index.php\/2025\/04\/07\/chisinau-articole-vestimentare-fara-acte-de-provenienta-depistate-de-echipele-mobile-ale-vamii\/"},"modified":"2025-04-07T17:00:04","modified_gmt":"2025-04-07T14:00:04","slug":"chisinau-articole-vestimentare-fara-acte-de-provenienta-depistate-de-echipele-mobile-ale-vamii","status":"publish","type":"post","link":"https:\/\/orheifm.live\/index.php\/2025\/04\/07\/chisinau-articole-vestimentare-fara-acte-de-provenienta-depistate-de-echipele-mobile-ale-vamii\/","title":{"rendered":"Chi\u0219in\u0103u: Articole vestimentare f\u0103r\u0103 acte de provenien\u021b\u0103, depistate de echipele mobile ale V\u0103mii"},"content":{"rendered":"<div>\n<p class=\"\" data-start=\"102\" data-end=\"287\"><strong>Un lot de haine transportat f\u0103r\u0103 acte justificative a fost identificat de ofi\u021berii Echipelor mobile ale Serviciului Vamal \u00een a doua linie de control, pe strada B\u0103cioii Noi din capital\u0103.<\/strong><\/p>\n<p class=\"\" data-start=\"289\" data-end=\"478\">Potrivit autorit\u0103\u021bilor, marfa era transportat\u0103 cu un automobil de model \u201eFord Transit\u201d, condus de un b\u0103rbat de 38 de ani. Valoarea estimativ\u0103 a bunurilor este de aproximativ 100.000 de lei.<\/p>\n<p class=\"\" data-start=\"480\" data-end=\"582\">\u00centregul lot a fost ridicat \u0219i este pasibil confisc\u0103rii, iar \u0219oferul risc\u0103 sanc\u021biuni contraven\u021bionale.<\/p>\n<\/div>\n","protected":false},"excerpt":{"rendered":"<div><img loading=\"lazy\" decoding=\"async\" width=\"696\" height=\"392\" src=\"https:\/\/canal5.md\/wp-content\/uploads\/2025\/04\/a110e3cb4b452406cb3553bd8dbd4cb7-optimized.jpg\" class=\"attachment-large size-large wp-post-image\" alt=\"\" srcset=\"https:\/\/canal5.md\/wp-content\/uploads\/2025\/04\/a110e3cb4b452406cb3553bd8dbd4cb7-optimized.jpg 809w, https:\/\/canal5.md\/wp-content\/uploads\/2025\/04\/a110e3cb4b452406cb3553bd8dbd4cb7-300x169-optimized.jpg 300w, https:\/\/canal5.md\/wp-content\/uploads\/2025\/04\/a110e3cb4b452406cb3553bd8dbd4cb7-768x433-optimized.jpg 768w, https:\/\/canal5.md\/wp-content\/uploads\/2025\/04\/a110e3cb4b452406cb3553bd8dbd4cb7-696x392-optimized.jpg 696w\">Un lot de haine transportat f\u0103r\u0103 acte justificative a fost identificat de ofi\u021berii Echipelor mobile ale Serviciului Vamal \u00een a doua linie de control, pe strada B\u0103cioii Noi din capital\u0103. Potrivit autorit\u0103\u021bilor, marfa era transportat\u0103 cu un automobil de model \u201eFord Transit\u201d, condus de un b\u0103rbat de 38 de ani. Valoarea estimativ\u0103 a bunurilor este [\u2026]<\/div>\n","protected":false},"author":1,"featured_media":70349,"comment_status":"closed","ping_status":"closed","sticky":false,"template":"","format":"standard","meta":{"jnews-multi-image_gallery":[],"jnews_single_post":[],"jnews_primary_category":[],"jnews_social_meta":[],"jnews_override_counter":[],"footnotes":""},"categories":[30],"tags":[],"class_list":["post-70348","post","type-post","status-publish","format-standard","has-post-thumbnail","hentry","category-social_ro"],"_links":{"self":[{"href":"https:\/\/orheifm.live\/index.php\/wp-json\/wp\/v2\/posts\/70348","targetHints":{"allow":["GET"]}}],"collection":[{"href":"https:\/\/orheifm.live\/index.php\/wp-json\/wp\/v2\/posts"}],"about":[{"href":"https:\/\/orheifm.live\/index.php\/wp-json\/wp\/v2\/types\/post"}],"author":[{"embeddable":true,"href":"https:\/\/orheifm.live\/index.php\/wp-json\/wp\/v2\/users\/1"}],"replies":[{"embeddable":true,"href":"https:\/\/orheifm.live\/index.php\/wp-json\/wp\/v2\/comments?post=70348"}],"version-history":[{"count":0,"href":"https:\/\/orheifm.live\/index.php\/wp-json\/wp\/v2\/posts\/70348\/revisions"}],"wp:featuredmedia":[{"embeddable":true,"href":"https:\/\/orheifm.live\/index.php\/wp-json\/wp\/v2\/media\/70349"}],"wp:attachment":[{"href":"https:\/\/orheifm.live\/index.php\/wp-json\/wp\/v2\/media?parent=70348"}],"wp:term":[{"taxonomy":"category","embeddable":true,"href":"https:\/\/orheifm.live\/index.php\/wp-json\/wp\/v2\/categories?post=70348"},{"taxonomy":"post_tag","embeddable":true,"href":"https:\/\/orheifm.live\/index.php\/wp-json\/wp\/v2\/tags?post=70348"}],"curies":[{"name":"wp","href":"https:\/\/api.w.org\/{rel}","templated":true}]}}