{"id":70346,"date":"2025-04-07T15:50:21","date_gmt":"2025-04-07T12:50:21","guid":{"rendered":"https:\/\/orheifm.live\/index.php\/2025\/04\/07\/mars-solemn-moment-de-reculegere-si-depunere-de-flori-blocul-victorie-a-adus-un-omagiu-eroilor-cazuti-pentru-eliberarea-municipiului-orhei\/"},"modified":"2025-04-07T15:50:21","modified_gmt":"2025-04-07T12:50:21","slug":"mars-solemn-moment-de-reculegere-si-depunere-de-flori-blocul-victorie-a-adus-un-omagiu-eroilor-cazuti-pentru-eliberarea-municipiului-orhei","status":"publish","type":"post","link":"https:\/\/orheifm.live\/index.php\/2025\/04\/07\/mars-solemn-moment-de-reculegere-si-depunere-de-flori-blocul-victorie-a-adus-un-omagiu-eroilor-cazuti-pentru-eliberarea-municipiului-orhei\/","title":{"rendered":"Mar\u0219 solemn, moment de reculegere \u0219i depunere de flori. Blocul \u201eVictorie\u201d a adus un omagiu eroilor c\u0103zu\u021bi pentru eliberarea municipiului Orhei."},"content":{"rendered":"<div>\n<p><strong>Acum 81 de ani, trupele sovietice au eliberat Orheiul de sub ocupa\u021bia fascist\u0103. \u00cen semn de respect pentru eroii c\u0103zu\u021bi, reprezentan\u021bii blocului \u201eVictorie\u201d, al\u0103turi de ambasadorul Federa\u021biei Ruse, Oleg Ozerov, autorit\u0103\u021bile municipale \u0219i raionale, dar \u0219i locuitorii ora\u0219ului \u0219i ai raionului, au desf\u0103\u0219urat o mar\u0219 solemn pe str\u0103zile centrale ale ora\u0219ului, \u00een cinstea celor care au luptat pentru pace \u0219i eliberare \u00een cadrul Marelui R\u0103zboi pentru Ap\u0103rarea Patriei<\/strong>.<br \/>\n<iframe loading=\"lazy\" title=\"YouTube video player\" src=\"https:\/\/www.youtube.com\/embed\/nu584dGxcAg?si=rRTNWjVrC7DHh4v_\" width=\"560\" height=\"315\" frameborder=\"0\" allowfullscreen=\"allowfullscreen\"><\/iframe><\/p>\n<p>Acum 81 de ani, trupele sovietice au eliberat Orheiul de sub ocupa\u021bia fascist\u0103. \u00cen semn de respect pentru eroii c\u0103zu\u021bi, reprezentan\u021bii blocului \u201eVictorie\u201d, al\u0103turi de ambasadorul Federa\u021biei Ruse, Oleg Ozerov, autorit\u0103\u021bile municipale \u0219i raionale, dar \u0219i locuitorii ora\u0219ului \u0219i ai raionului, au desf\u0103\u0219urat o mar\u0219 solemn pe str\u0103zile centrale ale ora\u0219ului, \u00een cinstea celor care au luptat pentru pace \u0219i eliberare \u00een cadrul Marelui R\u0103zboi pentru Ap\u0103rarea Patriei<\/p>\n<p>\u00censo\u021bi\u021bi de o orchestr\u0103 care interpreta melodii din perioada r\u0103zboiului, participan\u021bii au mar\u0219uit pe str\u0103zile ora\u0219ului c\u0103tre monumentul osta\u0219ilor Marelui R\u0103zboi pentru Ap\u0103rarea Patriei, unde au depus flori \u00een semn de omagiu. Coroane de flori au fost a\u0219ezate \u0219i pe soclul memorialelor din Cimitirul Central, precum \u0219i la monumentul \u201eGlorie ve\u0219nic\u0103\u201d.<\/p>\n<p>Pe acordurile legendarei piese \u201eKatiu\u0219a\u201d, \u00een centrul ora\u0219ului Orhei au fost elibera\u021bi porumbei \u2013 simboluri renumite ale p\u0103cii.<\/p>\n<p>Tinerii participan\u021bi au dansat pe ritmurile c\u00e2ntecelor victoriei, evoc\u00e2nd trecutul eroic al poporului sovietic. Pre\u0219edintele grupului parlamentar \u201eVictorie\u201d a declarat c\u0103 mar\u0219ul desf\u0103\u0219urat reprezint\u0103 un \u201evaccin\u201d \u00eempotriva fascismului \u0219i neofascismului.<\/p>\n<p>VASILE BOLEA, pre\u0219edintele grupului parlamentar \u201eVictorie\u201d<\/p>\n<p>Trebuie s\u0103 \u021binem minte aceast\u0103 istorie \u0219i lec\u021biile evenimentelor \u00eent\u00e2mplate acum 80-81 de ani. Din p\u0103cate, ast\u0103zi vedem cum aceast\u0103 maladie a neo-fascismului, de aceast\u0103 maladie se \u00eemboln\u0103vesc, eu vorbesc despre unii care sunt ast\u0103zi la posturi \u00eenalte \u00een Republica Moldova. Am vorbit despre acest lucru \u0219i la tribuna parlamentului. Vedem cum se rescriu manualele de istorie.<\/p>\n<p>Deputa\u021bii Blocului \u201eVictorie\u201d au spus c\u0103 tinerelor genera\u021bii trebuie s\u0103 le fie cunoscute tragediile din trecut, pentru ca astfel de evenimente, precum Al Doilea R\u0103zboi Mondial, s\u0103 nu se mai repete niciodat\u0103.<\/p>\n<p>REGHINA APOSTOLOVA, deputat Blocul \u201eVictorie\u201d<\/p>\n<p>Dragii mei prieteni, acum 81 de ani, ora\u0219ul Orhei a fost eliberat de sub ocupa\u021bia nazi-fascist\u0103 \u0219i tr\u0103ie\u0219te ast\u0103zi \u00een pace. Soldatul sovietic este acela care a adus libertatea, iar din p\u0103cate, foarte pu\u021bini dintre ace\u0219tia mai tr\u0103iesc ast\u0103zi \u2013 doar 24 de veterani \u00ee\u0219i mai amintesc ce s-a \u00eent\u00e2mplat \u00een timpul Marelui R\u0103zboi pentru Ap\u0103rarea Patriei. Indiferent c\u00e2t de mult ar dori unii istorici contemporani s\u0103 rescrie istoria, martorii oculari nu vor l\u0103sa acest lucru s\u0103 se \u00eent\u00e2mple. Ast\u0103zi, \u00eei salut\u0103m cu respect pe to\u021bi cei 24 de veterani.<\/p>\n<p>VADIM FOTESCU, deputat Blocul \u201eVictorie\u201d Misiunea noastr\u0103 este de a transmite tinerelor genera\u021bii adev\u0103rul despre marea victorie, pentru c\u0103 noi \u0219i ei suntem urma\u0219ii \u00eenving\u0103torilor \u0219i nu trebuie niciodat\u0103 s\u0103 uit\u0103m acest lucru.<\/p>\n<p>La eveniment a participat \u0219i ambasadorul Federa\u021biei Ruse \u00een Republica Moldova, Oleg Ozerov, care \u0219i-a \u00eenceput discursul la Orhei cu salutul \u201eBuna ziua!\u201d. Acesta a cerut scuze pentru faptul c\u0103 \u00eenc\u0103 nu nu vorbe\u0219te limba, explic\u00e2nd c\u0103 a ajuns recent \u00een \u021bar\u0103, dar a promis c\u0103 o va \u00eenv\u0103\u021ba \u00een cel mai scurt timp. \u00cen leg\u0103tur\u0103 cu evenimentul, diplomatul a subliniat c\u0103 aceast\u0103 dat\u0103 reprezint\u0103 un moment care ne une\u0219te popoarele.<\/p>\n<p>OLEG OZEROV, ambasadorul Federa\u021biei Ruse \u00een RM<\/p>\n<p>Marc\u0103m un eveniment dublu, avem dou\u0103 motive de s\u0103rb\u0103toare. \u00cemplinim 81 de ani de la eliberarea ora\u0219ului Orhei de sub ocupa\u021bia germano-nazist\u0103 \u0219i, totodat\u0103, se \u00eemplinesc 33 de ani de la stabilirea rela\u021biilor diplomatice \u00eentre Federa\u021bia Rus\u0103 \u0219i Republica Moldova. Suntem convin\u0219i c\u0103 aceste rela\u021bii, \u00een ciuda tuturor dificult\u0103\u021bilor \u0219i crizelor cu care s-au confruntat, vor urma un drum larg \u0219i prosper. De ce? Pentru c\u0103 popoarele noastre \u00ee\u0219i doresc s\u0103 fie prietene. Popoarele noastre doresc s\u0103 dezvolte rela\u021bii bune \u00eentre cele dou\u0103 \u021b\u0103ri. \u0218i, desigur, vom depune toate eforturile pentru a transforma acest lucru \u00een realitate.<\/p>\n<p>Ambasadorul rus i-a \u00eenm\u00e2nat unui veteran medalia aniversar\u0103 \u201e80 de ani de victorie \u00een Marele R\u0103zboi pentru Ap\u0103rarea Patriei din 1941-1945\u201d.<\/p>\n<p>OLEG OZEROV, ambasadorul Federa\u021biei Ruse \u00een RM<\/p>\n<p>Vrem s\u0103 \u00eenm\u00e2n\u0103m veteranului Marelui R\u0103zboi pentru Ap\u0103rarea Patriei, Evghenii Klimovici Perestu, o medalie comemorativ\u0103 \u00een cinstea a 80 de ani de la Victoria \u00een Marele R\u0103zboi pentru Ap\u0103rarea Patriei, din partea pre\u0219edintelui Federa\u021biei Ruse. Aceast\u0103 medalie \u00eei este acordat\u0103 conform decretului s\u0103u. Felicit\u0103ri!<\/p>\n<p>Primarul municipiului Orhei a mul\u021bumit tuturor celor care au participat la eveniment.<\/p>\n<p>TATIANA COCIU, primarul municipiului Orhei<\/p>\n<p>Plimb\u00e2ndu-m\u0103 pe str\u0103zile ora\u0219ului nostru, \u00eemi imaginez cum a fost acum 81 de ani, c\u00e2nd pe aceste str\u0103zi m\u0103r\u0219\u0103luiau solda\u021bii nazi\u0219ti, iar oamenii, speria\u021bi \u0219i ap\u0103sa\u021bi, tr\u0103iau chinuri \u00eengrozitoare doar pentru c\u0103 nu \u00eemp\u0103rt\u0103\u0219eau ideile nazi\u0219tilor germani. Ast\u0103zi, ne bucur\u0103m de faptul c\u0103 eroii de acum 81 de ani au eliberat ora\u0219ul nostru. Iar noi, to\u021bi orheienii \u0219i to\u021bi oaspe\u021bii, avem privilegiul de a ne bucura de cerul senin \u0219i de a tr\u0103i \u00een pace..<\/p>\n<p>\u0218i pre\u0219edintele Blocului \u201eVictorie\u201d a venit cu un mesaj cu ocazia celei de-a 81-a anivers\u0103ri a eliber\u0103rii ora\u0219ului Orhei de sub fascism. \u201eCu profund\u0103 recuno\u0219tin\u021b\u0103, onor\u0103m devotamentul osta\u0219ilor care au luptat pentru eliberarea p\u0103m\u00e2ntului nostru. Acum, autorit\u0103\u021bile moldovene\u0219ti pro-occidentale \u00eencearc\u0103 s\u0103 rescrie istoria. Ele creeaz\u0103 manuale false, aplic\u0103 amenzi pentru purtarea panglicilor Sf\u00e2ntul Gheorghe, ignor\u0103 Ziua Victoriei \u0219i distrug monumentele eroilor r\u0103zboiului. Dar vom ap\u0103ra de distrugere tot ceea ce ne este drag. Vom transmite adev\u0103rul genera\u021biilor viitoare, pentru ca amintirea despre fapta solda\u021bilor sovietici s\u0103 tr\u0103iasc\u0103 ve\u0219nic!\u201d, a scris politicianul pe re\u021belele de socializare.<\/p>\n<p>Pentru to\u021bi locuitorii \u0219i oaspe\u021bii ora\u0219ului a fost organizat un concert. Trupa LUME, al\u0103turi de arti\u0219ti din capital\u0103 \u0219i colective artistice de la Casa de Cultur\u0103 din Orhei, au interpretat c\u00e2ntece patriotice \u00eendr\u0103gite de toat\u0103 lumea, \u00een care se p\u0103streaz\u0103 amintirea eroismului Armatei Ro\u0219ii. Ziua de comemorare s-a \u00eencheiat cu ac\u021biunea \u201eLum\u00e2narea Memoriei\u201d, desf\u0103\u0219urat\u0103 la apus, c\u00e2nd to\u021bi cei prezen\u021bi au p\u0103strat un moment de reculegere \u00een amintirea celor care \u0219i-au dat via\u021ba pentru Victorie.<\/p>\n<\/div>\n","protected":false},"excerpt":{"rendered":"<div><img loading=\"lazy\" decoding=\"async\" width=\"696\" height=\"341\" src=\"https:\/\/canal5.md\/wp-content\/uploads\/2025\/04\/snimok-ekrana_7-4-2025_15134_www.youtube.com_-1024x502-optimized.jpeg\" class=\"attachment-large size-large wp-post-image\" alt=\"\" srcset=\"https:\/\/canal5.md\/wp-content\/uploads\/2025\/04\/snimok-ekrana_7-4-2025_15134_www.youtube.com_-1024x502-optimized.jpeg 1024w, https:\/\/canal5.md\/wp-content\/uploads\/2025\/04\/snimok-ekrana_7-4-2025_15134_www.youtube.com_-300x147-optimized.jpeg 300w, https:\/\/canal5.md\/wp-content\/uploads\/2025\/04\/snimok-ekrana_7-4-2025_15134_www.youtube.com_-768x376-optimized.jpeg 768w, https:\/\/canal5.md\/wp-content\/uploads\/2025\/04\/snimok-ekrana_7-4-2025_15134_www.youtube.com_-1536x753-optimized.jpeg 1536w, https:\/\/canal5.md\/wp-content\/uploads\/2025\/04\/snimok-ekrana_7-4-2025_15134_www.youtube.com_-696x341-optimized.jpeg 696w, https:\/\/canal5.md\/wp-content\/uploads\/2025\/04\/snimok-ekrana_7-4-2025_15134_www.youtube.com_-1068x523-optimized.jpeg 1068w, https:\/\/canal5.md\/wp-content\/uploads\/2025\/04\/snimok-ekrana_7-4-2025_15134_www.youtube.com_-324x160-optimized.jpeg 324w, https:\/\/canal5.md\/wp-content\/uploads\/2025\/04\/snimok-ekrana_7-4-2025_15134_www.youtube.com_-optimized.jpeg 1777w\">Acum 81 de ani, trupele sovietice au eliberat Orheiul de sub ocupa\u021bia fascist\u0103. \u00cen semn de respect pentru eroii c\u0103zu\u021bi, reprezentan\u021bii blocului \u201eVictorie\u201d, al\u0103turi de ambasadorul Federa\u021biei Ruse, Oleg Ozerov, autorit\u0103\u021bile municipale \u0219i raionale, dar \u0219i locuitorii ora\u0219ului \u0219i ai raionului, au desf\u0103\u0219urat o mar\u0219 solemn pe str\u0103zile centrale ale ora\u0219ului, \u00een cinstea celor care [\u2026]<\/div>\n","protected":false},"author":1,"featured_media":70347,"comment_status":"closed","ping_status":"closed","sticky":false,"template":"","format":"standard","meta":{"jnews-multi-image_gallery":[],"jnews_single_post":[],"jnews_primary_category":[],"jnews_social_meta":[],"jnews_override_counter":[],"footnotes":""},"categories":[23],"tags":[],"class_list":["post-70346","post","type-post","status-publish","format-standard","has-post-thumbnail","hentry","category-politica_ro"],"_links":{"self":[{"href":"https:\/\/orheifm.live\/index.php\/wp-json\/wp\/v2\/posts\/70346","targetHints":{"allow":["GET"]}}],"collection":[{"href":"https:\/\/orheifm.live\/index.php\/wp-json\/wp\/v2\/posts"}],"about":[{"href":"https:\/\/orheifm.live\/index.php\/wp-json\/wp\/v2\/types\/post"}],"author":[{"embeddable":true,"href":"https:\/\/orheifm.live\/index.php\/wp-json\/wp\/v2\/users\/1"}],"replies":[{"embeddable":true,"href":"https:\/\/orheifm.live\/index.php\/wp-json\/wp\/v2\/comments?post=70346"}],"version-history":[{"count":0,"href":"https:\/\/orheifm.live\/index.php\/wp-json\/wp\/v2\/posts\/70346\/revisions"}],"wp:featuredmedia":[{"embeddable":true,"href":"https:\/\/orheifm.live\/index.php\/wp-json\/wp\/v2\/media\/70347"}],"wp:attachment":[{"href":"https:\/\/orheifm.live\/index.php\/wp-json\/wp\/v2\/media?parent=70346"}],"wp:term":[{"taxonomy":"category","embeddable":true,"href":"https:\/\/orheifm.live\/index.php\/wp-json\/wp\/v2\/categories?post=70346"},{"taxonomy":"post_tag","embeddable":true,"href":"https:\/\/orheifm.live\/index.php\/wp-json\/wp\/v2\/tags?post=70346"}],"curies":[{"name":"wp","href":"https:\/\/api.w.org\/{rel}","templated":true}]}}