{"id":70342,"date":"2025-04-07T15:00:11","date_gmt":"2025-04-07T12:00:11","guid":{"rendered":"https:\/\/orheifm.live\/index.php\/2025\/04\/07\/dosarul-gutul-popan-o-noua-cerere-de-arest-si-amenintare-cu-bomba-la-judecatoria-buiucani\/"},"modified":"2025-04-07T15:00:11","modified_gmt":"2025-04-07T12:00:11","slug":"dosarul-gutul-popan-o-noua-cerere-de-arest-si-amenintare-cu-bomba-la-judecatoria-buiucani","status":"publish","type":"post","link":"https:\/\/orheifm.live\/index.php\/2025\/04\/07\/dosarul-gutul-popan-o-noua-cerere-de-arest-si-amenintare-cu-bomba-la-judecatoria-buiucani\/","title":{"rendered":"Dosarul Gu\u021bul\u2013Popan: O nou\u0103 cerere de arest \u0219i amenin\u021bare cu bomb\u0103 la Judec\u0103toria Buiucani"},"content":{"rendered":"<div>\n<p><strong>Decizia instan\u021bei privind arestul preventiv al activistei Svetlana Popan va fi anun\u021bat\u0103 la ora 16:00. Se \u00eent\u00e2mpl\u0103 dup\u0103 ce, \u00een timpul procesului, poli\u021bi\u0219tii au primit o informare referitoare la o posibil\u0103 amenin\u021bare cu minare a cl\u0103dirii Judec\u0103toriei Buiucani. Ca urmare, to\u021bi participan\u021bii la proces, precum \u0219i lucr\u0103torii institu\u021biei, au fost evacua\u021bi. \u00cen instan\u021b\u0103 a fost prezent\u0103 \u0219i ba\u0219canul G\u0103g\u0103uziei, Evghenia Gu\u021bul, care a fost\u0103 adus\u0103, din nou, de un dispozitiv de poli\u021bie. Avocatul din dosar consider\u0103 c\u0103 evenimentele din cadrul procesului sunt absurde \u0219i sus\u021bine c\u0103, \u00een cazul \u00een care magistra\u021bii vor emite o sentin\u021b\u0103 de 30 de zile de arest preventiv pentru Svetlana Popan, decizia va fi ilegal\u0103.<\/strong><iframe loading=\"lazy\" title=\"YouTube video player\" src=\"https:\/\/www.youtube.com\/embed\/zqyzarwoYx0?si=ipvNgm7VXnB8nOTz\" width=\"560\" height=\"315\" frameborder=\"0\" allowfullscreen=\"allowfullscreen\"><\/iframe><\/p>\n<p>Decizia instan\u021bei privind solicitarea procurorilor de arestare preventiv\u0103 a activistei Svetlana Popan va fi anun\u021bat\u0103 la ora 16:00. Se \u00eent\u00e2mpl\u0103 dup\u0103 ce, \u00een timpul procesului, poli\u021bi\u0219tii au primit o informare referitoare la o posibil\u0103 amenin\u021bare cu minare a cl\u0103dirii Judec\u0103toriei Buiucani. Ca urmare, to\u021bi participan\u021bii la proces, precum \u0219i lucr\u0103torii institu\u021biei, au fost evacua\u021bi. \u00cen instan\u021b\u0103 a fost prezent\u0103 \u0219i ba\u0219canul G\u0103g\u0103uziei, Evghenia Gu\u021bul, care a fost adus\u0103, din nou, de un dispozitiv de poli\u021bie. Avocatul celor dou\u0103 doamne acuzate consider\u0103 c\u0103 evenimentele din cadrul procesului sunt absurde \u0219i sus\u021bine c\u0103, \u00een cazul \u00een care magistra\u021bii vor emite o sentin\u021b\u0103 de 30 de zile de arest preventiv pentru Svetlana Popan, decizia va fi ilegal\u0103.<\/p>\n<p>La \u0219edin\u021ba de judecat\u0103 s-au prezentat at\u00e2t activista Svetlana Popan, c\u00e2t \u0219i ba\u0219canul G\u0103g\u0103uziei, Evghenia Gu\u021bul. \u00cenainte de \u00eenceperea procesului, judec\u0103torul a interzis accesul \u00een sal\u0103 al reprezentan\u021bilor presei, deputa\u021bilor \u0219i rudelor. Totu\u0219i, guvernatoarea autonomiei a reu\u0219it s\u0103 transmit\u0103 un mesaj prin care asigura c\u0103 totul va fi bine \u0219i c\u0103 dreptatea va fi de partea lor. De asemenea, Evghenia Gu\u021bul a transmis felicit\u0103ri tuturor credincio\u0219ilor ortodoc\u0219i cu ocazia s\u0103rb\u0103torii \u201eBuna Vestire\u201d.<\/p>\n<p>\u2013 Totul va fi bine. Dreptatea \u0219i adev\u0103rul este de partea noastr\u0103. \u2013 Felicit\u0103ri cu ocazia s\u0103rb\u0103torii de ast\u0103zi. Este o s\u0103rb\u0103toare religioas\u0103 foarte mare. \u2013 Mul\u021bumesc mult, Reghina Vladimirovna. \u0218i eu v\u0103 felicit cu ocazia sfintei s\u0103rb\u0103tori. \u2013 Mul\u021bumesc. \u2013 Pentru to\u021bi credincio\u0219ii, felicit\u0103ri cu ocazia s\u0103rb\u0103torii.<\/p>\n<p>\u00cenainte de finalizarea \u0219edin\u021bei, poli\u021bi\u0219tii au primit un apel despre o posibil\u0103 amenin\u021bare cu minare a sediului. La fa\u021ba locului s- au deplasat speciali\u0219ti ai serviciilor speciale, iar cl\u0103direa a fost \u00eencercuit\u0103. To\u021bi angaja\u021bii au fost evacua\u021bi, iar cei care se adunaser\u0103 \u00een fa\u021ba instan\u021bei pentru a le sus\u021bine pe Evghenia Gu\u021bul \u0219i Svetlana Popan s-au retras de la sediul judec\u0103toriei.<\/p>\n<p>Avocatul Svetlanei Popan, Serghei Moraru, sus\u021bine c\u0103 ceea ce se \u00eent\u00e2mpl\u0103 \u00een cadrul acestui dosar este complet absurd \u0219i a explicat de ce.<\/p>\n<p>SERGHEI MORARU, avocat<\/p>\n<p>Arestul privind aplicarea m\u0103surii preventive \u00een cazul doamnei Popan, nu a fost prezentat nimic, nici la \u00eenceput, nici la sf\u00e2r\u0219it. Acest lucru pare a fi o decizie arbitrar\u0103 \u0219i chiar ilegal\u0103. Ea a fost prezent\u0103 la toate \u0219edin\u021bele, niciodat\u0103 nu s-a eschivat, asta este halucinant. La ora 16:00 se va anun\u021ba decizia \u0219i vom vedea ce va decide instan\u021ba.<\/p>\n<p>\u0218i deputa\u021bii blocului \u201eVictorie\u201d, precum \u0219i sus\u021bin\u0103torii Svetlanei Popan, sus\u021bin c\u0103 nu exist\u0103 vreun temei juridic pentru ca procurorii s\u0103 cear\u0103 arestarea preventiv\u0103 a acesteia, av\u00e2nd \u00een vedere c\u0103 a participat constant la \u0219edin\u021bele de judecat\u0103.<\/p>\n<p>REGHINA APOSTOLOVA, deputat al blocului \u201dVictorie\u201d<\/p>\n<p>Evghenia Gu\u021bul este patriot al Moldovei, patriot al G\u0103g\u0103uziei. Acest loc nu este pentru ea.\u00a0 Tot ce este legat de blocul \u201eVictorie\u201d este o comand\u0103 politic\u0103, dar suntem siguri c\u0103 va veni timpul c\u00e2nd totul se va \u00eentoarce \u00een cealalt\u0103 direc\u021bie. Acest an este anul alegerilor parlamentare, iar aceast\u0103 putere se teme foarte mult de ele, se teme s\u0103 le piard\u0103! Observa\u021bi c\u0103 oamenii simpli, la \u00eent\u00e2lnirile cu pre\u0219edintele, spun deschis ceea ce g\u00e2ndesc. Iar \u00een r\u0103spuns, pre\u0219edintele le amenin\u021b\u0103 cu procesul.<\/p>\n<p>Doar amenin\u021b\u0103ri continu\u0103.<\/p>\n<p>VADIM FOTESCU deputat al blocului \u201dVictorie\u201d<\/p>\n<p>Noi sper\u0103m la ceea c\u0103, reac\u021bia at\u00e2t din interiorul \u021b\u0103rii, c\u00e2t \u0219i din exterior la arestarea Evheniei Gu\u021bul s\u0103 nu permit\u0103 judec\u0103torilor s\u0103 dep\u0103\u0219easc\u0103 limitele atribu\u021biilor \u0219i s\u0103-i dea 30 de zile de arest Svetlanei Popan. Cum a spus \u0219i Reghina Valdimirovna, niciun martor nu a reu\u0219it s\u0103 dovedeasc\u0103 vina ei \u00een instan\u021b\u0103. Mai mult ca at\u00e2t, ea a participat la toate \u0219edin\u021bele de judecat\u0103. Nu a \u00eenc\u0103lcat \u00een nici un fel aceste \u0219edin\u021be. \u0218i nu exist\u0103 nicio nevoie de a-i limita libertatea.<\/p>\n<p>Mai mult, deputa\u021bii afirm\u0103 c\u0103 ceea ce se \u00eent\u00e2mpl\u0103 \u00een prezent reprezint\u0103 un atac direct asupra reprezentan\u021bilor opozi\u021biei \u0219i o \u00eencercare de a-i \u00eempiedica s\u0103 participe la alegeri. Sus\u021bin\u0103torii lui Gu\u021bul \u0219i Popan subliniaz\u0103 c\u0103 puterea elibereaz\u0103 infractori notorii, \u00een timp ce este preg\u0103tit\u0103 s\u0103-i aresteze pe cei care au curajul s\u0103 spun\u0103 adev\u0103rul.<\/p>\n<p>IURI VITNEANSCHII, activist al blocului \u201dVictorie\u201d 00.01-00.25 Svetlana Popan a frecventat \u00eentotdeauna \u0219edin\u021bele de judecat\u0103. Singura dat\u0103 c\u00e2nd a lipsit de la proces a fost c\u00e2nd a avut o interven\u021bie chirurgical\u0103. \u0218i chiar a\u0219a, deja a doua zi, ne\u021bin\u00e2nd cont de perioada de recuperare, a venit la instan\u021b\u0103. Ea niciodat\u0103 nu a \u00eencercat s\u0103 evite \u0219edin\u021bele. De aceea, nu \u00eemi pot imagina ce argumente, din punct de vedere juridic, poate aduce ast\u0103zi procurorul.<\/p>\n<p>Mul\u021bimea de oameni, veni\u021bi la judec\u0103torie s\u0103 le fie al\u0103turi Evgheniei Gu\u021bul \u0219i Svetlanei Popan, aveau pancarte cu diferite mesaje, precum: \u201eMoldova este al\u0103turi de Gu\u021bul \u0219i Popan!, Nu vom ceda!\u201d \u0219i \u201eO mam\u0103 dup\u0103 gratii \u2013 uciga\u0219ii la libertate!\u201d.<\/p>\n<p>Evghenia Gu\u021bul \u0219i Svetlana Popan sunt judecate pentru complicitate la finan\u021barea ilegal\u0103 a unui partid politic. Ele resping acuza\u021biile care li se aduc, numind dosarul penal unul de natur\u0103 politic\u0103. Procurorii se ab\u021bin de la comentarii.<\/p>\n<p>Men\u021bion\u0103m c\u0103 ba\u0219cana G\u0103g\u0103uziei execut\u0103 20 de zile de arest preventiv \u00eentr-un dosar care vizeaz\u0103 gestionarea frauduloas\u0103 a fondurilor electorale, finan\u021barea ilegal\u0103 \u0219i falsificarea declara\u021biilor. Evghenia Gu\u021bul se declar\u0103 nevinovat\u0103 \u0219i sus\u021bine c\u0103 acest dosar reprezint\u0103 o ac\u021biune politic\u0103, realizat\u0103 la comand\u0103. Avocatul s\u0103u a afirmat anterior c\u0103 asupra procurorilor \u0219i judec\u0103torilor se fac presiuni \u0219i c\u0103 nu exist\u0103 dovezi pentru sus\u021binerea acuza\u021biilor care i se aduc, precum c\u0103 Gu\u021bul ar fi fost implicat\u0103 \u00een colectarea semn\u0103turilor \u0219i a fondurilor pentru alegerile din 2023.<\/p>\n<\/div>\n","protected":false},"excerpt":{"rendered":"<div><img loading=\"lazy\" decoding=\"async\" width=\"696\" height=\"527\" src=\"https:\/\/canal5.md\/wp-content\/uploads\/2025\/04\/snimok-ekrana_7-4-2025_145859_www.youtube.com_-1024x775-optimized.jpeg\" class=\"attachment-large size-large wp-post-image\" alt=\"\" srcset=\"https:\/\/canal5.md\/wp-content\/uploads\/2025\/04\/snimok-ekrana_7-4-2025_145859_www.youtube.com_-1024x775-optimized.jpeg 1024w, https:\/\/canal5.md\/wp-content\/uploads\/2025\/04\/snimok-ekrana_7-4-2025_145859_www.youtube.com_-300x227-optimized.jpeg 300w, https:\/\/canal5.md\/wp-content\/uploads\/2025\/04\/snimok-ekrana_7-4-2025_145859_www.youtube.com_-768x581-optimized.jpeg 768w, https:\/\/canal5.md\/wp-content\/uploads\/2025\/04\/snimok-ekrana_7-4-2025_145859_www.youtube.com_-696x527-optimized.jpeg 696w, https:\/\/canal5.md\/wp-content\/uploads\/2025\/04\/snimok-ekrana_7-4-2025_145859_www.youtube.com_-1068x809-optimized.jpeg 1068w, https:\/\/canal5.md\/wp-content\/uploads\/2025\/04\/snimok-ekrana_7-4-2025_145859_www.youtube.com_-optimized.jpeg 1153w\">Decizia instan\u021bei privind arestul preventiv al activistei Svetlana Popan va fi anun\u021bat\u0103 la ora 16:00. Se \u00eent\u00e2mpl\u0103 dup\u0103 ce, \u00een timpul procesului, poli\u021bi\u0219tii au primit o informare referitoare la o posibil\u0103 amenin\u021bare cu minare a cl\u0103dirii Judec\u0103toriei Buiucani. Ca urmare, to\u021bi participan\u021bii la proces, precum \u0219i lucr\u0103torii institu\u021biei, au fost evacua\u021bi. \u00cen instan\u021b\u0103 a fost [\u2026]<\/div>\n","protected":false},"author":1,"featured_media":70343,"comment_status":"closed","ping_status":"closed","sticky":false,"template":"","format":"standard","meta":{"jnews-multi-image_gallery":[],"jnews_single_post":[],"jnews_primary_category":[],"jnews_social_meta":[],"jnews_override_counter":[],"footnotes":""},"categories":[23],"tags":[],"class_list":["post-70342","post","type-post","status-publish","format-standard","has-post-thumbnail","hentry","category-politica_ro"],"_links":{"self":[{"href":"https:\/\/orheifm.live\/index.php\/wp-json\/wp\/v2\/posts\/70342","targetHints":{"allow":["GET"]}}],"collection":[{"href":"https:\/\/orheifm.live\/index.php\/wp-json\/wp\/v2\/posts"}],"about":[{"href":"https:\/\/orheifm.live\/index.php\/wp-json\/wp\/v2\/types\/post"}],"author":[{"embeddable":true,"href":"https:\/\/orheifm.live\/index.php\/wp-json\/wp\/v2\/users\/1"}],"replies":[{"embeddable":true,"href":"https:\/\/orheifm.live\/index.php\/wp-json\/wp\/v2\/comments?post=70342"}],"version-history":[{"count":0,"href":"https:\/\/orheifm.live\/index.php\/wp-json\/wp\/v2\/posts\/70342\/revisions"}],"wp:featuredmedia":[{"embeddable":true,"href":"https:\/\/orheifm.live\/index.php\/wp-json\/wp\/v2\/media\/70343"}],"wp:attachment":[{"href":"https:\/\/orheifm.live\/index.php\/wp-json\/wp\/v2\/media?parent=70342"}],"wp:term":[{"taxonomy":"category","embeddable":true,"href":"https:\/\/orheifm.live\/index.php\/wp-json\/wp\/v2\/categories?post=70342"},{"taxonomy":"post_tag","embeddable":true,"href":"https:\/\/orheifm.live\/index.php\/wp-json\/wp\/v2\/tags?post=70342"}],"curies":[{"name":"wp","href":"https:\/\/api.w.org\/{rel}","templated":true}]}}