{"id":70340,"date":"2025-04-07T14:57:59","date_gmt":"2025-04-07T11:57:59","guid":{"rendered":"https:\/\/orheifm.live\/index.php\/2025\/04\/07\/blocul-politic-victorie-svetlana-popan-a-devenit-obiectul-presiunilor-din-partea-procurorilor\/"},"modified":"2025-04-07T14:57:59","modified_gmt":"2025-04-07T11:57:59","slug":"blocul-politic-victorie-svetlana-popan-a-devenit-obiectul-presiunilor-din-partea-procurorilor","status":"publish","type":"post","link":"https:\/\/orheifm.live\/index.php\/2025\/04\/07\/blocul-politic-victorie-svetlana-popan-a-devenit-obiectul-presiunilor-din-partea-procurorilor\/","title":{"rendered":"Blocul politic \u201dVictorie\u201d: Svetlana Popan a devenit obiectul presiunilor din partea procurorilor"},"content":{"rendered":"<div>\n<p><strong>Blocul politic \u201eVictorie\u201d a venit cu o reac\u021bie dup\u0103 ce procurorii au solicitat arestarea Svetlanei Popan. <\/strong><br \/>\n<iframe loading=\"lazy\" title=\"YouTube video player\" src=\"https:\/\/www.youtube.com\/embed\/bAfouEta3RE?si=gUC0ZgpXjx__eySn\" width=\"560\" height=\"315\" frameborder=\"0\" allowfullscreen=\"allowfullscreen\"><\/iframe><\/p>\n<p>Astfel, \u00eentr-o postare pe Telegram, forma\u021biunea politic\u0103 a declarat c\u0103:Ea se afl\u0103 deja sub interdic\u021bie de a p\u0103r\u0103si \u021bara, \u00eendeplinind cu bun\u0103 credin\u021b\u0103 toate cerin\u021bele \u0219i particip\u00e2nd la \u0219edin\u021bele de judecat\u0103 \u2014 \u00een ciuda acestui fapt, procuratura \u00eencearc\u0103 s\u0103 ob\u021bin\u0103 arestarea ei. F\u0103r\u0103 motive \u00eentemeiate \u0219i cu \u00eenc\u0103lc\u0103ri flagrante ale legii. Cererea va fi examinat\u0103 ast\u0103zi, 7 aprilie, la judec\u0103toria Buiucani.<\/p>\n<p>Ap\u0103r\u0103rii nu i-au fost puse la dispozi\u021bie materialele din timp, a\u0219a cum prevede legea. Iar avocatul statului \u0219tia deja despre inten\u021bia de a o aresta pe Popan, ceea ce pune sub semnul \u00eentreb\u0103rii independen\u021ba acestuia.<\/p>\n<p>Puterea actual\u0103 elibereaz\u0103 infractori condamna\u021bi, \u00eens\u0103 sunt gata s\u0103-i \u00eenchid\u0103 pe cei care pur \u0219i simplu au curajul s\u0103 spun\u0103 adev\u0103rul. Aceasta este un atac direct asupra opozi\u021biei \u0219i o \u00eencercare de a-i limita participarea la alegeri. Aceast\u0103 caz este unic. Exist\u0103 zeci de dosare penale \u00eempotriva reprezentan\u021bilor blocului \u201eVictorie\u201d. Scopul este evident: a intimida, paraliza, a-i face s\u0103 tac\u0103\u201d, se arat\u0103 \u00een declara\u021bia blocului politic \u201eVictorie\u201d.<\/p>\n<p>Mai mult dec\u00e2t at\u00e2t, forma\u021biunea condamn\u0103 ac\u021biunile puterii pe care le calific\u0103 drept crime \u00eempotriva poporului \u0219i apeleaz\u0103 la procurori \u0219i judec\u0103tori s\u0103 se \u00eentoarc\u0103 la statul de drept \u0219i s\u0103 nu devin\u0103 complici la \u201ecrimele comandate de Maia Sandu \u0219i PAS\u201d.<\/p>\n<\/div>\n","protected":false},"excerpt":{"rendered":"<div><img decoding=\"async\" width=\"696\" height=\"421\" src=\"https:\/\/canal5.md\/wp-content\/uploads\/2025\/04\/snimok-ekrana_7-4-2025_145732_www.youtube.com_-1024x620-optimized.jpeg\" class=\"attachment-large size-large wp-post-image\" alt=\"\" loading=\"lazy\" srcset=\"https:\/\/canal5.md\/wp-content\/uploads\/2025\/04\/snimok-ekrana_7-4-2025_145732_www.youtube.com_-1024x620-optimized.jpeg 1024w, https:\/\/canal5.md\/wp-content\/uploads\/2025\/04\/snimok-ekrana_7-4-2025_145732_www.youtube.com_-300x182-optimized.jpeg 300w, https:\/\/canal5.md\/wp-content\/uploads\/2025\/04\/snimok-ekrana_7-4-2025_145732_www.youtube.com_-768x465-optimized.jpeg 768w, https:\/\/canal5.md\/wp-content\/uploads\/2025\/04\/snimok-ekrana_7-4-2025_145732_www.youtube.com_-696x422-optimized.jpeg 696w, https:\/\/canal5.md\/wp-content\/uploads\/2025\/04\/snimok-ekrana_7-4-2025_145732_www.youtube.com_-1068x647-optimized.jpeg 1068w, https:\/\/canal5.md\/wp-content\/uploads\/2025\/04\/snimok-ekrana_7-4-2025_145732_www.youtube.com_-optimized.jpeg 1444w\">Blocul politic \u201eVictorie\u201d a venit cu o reac\u021bie dup\u0103 ce procurorii au solicitat arestarea Svetlanei Popan. Astfel, \u00eentr-o postare pe Telegram, forma\u021biunea politic\u0103 a declarat c\u0103:Ea se afl\u0103 deja sub interdic\u021bie de a p\u0103r\u0103si \u021bara, \u00eendeplinind cu bun\u0103 credin\u021b\u0103 toate cerin\u021bele \u0219i particip\u00e2nd la \u0219edin\u021bele de judecat\u0103 \u2014 \u00een ciuda acestui fapt, procuratura \u00eencearc\u0103 s\u0103 [\u2026]<\/div>\n","protected":false},"author":1,"featured_media":70341,"comment_status":"closed","ping_status":"closed","sticky":false,"template":"","format":"standard","meta":{"jnews-multi-image_gallery":[],"jnews_single_post":[],"jnews_primary_category":[],"jnews_social_meta":[],"jnews_override_counter":[],"footnotes":""},"categories":[23],"tags":[],"class_list":["post-70340","post","type-post","status-publish","format-standard","has-post-thumbnail","hentry","category-politica_ro"],"_links":{"self":[{"href":"https:\/\/orheifm.live\/index.php\/wp-json\/wp\/v2\/posts\/70340","targetHints":{"allow":["GET"]}}],"collection":[{"href":"https:\/\/orheifm.live\/index.php\/wp-json\/wp\/v2\/posts"}],"about":[{"href":"https:\/\/orheifm.live\/index.php\/wp-json\/wp\/v2\/types\/post"}],"author":[{"embeddable":true,"href":"https:\/\/orheifm.live\/index.php\/wp-json\/wp\/v2\/users\/1"}],"replies":[{"embeddable":true,"href":"https:\/\/orheifm.live\/index.php\/wp-json\/wp\/v2\/comments?post=70340"}],"version-history":[{"count":0,"href":"https:\/\/orheifm.live\/index.php\/wp-json\/wp\/v2\/posts\/70340\/revisions"}],"wp:featuredmedia":[{"embeddable":true,"href":"https:\/\/orheifm.live\/index.php\/wp-json\/wp\/v2\/media\/70341"}],"wp:attachment":[{"href":"https:\/\/orheifm.live\/index.php\/wp-json\/wp\/v2\/media?parent=70340"}],"wp:term":[{"taxonomy":"category","embeddable":true,"href":"https:\/\/orheifm.live\/index.php\/wp-json\/wp\/v2\/categories?post=70340"},{"taxonomy":"post_tag","embeddable":true,"href":"https:\/\/orheifm.live\/index.php\/wp-json\/wp\/v2\/tags?post=70340"}],"curies":[{"name":"wp","href":"https:\/\/api.w.org\/{rel}","templated":true}]}}