{"id":70334,"date":"2025-04-07T12:20:17","date_gmt":"2025-04-07T09:20:17","guid":{"rendered":"https:\/\/orheifm.live\/index.php\/2025\/04\/07\/accident-grav-in-tighina-tanar-lovit-pe-trecerea-de-pietoni\/"},"modified":"2025-04-07T12:20:17","modified_gmt":"2025-04-07T09:20:17","slug":"accident-grav-in-tighina-tanar-lovit-pe-trecerea-de-pietoni","status":"publish","type":"post","link":"https:\/\/orheifm.live\/index.php\/2025\/04\/07\/accident-grav-in-tighina-tanar-lovit-pe-trecerea-de-pietoni\/","title":{"rendered":"Accident grav \u00een Tighina: t\u00e2n\u0103r lovit pe trecerea de pietoni"},"content":{"rendered":"<div>\n<p><strong>Un t\u00e2n\u0103r de 18 ani a fost grav r\u0103nit \u0219i a ajuns la spital, dup\u0103 ce a fost lovit de un automobil pe trecerea de pietoni. <\/strong><\/p>\n<p>Accidentul a avut loc \u00eentr-o intersec\u021bie din ora\u0219ul Tighina, iar \u0219oferi\u021ba, aflat\u0103 la volanul unei ma\u0219ini Toyota, ar fi vorbit la telefon \u00een momentul impactului. Aceasta nu a redus viteza la trecerea de pietoni \u0219i l-a lovit pe t\u00e2n\u0103r.<\/p>\n<p>B\u0103iatul a suferit o traum\u0103 la craniu \u0219i este internat \u00een stare grav\u0103. Ma\u0219ina a fost transportat\u0103 la parcarea special\u0103, iar autorit\u0103\u021bile investigheaz\u0103 incidentul.<\/p>\n<\/div>\n","protected":false},"excerpt":{"rendered":"<div><img loading=\"lazy\" decoding=\"async\" width=\"696\" height=\"392\" src=\"https:\/\/canal5.md\/wp-content\/uploads\/2025\/04\/27d8793f4889951275274028d4777af1d931bfd4b7ba4ed5522d4af7c98190fb-optimized.jpg\" class=\"attachment-large size-large wp-post-image\" alt=\"\" srcset=\"https:\/\/canal5.md\/wp-content\/uploads\/2025\/04\/27d8793f4889951275274028d4777af1d931bfd4b7ba4ed5522d4af7c98190fb-optimized.jpg 800w, https:\/\/canal5.md\/wp-content\/uploads\/2025\/04\/27d8793f4889951275274028d4777af1d931bfd4b7ba4ed5522d4af7c98190fb-300x169-optimized.jpg 300w, https:\/\/canal5.md\/wp-content\/uploads\/2025\/04\/27d8793f4889951275274028d4777af1d931bfd4b7ba4ed5522d4af7c98190fb-768x432-optimized.jpg 768w, https:\/\/canal5.md\/wp-content\/uploads\/2025\/04\/27d8793f4889951275274028d4777af1d931bfd4b7ba4ed5522d4af7c98190fb-696x392-optimized.jpg 696w\">Un t\u00e2n\u0103r de 18 ani a fost grav r\u0103nit \u0219i a ajuns la spital, dup\u0103 ce a fost lovit de un automobil pe trecerea de pietoni. Accidentul a avut loc \u00eentr-o intersec\u021bie din ora\u0219ul Tighina, iar \u0219oferi\u021ba, aflat\u0103 la volanul unei ma\u0219ini Toyota, ar fi vorbit la telefon \u00een momentul impactului. Aceasta nu a redus [\u2026]<\/div>\n","protected":false},"author":1,"featured_media":70335,"comment_status":"closed","ping_status":"closed","sticky":false,"template":"","format":"standard","meta":{"jnews-multi-image_gallery":[],"jnews_single_post":[],"jnews_primary_category":[],"jnews_social_meta":[],"jnews_override_counter":[],"footnotes":""},"categories":[30],"tags":[],"class_list":["post-70334","post","type-post","status-publish","format-standard","has-post-thumbnail","hentry","category-social_ro"],"_links":{"self":[{"href":"https:\/\/orheifm.live\/index.php\/wp-json\/wp\/v2\/posts\/70334","targetHints":{"allow":["GET"]}}],"collection":[{"href":"https:\/\/orheifm.live\/index.php\/wp-json\/wp\/v2\/posts"}],"about":[{"href":"https:\/\/orheifm.live\/index.php\/wp-json\/wp\/v2\/types\/post"}],"author":[{"embeddable":true,"href":"https:\/\/orheifm.live\/index.php\/wp-json\/wp\/v2\/users\/1"}],"replies":[{"embeddable":true,"href":"https:\/\/orheifm.live\/index.php\/wp-json\/wp\/v2\/comments?post=70334"}],"version-history":[{"count":0,"href":"https:\/\/orheifm.live\/index.php\/wp-json\/wp\/v2\/posts\/70334\/revisions"}],"wp:featuredmedia":[{"embeddable":true,"href":"https:\/\/orheifm.live\/index.php\/wp-json\/wp\/v2\/media\/70335"}],"wp:attachment":[{"href":"https:\/\/orheifm.live\/index.php\/wp-json\/wp\/v2\/media?parent=70334"}],"wp:term":[{"taxonomy":"category","embeddable":true,"href":"https:\/\/orheifm.live\/index.php\/wp-json\/wp\/v2\/categories?post=70334"},{"taxonomy":"post_tag","embeddable":true,"href":"https:\/\/orheifm.live\/index.php\/wp-json\/wp\/v2\/tags?post=70334"}],"curies":[{"name":"wp","href":"https:\/\/api.w.org\/{rel}","templated":true}]}}