{"id":70332,"date":"2025-04-07T12:00:53","date_gmt":"2025-04-07T09:00:53","guid":{"rendered":"https:\/\/orheifm.live\/index.php\/2025\/04\/07\/moldovean-si-roman-risca-trei-ani-de-inchisoare-pentru-furtul-unui-seif-in-belgia\/"},"modified":"2025-04-07T12:00:53","modified_gmt":"2025-04-07T09:00:53","slug":"moldovean-si-roman-risca-trei-ani-de-inchisoare-pentru-furtul-unui-seif-in-belgia","status":"publish","type":"post","link":"https:\/\/orheifm.live\/index.php\/2025\/04\/07\/moldovean-si-roman-risca-trei-ani-de-inchisoare-pentru-furtul-unui-seif-in-belgia\/","title":{"rendered":"Moldovean \u0219i rom\u00e2n risc\u0103 trei ani de \u00eenchisoare pentru furtul unui seif \u00een Belgia"},"content":{"rendered":"<div>\n<p><strong>Un cet\u0103\u021bean moldovean \u0219i unul rom\u00e2n risc\u0103 p\u00e2n\u0103 la trei ani de \u00eenchisoare dup\u0103 ce, \u00een luna ianuarie, au \u00eencercat s\u0103 fure un seif dintr-o libr\u0103rie din Belgia. <\/strong><\/p>\n<p>Incidentul a avut loc \u00een ora\u0219ul La Louvi\u00e8re, iar cei doi b\u0103rba\u021bi, afla\u021bi sub influen\u021ba cocainei, au fost prin\u0219i de poli\u021bie \u00een timp ce ie\u0219eau din cl\u0103dire cu seiful \u00eentr-o roab\u0103. Potrivit publica\u021biei La Derni\u00e8re Heure, ace\u0219tia au atras aten\u021bia localnicilor prin zgomotele puternice f\u0103cute \u00een timpul nop\u021bii, iar poli\u021bia a intervenit rapid.<\/p>\n<p>\u00cen urma investiga\u021biei, s-a descoperit c\u0103 u\u0219a de sticl\u0103 a libr\u0103riei a fost for\u021bat\u0103 cu o rang\u0103 \u0219i ho\u021bii folosisser\u0103 o roab\u0103 pentru a transporta seiful. Cei doi suspec\u021bi au recunoscut faptele \u00een fa\u021ba instan\u021bei, iar avoca\u021bii lor au cerut clemen\u021b\u0103, invoc\u00e2nd lipsa antecedentelor penale ale unuia dintre ei, \u00een timp ce cel\u0103lalt avea 11 fapte de furt anterioare.<\/p>\n<\/div>\n","protected":false},"excerpt":{"rendered":"<div><img loading=\"lazy\" decoding=\"async\" width=\"696\" height=\"392\" src=\"https:\/\/canal5.md\/wp-content\/uploads\/2025\/04\/403e2dc67f7f653410bc1c006b30c804c3ed26c21ffea0e951cddd959af83c99-1024x576-optimized.jpg\" class=\"attachment-large size-large wp-post-image\" alt=\"\" srcset=\"https:\/\/canal5.md\/wp-content\/uploads\/2025\/04\/403e2dc67f7f653410bc1c006b30c804c3ed26c21ffea0e951cddd959af83c99-1024x576-optimized.jpg 1024w, https:\/\/canal5.md\/wp-content\/uploads\/2025\/04\/403e2dc67f7f653410bc1c006b30c804c3ed26c21ffea0e951cddd959af83c99-300x169-optimized.jpg 300w, https:\/\/canal5.md\/wp-content\/uploads\/2025\/04\/403e2dc67f7f653410bc1c006b30c804c3ed26c21ffea0e951cddd959af83c99-768x432-optimized.jpg 768w, https:\/\/canal5.md\/wp-content\/uploads\/2025\/04\/403e2dc67f7f653410bc1c006b30c804c3ed26c21ffea0e951cddd959af83c99-696x392-optimized.jpg 696w, https:\/\/canal5.md\/wp-content\/uploads\/2025\/04\/403e2dc67f7f653410bc1c006b30c804c3ed26c21ffea0e951cddd959af83c99-1068x601-optimized.jpg 1068w, https:\/\/canal5.md\/wp-content\/uploads\/2025\/04\/403e2dc67f7f653410bc1c006b30c804c3ed26c21ffea0e951cddd959af83c99-optimized.jpg 1200w\">Un cet\u0103\u021bean moldovean \u0219i unul rom\u00e2n risc\u0103 p\u00e2n\u0103 la trei ani de \u00eenchisoare dup\u0103 ce, \u00een luna ianuarie, au \u00eencercat s\u0103 fure un seif dintr-o libr\u0103rie din Belgia. Incidentul a avut loc \u00een ora\u0219ul La Louvi\u00e8re, iar cei doi b\u0103rba\u021bi, afla\u021bi sub influen\u021ba cocainei, au fost prin\u0219i de poli\u021bie \u00een timp ce ie\u0219eau din cl\u0103dire [\u2026]<\/div>\n","protected":false},"author":1,"featured_media":70333,"comment_status":"closed","ping_status":"closed","sticky":false,"template":"","format":"standard","meta":{"jnews-multi-image_gallery":[],"jnews_single_post":[],"jnews_primary_category":[],"jnews_social_meta":[],"jnews_override_counter":[],"footnotes":""},"categories":[30],"tags":[],"class_list":["post-70332","post","type-post","status-publish","format-standard","has-post-thumbnail","hentry","category-social_ro"],"_links":{"self":[{"href":"https:\/\/orheifm.live\/index.php\/wp-json\/wp\/v2\/posts\/70332","targetHints":{"allow":["GET"]}}],"collection":[{"href":"https:\/\/orheifm.live\/index.php\/wp-json\/wp\/v2\/posts"}],"about":[{"href":"https:\/\/orheifm.live\/index.php\/wp-json\/wp\/v2\/types\/post"}],"author":[{"embeddable":true,"href":"https:\/\/orheifm.live\/index.php\/wp-json\/wp\/v2\/users\/1"}],"replies":[{"embeddable":true,"href":"https:\/\/orheifm.live\/index.php\/wp-json\/wp\/v2\/comments?post=70332"}],"version-history":[{"count":0,"href":"https:\/\/orheifm.live\/index.php\/wp-json\/wp\/v2\/posts\/70332\/revisions"}],"wp:featuredmedia":[{"embeddable":true,"href":"https:\/\/orheifm.live\/index.php\/wp-json\/wp\/v2\/media\/70333"}],"wp:attachment":[{"href":"https:\/\/orheifm.live\/index.php\/wp-json\/wp\/v2\/media?parent=70332"}],"wp:term":[{"taxonomy":"category","embeddable":true,"href":"https:\/\/orheifm.live\/index.php\/wp-json\/wp\/v2\/categories?post=70332"},{"taxonomy":"post_tag","embeddable":true,"href":"https:\/\/orheifm.live\/index.php\/wp-json\/wp\/v2\/tags?post=70332"}],"curies":[{"name":"wp","href":"https:\/\/api.w.org\/{rel}","templated":true}]}}