{"id":70328,"date":"2025-04-07T11:20:25","date_gmt":"2025-04-07T08:20:25","guid":{"rendered":"https:\/\/orheifm.live\/index.php\/2025\/04\/07\/atentie-locuitori-ai-capitalei-trafic-suspendat-pe-strada-alexandru-cel-bun-din-durlesti-pe-7-aprilie\/"},"modified":"2025-04-07T11:20:25","modified_gmt":"2025-04-07T08:20:25","slug":"atentie-locuitori-ai-capitalei-trafic-suspendat-pe-strada-alexandru-cel-bun-din-durlesti-pe-7-aprilie","status":"publish","type":"post","link":"https:\/\/orheifm.live\/index.php\/2025\/04\/07\/atentie-locuitori-ai-capitalei-trafic-suspendat-pe-strada-alexandru-cel-bun-din-durlesti-pe-7-aprilie\/","title":{"rendered":"Aten\u021bie locuitori ai capitalei! Trafic suspendat pe strada Alexandru cel Bun din Durle\u0219ti pe 7 aprilie"},"content":{"rendered":"<div>\n<p><strong>\u00a0Prim\u0103ria municipiului Chi\u0219in\u0103u informeaz\u0103 c\u0103, din cauza prelungirii lucr\u0103rilor de repara\u021bie pe tronsonul de drum \u0219i pe trotuare, traficul rutier va r\u0103m\u00e2ne suspendat \u0219i ast\u0103zi, 7 aprilie, pe strada Alexandru cel Bun din ora\u0219ul Durle\u0219ti, \u00eentre str\u0103zile Livezilor \u0219i Nicolae Testemi\u021banu.<\/strong><\/p>\n<p>\u00cen acest context, rutele autobuzelor nr. 11 \u0219i nr. 12 din ora\u0219ul Durle\u0219ti vor fi redirec\u021bionate dup\u0103 cum urmeaz\u0103:<\/p>\n<p><strong>Ruta autobuzului nr. 11<\/strong><br \/>\n<strong>Dus:<\/strong> str. Ismail \u2014 bd. Dmitrie Cantemir \u2014 bd. Constantin Negru\u021bchi \u2014 str. Cuflea \u2014 str. Bucure\u0219ti \u2014 str. Ismail \u2014 str. Pantelimon Halippa \u2014 \u0219os. H\u00e2nce\u0219ti \u2014 str. Spicului \u2014 str. Yaloveni. \u00cen ora\u0219ul Durle\u0219ti: str. Nicolae Dimo (rotire pe sensul giratoriu la intersec\u021bia cu str. C\u0103tu\u0219a).<br \/>\n<strong>\u00centors:<\/strong> str. Nicolae Dimo \u2014 str. Yaloveni \u2014 str. Spicului \u2014 \u0219os. H\u00e2nce\u0219ti \u2014 str. Miori\u021ba \u2014 str. George Asaki \u2014 str. Pantelimon Halippa \u2014 str. Ismail.<\/p>\n<p><strong>Ruta autobuzului nr. 12<\/strong><br \/>\n<strong>Dus:<\/strong> Pia\u021ba Dmitrie Cantemir \u2014 str. Ion Creang\u0103. \u00cen ora\u0219ul Durle\u0219ti: str. Tudor Vladimirescu \u2014 str. \u0218tefan Vod\u0103 (rotire la intersec\u021bia cu str. Rediul Mare).<br \/>\n<strong>\u00centors:<\/strong> str. \u0218tefan Vod\u0103 \u2014 str. Tudor Vladimirescu \u2014 str. Ion Creang\u0103 \u2014 Pia\u021ba Dmitrie Cantemir.<\/p>\n<p>Amintim c\u0103 lucr\u0103rile de repara\u021bie pe strada Alexandru cel Bun din Durle\u0219ti au \u00eenceput pe 3 martie<\/p>\n<\/div>\n","protected":false},"excerpt":{"rendered":"<div><img loading=\"lazy\" decoding=\"async\" width=\"696\" height=\"416\" src=\"https:\/\/canal5.md\/wp-content\/uploads\/2025\/04\/snimok-ekrana_7-4-2025_10122_canal5.md_-1024x612-optimized.jpeg\" class=\"attachment-large size-large wp-post-image\" alt=\"\" srcset=\"https:\/\/canal5.md\/wp-content\/uploads\/2025\/04\/snimok-ekrana_7-4-2025_10122_canal5.md_-1024x612-optimized.jpeg 1024w, https:\/\/canal5.md\/wp-content\/uploads\/2025\/04\/snimok-ekrana_7-4-2025_10122_canal5.md_-300x179-optimized.jpeg 300w, https:\/\/canal5.md\/wp-content\/uploads\/2025\/04\/snimok-ekrana_7-4-2025_10122_canal5.md_-768x459-optimized.jpeg 768w, https:\/\/canal5.md\/wp-content\/uploads\/2025\/04\/snimok-ekrana_7-4-2025_10122_canal5.md_-1536x918-optimized.jpeg 1536w, https:\/\/canal5.md\/wp-content\/uploads\/2025\/04\/snimok-ekrana_7-4-2025_10122_canal5.md_-2048x1224-optimized.jpeg 2048w, https:\/\/canal5.md\/wp-content\/uploads\/2025\/04\/snimok-ekrana_7-4-2025_10122_canal5.md_-696x416-optimized.jpeg 696w, https:\/\/canal5.md\/wp-content\/uploads\/2025\/04\/snimok-ekrana_7-4-2025_10122_canal5.md_-1068x638-optimized.jpeg 1068w, https:\/\/canal5.md\/wp-content\/uploads\/2025\/04\/snimok-ekrana_7-4-2025_10122_canal5.md_-1920x1148-optimized.jpeg 1920w\">\u00a0Prim\u0103ria municipiului Chi\u0219in\u0103u informeaz\u0103 c\u0103, din cauza prelungirii lucr\u0103rilor de repara\u021bie pe tronsonul de drum \u0219i pe trotuare, traficul rutier va r\u0103m\u00e2ne suspendat \u0219i ast\u0103zi, 7 aprilie, pe strada Alexandru cel Bun din ora\u0219ul Durle\u0219ti, \u00eentre str\u0103zile Livezilor \u0219i Nicolae Testemi\u021banu. \u00cen acest context, rutele autobuzelor nr. 11 \u0219i nr. 12 din ora\u0219ul Durle\u0219ti vor [\u2026]<\/div>\n","protected":false},"author":1,"featured_media":70329,"comment_status":"closed","ping_status":"closed","sticky":false,"template":"","format":"standard","meta":{"jnews-multi-image_gallery":[],"jnews_single_post":[],"jnews_primary_category":[],"jnews_social_meta":[],"jnews_override_counter":[],"footnotes":""},"categories":[30],"tags":[],"class_list":["post-70328","post","type-post","status-publish","format-standard","has-post-thumbnail","hentry","category-social_ro"],"_links":{"self":[{"href":"https:\/\/orheifm.live\/index.php\/wp-json\/wp\/v2\/posts\/70328","targetHints":{"allow":["GET"]}}],"collection":[{"href":"https:\/\/orheifm.live\/index.php\/wp-json\/wp\/v2\/posts"}],"about":[{"href":"https:\/\/orheifm.live\/index.php\/wp-json\/wp\/v2\/types\/post"}],"author":[{"embeddable":true,"href":"https:\/\/orheifm.live\/index.php\/wp-json\/wp\/v2\/users\/1"}],"replies":[{"embeddable":true,"href":"https:\/\/orheifm.live\/index.php\/wp-json\/wp\/v2\/comments?post=70328"}],"version-history":[{"count":0,"href":"https:\/\/orheifm.live\/index.php\/wp-json\/wp\/v2\/posts\/70328\/revisions"}],"wp:featuredmedia":[{"embeddable":true,"href":"https:\/\/orheifm.live\/index.php\/wp-json\/wp\/v2\/media\/70329"}],"wp:attachment":[{"href":"https:\/\/orheifm.live\/index.php\/wp-json\/wp\/v2\/media?parent=70328"}],"wp:term":[{"taxonomy":"category","embeddable":true,"href":"https:\/\/orheifm.live\/index.php\/wp-json\/wp\/v2\/categories?post=70328"},{"taxonomy":"post_tag","embeddable":true,"href":"https:\/\/orheifm.live\/index.php\/wp-json\/wp\/v2\/tags?post=70328"}],"curies":[{"name":"wp","href":"https:\/\/api.w.org\/{rel}","templated":true}]}}