{"id":70326,"date":"2025-04-07T11:00:23","date_gmt":"2025-04-07T08:00:23","guid":{"rendered":"https:\/\/orheifm.live\/index.php\/2025\/04\/07\/prabusire-tragica-a-unui-elicopter-de-salvare-japonez-in-apropierea-insulei-tsushima\/"},"modified":"2025-04-07T11:00:23","modified_gmt":"2025-04-07T08:00:23","slug":"prabusire-tragica-a-unui-elicopter-de-salvare-japonez-in-apropierea-insulei-tsushima","status":"publish","type":"post","link":"https:\/\/orheifm.live\/index.php\/2025\/04\/07\/prabusire-tragica-a-unui-elicopter-de-salvare-japonez-in-apropierea-insulei-tsushima\/","title":{"rendered":"Pr\u0103bu\u0219ire tragic\u0103 a unui elicopter de salvare japonez \u00een apropierea insulei Tsushima"},"content":{"rendered":"<div>\n<p class=\"\" data-start=\"23\" data-end=\"461\"><strong>Un elicopter de salvare japonez a fost g\u0103sit \u00een mare, aproape de insula Tsushima, iar la bord se aflau \u0219ase persoane, inclusiv pacien\u021bi \u0219i medici.<\/strong><\/p>\n<p class=\"\" data-start=\"23\" data-end=\"461\">Din p\u0103cate, trei dintre ace\u0219tia au murit \u00een urma pr\u0103bu\u0219irii. Potrivit autorit\u0103\u021bilor de coast\u0103 japoneze, aeronava a pierdut leg\u0103tura cu dispeceratul pe 6 aprilie, \u00een timpul deplas\u0103rii de la Aeroportul Tsushima c\u0103tre un spital din prefectura Fukuoka, relateaz\u0103 kommersant.ru, cit\u00e2nd nhk.or.jp.<\/p>\n<p class=\"\" data-start=\"463\" data-end=\"824\">Reprezentan\u021bii spitalului care a solicitat salvarea au precizat c\u0103 leg\u0103tura cu elicopterul a fost pierdut\u0103 la doar zece minute dup\u0103 decolare. Autorit\u0103\u021bile de coast\u0103 continu\u0103 investiga\u021biile pentru a stabili cauzele accidentului. \u00cencep\u00e2nd de luni, 7 aprilie, anchetatorii din cadrul Consiliului pentru Siguran\u021ba Transporturilor din Japonia s-au al\u0103turat anchetei.<\/p>\n<\/div>\n","protected":false},"excerpt":{"rendered":"<div><img loading=\"lazy\" decoding=\"async\" width=\"696\" height=\"462\" src=\"https:\/\/canal5.md\/wp-content\/uploads\/2025\/04\/7149ee91636df5bdbc46e4439cb82326-1024x680-optimized.jpg\" class=\"attachment-large size-large wp-post-image\" alt=\"\" srcset=\"https:\/\/canal5.md\/wp-content\/uploads\/2025\/04\/7149ee91636df5bdbc46e4439cb82326-1024x680-optimized.jpg 1024w, https:\/\/canal5.md\/wp-content\/uploads\/2025\/04\/7149ee91636df5bdbc46e4439cb82326-300x199-optimized.jpg 300w, https:\/\/canal5.md\/wp-content\/uploads\/2025\/04\/7149ee91636df5bdbc46e4439cb82326-768x510-optimized.jpg 768w, https:\/\/canal5.md\/wp-content\/uploads\/2025\/04\/7149ee91636df5bdbc46e4439cb82326-696x462-optimized.jpg 696w, https:\/\/canal5.md\/wp-content\/uploads\/2025\/04\/7149ee91636df5bdbc46e4439cb82326-1068x709-optimized.jpg 1068w, https:\/\/canal5.md\/wp-content\/uploads\/2025\/04\/7149ee91636df5bdbc46e4439cb82326-optimized.jpg 1200w\">Un elicopter de salvare japonez a fost g\u0103sit \u00een mare, aproape de insula Tsushima, iar la bord se aflau \u0219ase persoane, inclusiv pacien\u021bi \u0219i medici. Din p\u0103cate, trei dintre ace\u0219tia au murit \u00een urma pr\u0103bu\u0219irii. Potrivit autorit\u0103\u021bilor de coast\u0103 japoneze, aeronava a pierdut leg\u0103tura cu dispeceratul pe 6 aprilie, \u00een timpul deplas\u0103rii de la Aeroportul [\u2026]<\/div>\n","protected":false},"author":1,"featured_media":70327,"comment_status":"closed","ping_status":"closed","sticky":false,"template":"","format":"standard","meta":{"jnews-multi-image_gallery":[],"jnews_single_post":[],"jnews_primary_category":[],"jnews_social_meta":[],"jnews_override_counter":[],"footnotes":""},"categories":[29],"tags":[],"class_list":["post-70326","post","type-post","status-publish","format-standard","has-post-thumbnail","hentry","category-externe_ro"],"_links":{"self":[{"href":"https:\/\/orheifm.live\/index.php\/wp-json\/wp\/v2\/posts\/70326","targetHints":{"allow":["GET"]}}],"collection":[{"href":"https:\/\/orheifm.live\/index.php\/wp-json\/wp\/v2\/posts"}],"about":[{"href":"https:\/\/orheifm.live\/index.php\/wp-json\/wp\/v2\/types\/post"}],"author":[{"embeddable":true,"href":"https:\/\/orheifm.live\/index.php\/wp-json\/wp\/v2\/users\/1"}],"replies":[{"embeddable":true,"href":"https:\/\/orheifm.live\/index.php\/wp-json\/wp\/v2\/comments?post=70326"}],"version-history":[{"count":0,"href":"https:\/\/orheifm.live\/index.php\/wp-json\/wp\/v2\/posts\/70326\/revisions"}],"wp:featuredmedia":[{"embeddable":true,"href":"https:\/\/orheifm.live\/index.php\/wp-json\/wp\/v2\/media\/70327"}],"wp:attachment":[{"href":"https:\/\/orheifm.live\/index.php\/wp-json\/wp\/v2\/media?parent=70326"}],"wp:term":[{"taxonomy":"category","embeddable":true,"href":"https:\/\/orheifm.live\/index.php\/wp-json\/wp\/v2\/categories?post=70326"},{"taxonomy":"post_tag","embeddable":true,"href":"https:\/\/orheifm.live\/index.php\/wp-json\/wp\/v2\/tags?post=70326"}],"curies":[{"name":"wp","href":"https:\/\/api.w.org\/{rel}","templated":true}]}}