{"id":70316,"date":"2025-04-06T16:52:03","date_gmt":"2025-04-06T13:52:03","guid":{"rendered":"https:\/\/orheifm.live\/index.php\/2025\/04\/06\/marine-le-pen-anunta-o-lupta-pasnica-pentru-drepturile-civile-ale-francezilor-vom-lua-exemplu-de-la-martin-luther-king\/"},"modified":"2025-04-06T16:52:03","modified_gmt":"2025-04-06T13:52:03","slug":"marine-le-pen-anunta-o-lupta-pasnica-pentru-drepturile-civile-ale-francezilor-vom-lua-exemplu-de-la-martin-luther-king","status":"publish","type":"post","link":"https:\/\/orheifm.live\/index.php\/2025\/04\/06\/marine-le-pen-anunta-o-lupta-pasnica-pentru-drepturile-civile-ale-francezilor-vom-lua-exemplu-de-la-martin-luther-king\/","title":{"rendered":"Marine Le Pen anun\u021b\u0103 o lupt\u0103 pa\u0219nic\u0103 pentru \u201edrepturile civile\u201d ale francezilor. \u201eVom lua exemplu de la Martin Luther King\u201d"},"content":{"rendered":"<div>\n<p><strong>Lidera extremei drepte franceze Marine Le Pen, condamnat\u0103 la cinci ani de ineligibilitate cu aplicare imediat\u0103, pentru deturnare de fonduri publice, a declarat c\u0103 va contesta aceast\u0103 decizie pe cale \u201edemocratic\u0103\u201d \u015fi \u201epa\u015fnic\u0103\u201d, invoc\u00e2nd lupta pentru drepturile civile dus\u0103 \u00een SUA de pastorul Martin Luther King Jr., informeaz\u0103 duminic\u0103 AFP, preluat\u0103 de Agerpres.<\/strong><\/p>\n<p>\u201eLupta noastr\u0103 (\u2026) va fi (\u2026) o lupt\u0103 pa\u015fnic\u0103, o lupt\u0103 democratic\u0103. Vom lua exemplu de la Martin Luther King care a ap\u0103rat drepturile civile\u201d, pentru c\u0103 \u201edrepturile civile ale francezilor sunt cele puse ast\u0103zi \u00een discu\u0163ie \u00een Fran\u0163a\u201d, a declarat deputata prin videoconferin\u0163\u0103 pentru membrii partidului italian antiimigra\u0163ie Liga al lui Matteo Salvini, reuni\u0163i \u00een congres la Floren\u0163a.<\/p>\n<p>Anturajul Marinei Le Pen a f\u0103cut deja referire \u00een ultimele zile la Martin Luther King, asasinat pe 4 aprilie 1968 de un segrega\u0163ionist alb pe balconul unui motel din Memphis, \u00een sudul SUA, unde el venise s\u0103 sus\u0163in\u0103 o grev\u0103 a gunoierilor.<\/p>\n<p>De asemenea, partidul Adunarea Na\u0163ional\u0103 (Rassemblement National , RN) a anun\u0163at c\u0103 \u00ee\u015fi va \u00eenmul\u0163i c\u0103ile de recurs legale \u015fi manifesta\u0163iile pa\u015fnice, chiar dac\u0103 el contest\u0103 legitimitatea acestei condamn\u0103ri \u00een prima instan\u0163\u0103 \u00een dosarul privind asisten\u0163ii parlamentari europeni \u015fi \u00eei critic\u0103 ferm pe magistra\u0163i.<\/p>\n<p>\u201eNe vom bate, nu vom ceda niciodat\u0103 \u00een fa\u0163a acestei violen\u0163e, nu vom ceda niciodat\u0103 \u00een fa\u0163a acestei violen\u0163e la adresa democra\u0163iei. Vom utiliza toate mijloacele de drept posibile pentru a putea concura \u00een aceste alegeri preziden\u0163iale \u015fi a z\u0103d\u0103rnici aceast\u0103 tentativ\u0103 de a pune cap\u0103t func\u0163ion\u0103rii democratice a Fran\u0163ei\u201d, a dat asigur\u0103ri Marine Le Pen.<\/p>\n<p>\u201eMul\u0163umesc, Marine, nu vrem s\u0103-\u0163i r\u0103pim mai mult timp\u201d, i-a r\u0103spuns Matteo Salvini, \u201east\u0103zi va fi o zi important\u0103 pentru tine, pentru Fran\u0163a\u201d, a spus el.<\/p>\n<p>Lidera extremei drepte franceze \u0219i mai mul\u021bi colegi de partid\u00a0au fost condamna\u021bi luni \u00een prim\u0103 instan\u021b\u0103 \u00eentr-un dosar de deturnare de fonduri, dup\u0103 ce au folosit banii Parlamentului European pentru a pl\u0103ti salariile membrilor de partid din Fran\u021ba. Le Pen a primit patru ani de \u00eenchisoare, dintre care doi cu suspendare \u0219i doi sub supraveghere electronic\u0103. Decizia nu e definitiv\u0103, dar judec\u0103toarea i-a impus \u0219i o interdic\u021bie de a ocupa func\u021bii publice pe o perioad\u0103 de cinci ani, cu executare imediat\u0103, care \u00eei compromite cel mai probabil candidatura la alegerile preziden\u021biale din 2027.<\/p>\n<p>Extrema dreapt\u0103 francez\u0103 organizeaz\u0103 duminic\u0103 la Paris, \u00eencep\u00e2nd cu orele locale 15.00, \u00een fa\u0163a H\u00f4tel des Invalides, o manifesta\u0163ie \u00een sus\u0163inerea liderei sale Marine Le Pen.<\/p>\n<p>De la premierul maghiar Viktor Orban la vicepremierul italian Matteo Salvini sau fostul pre\u0219edinte rus Dmitri Medvedev, mai mul\u021bi oficiali au reac\u021bionat pentru a-\u0219i ar\u0103ta\u00a0sus\u021binerea pentru Le Pen\u00a0\u0219i pentru a critica decizia justi\u021biei franceze.<\/p>\n<p>Printre ace\u0219tia s-a num\u0103rat \u0219i Donald Trump care a comparat condamnarea lui Marine Le Pen cu propriile sale cazuri judiciare din Statele Unite, afirm\u00e2nd c\u0103 ineligibilitatea de cinci ani a \u015fefei RN este \u201eo chestiune foarte grav\u0103\u201d.<\/p>\n<p><a href=\"https:\/\/hotnews.ro\/marine-le-pen-anunta-o-lupta-pasnica-pentru-drepturile-civile-ale-francezilor-vom-lua-exemplu-de-la-martin-luther-king-1941893\"><strong>hotnews.ro<\/strong><\/a><\/p>\n<\/div>\n","protected":false},"excerpt":{"rendered":"<div><img loading=\"lazy\" decoding=\"async\" width=\"696\" height=\"464\" src=\"https:\/\/canal5.md\/wp-content\/uploads\/2025\/04\/image-2024-06-11-27207046-41-marine-pen-optimized.webp\" class=\"attachment-large size-large wp-post-image\" alt=\"\" srcset=\"https:\/\/canal5.md\/wp-content\/uploads\/2025\/04\/image-2024-06-11-27207046-41-marine-pen-optimized.webp 800w, https:\/\/canal5.md\/wp-content\/uploads\/2025\/04\/image-2024-06-11-27207046-41-marine-pen-300x200-optimized.webp 300w, https:\/\/canal5.md\/wp-content\/uploads\/2025\/04\/image-2024-06-11-27207046-41-marine-pen-768x512-optimized.webp 768w, https:\/\/canal5.md\/wp-content\/uploads\/2025\/04\/image-2024-06-11-27207046-41-marine-pen-696x464-optimized.webp 696w\">Lidera extremei drepte franceze Marine Le Pen, condamnat\u0103 la cinci ani de ineligibilitate cu aplicare imediat\u0103, pentru deturnare de fonduri publice, a declarat c\u0103 va contesta aceast\u0103 decizie pe cale \u201edemocratic\u0103\u201d \u015fi \u201epa\u015fnic\u0103\u201d, invoc\u00e2nd lupta pentru drepturile civile dus\u0103 \u00een SUA de pastorul Martin Luther King Jr., informeaz\u0103 duminic\u0103 AFP, preluat\u0103 de Agerpres. \u201eLupta noastr\u0103 [\u2026]<\/div>\n","protected":false},"author":1,"featured_media":70317,"comment_status":"closed","ping_status":"closed","sticky":false,"template":"","format":"standard","meta":{"jnews-multi-image_gallery":[],"jnews_single_post":[],"jnews_primary_category":[],"jnews_social_meta":[],"jnews_override_counter":[],"footnotes":""},"categories":[29],"tags":[],"class_list":["post-70316","post","type-post","status-publish","format-standard","has-post-thumbnail","hentry","category-externe_ro"],"_links":{"self":[{"href":"https:\/\/orheifm.live\/index.php\/wp-json\/wp\/v2\/posts\/70316","targetHints":{"allow":["GET"]}}],"collection":[{"href":"https:\/\/orheifm.live\/index.php\/wp-json\/wp\/v2\/posts"}],"about":[{"href":"https:\/\/orheifm.live\/index.php\/wp-json\/wp\/v2\/types\/post"}],"author":[{"embeddable":true,"href":"https:\/\/orheifm.live\/index.php\/wp-json\/wp\/v2\/users\/1"}],"replies":[{"embeddable":true,"href":"https:\/\/orheifm.live\/index.php\/wp-json\/wp\/v2\/comments?post=70316"}],"version-history":[{"count":0,"href":"https:\/\/orheifm.live\/index.php\/wp-json\/wp\/v2\/posts\/70316\/revisions"}],"wp:featuredmedia":[{"embeddable":true,"href":"https:\/\/orheifm.live\/index.php\/wp-json\/wp\/v2\/media\/70317"}],"wp:attachment":[{"href":"https:\/\/orheifm.live\/index.php\/wp-json\/wp\/v2\/media?parent=70316"}],"wp:term":[{"taxonomy":"category","embeddable":true,"href":"https:\/\/orheifm.live\/index.php\/wp-json\/wp\/v2\/categories?post=70316"},{"taxonomy":"post_tag","embeddable":true,"href":"https:\/\/orheifm.live\/index.php\/wp-json\/wp\/v2\/tags?post=70316"}],"curies":[{"name":"wp","href":"https:\/\/api.w.org\/{rel}","templated":true}]}}