{"id":70312,"date":"2025-04-06T14:44:29","date_gmt":"2025-04-06T11:44:29","guid":{"rendered":"https:\/\/orheifm.live\/index.php\/2025\/04\/06\/magistrata-marina-rusu-dupa-acuzatiile-lui-grosu-in-adresa-olesei-stamate-unde-este-sesizarea-penala-pe-o-acuzatie-atat-de-grava-ca-abuz-de-incredere\/"},"modified":"2025-04-06T14:44:29","modified_gmt":"2025-04-06T11:44:29","slug":"magistrata-marina-rusu-dupa-acuzatiile-lui-grosu-in-adresa-olesei-stamate-unde-este-sesizarea-penala-pe-o-acuzatie-atat-de-grava-ca-abuz-de-incredere","status":"publish","type":"post","link":"https:\/\/orheifm.live\/index.php\/2025\/04\/06\/magistrata-marina-rusu-dupa-acuzatiile-lui-grosu-in-adresa-olesei-stamate-unde-este-sesizarea-penala-pe-o-acuzatie-atat-de-grava-ca-abuz-de-incredere\/","title":{"rendered":"Magistrata Marina Rusu, dup\u0103 acuza\u021biile lui Grosu \u00een adresa Olesei Stamate: Unde este sesizarea penal\u0103 pe o acuza\u021bie atat de grav\u0103 ca \u201eabuz de \u00eencredere\u201d?!"},"content":{"rendered":"<div>\n<p><strong>Magistrata Marina Rusu a formulat mai multe \u00eentreb\u0103ri \u00een adresa pre\u0219edintelui Parlamentului, liderul PAS, Igor Grosu, care a acuzat-o pe Olesea Stamate de \u201eabuz de \u00eencredere\u201d \u0219i i-a cerut s\u0103-\u0219i depun\u0103 mandatul de deputat, dup\u0103 scandalul pe Legea amnistiei.<\/strong><\/p>\n<p>\u201eUnde a fost controlul intern? Unde a fost comisia juridic\u0103? Cum a votat majoritatea parlamentar\u0103? Cum a fost promulgat\u0103 legea? Unde este sesizarea penal\u0103 pe o acuza\u021bie atat de grav\u0103 ca \u201eabuz de \u00eencredere\u201d?!\u201d, a punctat judec\u0103toarea.<\/p>\n<p><strong><a href=\"https:\/\/telex.md\/2025\/04\/06\/magistrata-marina-rusu-dupa-acuzatiile-lui-grosu-in-adresa-olesei-stamate-unde-este-sesizarea-penala-pe-o-acuzatie-atat-de-grava-ca-abuz-de-incredere\/\">telex.md<\/a><br \/>\n<\/strong><\/p>\n<\/div>\n","protected":false},"excerpt":{"rendered":"<div><img loading=\"lazy\" decoding=\"async\" width=\"696\" height=\"392\" src=\"https:\/\/canal5.md\/wp-content\/uploads\/2025\/04\/c2e7fdcede168ed7bad0bb9a8379d1da8b68a910752bf2e9c05cf645bc14e965-1024x576-1-optimized.jpg\" class=\"attachment-large size-large wp-post-image\" alt=\"\" srcset=\"https:\/\/canal5.md\/wp-content\/uploads\/2025\/04\/c2e7fdcede168ed7bad0bb9a8379d1da8b68a910752bf2e9c05cf645bc14e965-1024x576-1-optimized.jpg 1024w, https:\/\/canal5.md\/wp-content\/uploads\/2025\/04\/c2e7fdcede168ed7bad0bb9a8379d1da8b68a910752bf2e9c05cf645bc14e965-1024x576-1-300x169-optimized.jpg 300w, https:\/\/canal5.md\/wp-content\/uploads\/2025\/04\/c2e7fdcede168ed7bad0bb9a8379d1da8b68a910752bf2e9c05cf645bc14e965-1024x576-1-768x432-optimized.jpg 768w, https:\/\/canal5.md\/wp-content\/uploads\/2025\/04\/c2e7fdcede168ed7bad0bb9a8379d1da8b68a910752bf2e9c05cf645bc14e965-1024x576-1-696x392-optimized.jpg 696w\">Magistrata Marina Rusu a formulat mai multe \u00eentreb\u0103ri \u00een adresa pre\u0219edintelui Parlamentului, liderul PAS, Igor Grosu, care a acuzat-o pe Olesea Stamate de \u201eabuz de \u00eencredere\u201d \u0219i i-a cerut s\u0103-\u0219i depun\u0103 mandatul de deputat, dup\u0103 scandalul pe Legea amnistiei. \u201eUnde a fost controlul intern? Unde a fost comisia juridic\u0103? Cum a votat majoritatea parlamentar\u0103? Cum [\u2026]<\/div>\n","protected":false},"author":1,"featured_media":70313,"comment_status":"closed","ping_status":"closed","sticky":false,"template":"","format":"standard","meta":{"jnews-multi-image_gallery":[],"jnews_single_post":[],"jnews_primary_category":[],"jnews_social_meta":[],"jnews_override_counter":[],"footnotes":""},"categories":[30],"tags":[],"class_list":["post-70312","post","type-post","status-publish","format-standard","has-post-thumbnail","hentry","category-social_ro"],"_links":{"self":[{"href":"https:\/\/orheifm.live\/index.php\/wp-json\/wp\/v2\/posts\/70312","targetHints":{"allow":["GET"]}}],"collection":[{"href":"https:\/\/orheifm.live\/index.php\/wp-json\/wp\/v2\/posts"}],"about":[{"href":"https:\/\/orheifm.live\/index.php\/wp-json\/wp\/v2\/types\/post"}],"author":[{"embeddable":true,"href":"https:\/\/orheifm.live\/index.php\/wp-json\/wp\/v2\/users\/1"}],"replies":[{"embeddable":true,"href":"https:\/\/orheifm.live\/index.php\/wp-json\/wp\/v2\/comments?post=70312"}],"version-history":[{"count":0,"href":"https:\/\/orheifm.live\/index.php\/wp-json\/wp\/v2\/posts\/70312\/revisions"}],"wp:featuredmedia":[{"embeddable":true,"href":"https:\/\/orheifm.live\/index.php\/wp-json\/wp\/v2\/media\/70313"}],"wp:attachment":[{"href":"https:\/\/orheifm.live\/index.php\/wp-json\/wp\/v2\/media?parent=70312"}],"wp:term":[{"taxonomy":"category","embeddable":true,"href":"https:\/\/orheifm.live\/index.php\/wp-json\/wp\/v2\/categories?post=70312"},{"taxonomy":"post_tag","embeddable":true,"href":"https:\/\/orheifm.live\/index.php\/wp-json\/wp\/v2\/tags?post=70312"}],"curies":[{"name":"wp","href":"https:\/\/api.w.org\/{rel}","templated":true}]}}