{"id":70300,"date":"2025-04-05T17:50:17","date_gmt":"2025-04-05T14:50:17","guid":{"rendered":"https:\/\/orheifm.live\/index.php\/2025\/04\/05\/the-telegraph-ce-lider-ar-putea-juca-rolul-de-intermediar-al-europei-in-discutiile-cu-putin\/"},"modified":"2025-04-05T17:50:17","modified_gmt":"2025-04-05T14:50:17","slug":"the-telegraph-ce-lider-ar-putea-juca-rolul-de-intermediar-al-europei-in-discutiile-cu-putin","status":"publish","type":"post","link":"https:\/\/orheifm.live\/index.php\/2025\/04\/05\/the-telegraph-ce-lider-ar-putea-juca-rolul-de-intermediar-al-europei-in-discutiile-cu-putin\/","title":{"rendered":"The Telegraph: Ce lider ar putea juca rolul de intermediar al Europei \u00een discu\u021biile cu Putin?"},"content":{"rendered":"<div>\n<p><strong>The Telegraph a dezv\u0103luit cine ar putea deveni omul de leg\u0103tur\u0103 al Europei \u00een discu\u021biile cu liderul rus Vladimir Putin privind pacea \u00een Ucraina. Unii membri ai \u201ecoali\u021biei celor dispu\u0219i\u201d au f\u0103cut presiuni pentru ca un lider european s\u0103 reprezinte UE \u00een dialogul cu Rusia, pentru a sprijini Kievul.<\/strong><\/p>\n<p>Potrivit The Telegraph, pre\u0219edintele francez Emmanuel Macron \u0219i premierul britanic Keir Starmer sunt cei mai probabili interlocutori cu Moscova. Totu\u0219i, Starmer a declarat c\u0103 nu inten\u021bioneaz\u0103 s\u0103 conduc\u0103 aceste discu\u021bii.<\/p>\n<p>Pre\u0219edintele Finlandei, Alexander Stubb, a sugerat c\u0103 Fran\u021ba \u0219i Marea Britanie ar trebui s\u0103 preia conducerea \u00een discu\u021biile cu Rusia, av\u00e2nd \u00een vedere c\u0103 aceste \u021b\u0103ri au ini\u021biat \u201ecoali\u021bia celor dispu\u0219i\u201d. Macron a fost dispus s\u0103 preia acest rol atunci c\u00e2nd va fi momentul potrivit, potrivit unei surse de la Palatul \u00c9lys\u00e9e.<\/p>\n<p>Macron a fost un intermediar \u00eentre Rusia \u0219i Ucraina la \u00eenceputul r\u0103zboiului, men\u021bin\u00e2nd discu\u021bii cu Putin, dar a \u00eentrerupt comunicarea c\u00e2nd a realizat c\u0103 Putin nu inten\u021biona s\u0103 opreasc\u0103 invazia.<\/p>\n<\/div>\n","protected":false},"excerpt":{"rendered":"<div><img loading=\"lazy\" decoding=\"async\" width=\"696\" height=\"392\" src=\"https:\/\/canal5.md\/wp-content\/uploads\/2025\/04\/hepta_8264288-1024x732-1-1024x576-optimized.webp\" class=\"attachment-large size-large wp-post-image\" alt=\"\" srcset=\"https:\/\/canal5.md\/wp-content\/uploads\/2025\/04\/hepta_8264288-1024x732-1-1024x576-optimized.webp 1024w, https:\/\/canal5.md\/wp-content\/uploads\/2025\/04\/hepta_8264288-1024x732-1-300x169-optimized.webp 300w, https:\/\/canal5.md\/wp-content\/uploads\/2025\/04\/hepta_8264288-1024x732-1-768x432-optimized.webp 768w, https:\/\/canal5.md\/wp-content\/uploads\/2025\/04\/hepta_8264288-1024x732-1-696x392-optimized.webp 696w, https:\/\/canal5.md\/wp-content\/uploads\/2025\/04\/hepta_8264288-1024x732-1-1068x601-optimized.webp 1068w, https:\/\/canal5.md\/wp-content\/uploads\/2025\/04\/hepta_8264288-1024x732-1-optimized.webp 1280w\">The Telegraph a dezv\u0103luit cine ar putea deveni omul de leg\u0103tur\u0103 al Europei \u00een discu\u021biile cu liderul rus Vladimir Putin privind pacea \u00een Ucraina. Unii membri ai \u201ecoali\u021biei celor dispu\u0219i\u201d au f\u0103cut presiuni pentru ca un lider european s\u0103 reprezinte UE \u00een dialogul cu Rusia, pentru a sprijini Kievul. Potrivit The Telegraph, pre\u0219edintele francez Emmanuel [\u2026]<\/div>\n","protected":false},"author":1,"featured_media":70301,"comment_status":"closed","ping_status":"closed","sticky":false,"template":"","format":"standard","meta":{"jnews-multi-image_gallery":[],"jnews_single_post":[],"jnews_primary_category":[],"jnews_social_meta":[],"jnews_override_counter":[],"footnotes":""},"categories":[29],"tags":[],"class_list":["post-70300","post","type-post","status-publish","format-standard","has-post-thumbnail","hentry","category-externe_ro"],"_links":{"self":[{"href":"https:\/\/orheifm.live\/index.php\/wp-json\/wp\/v2\/posts\/70300","targetHints":{"allow":["GET"]}}],"collection":[{"href":"https:\/\/orheifm.live\/index.php\/wp-json\/wp\/v2\/posts"}],"about":[{"href":"https:\/\/orheifm.live\/index.php\/wp-json\/wp\/v2\/types\/post"}],"author":[{"embeddable":true,"href":"https:\/\/orheifm.live\/index.php\/wp-json\/wp\/v2\/users\/1"}],"replies":[{"embeddable":true,"href":"https:\/\/orheifm.live\/index.php\/wp-json\/wp\/v2\/comments?post=70300"}],"version-history":[{"count":0,"href":"https:\/\/orheifm.live\/index.php\/wp-json\/wp\/v2\/posts\/70300\/revisions"}],"wp:featuredmedia":[{"embeddable":true,"href":"https:\/\/orheifm.live\/index.php\/wp-json\/wp\/v2\/media\/70301"}],"wp:attachment":[{"href":"https:\/\/orheifm.live\/index.php\/wp-json\/wp\/v2\/media?parent=70300"}],"wp:term":[{"taxonomy":"category","embeddable":true,"href":"https:\/\/orheifm.live\/index.php\/wp-json\/wp\/v2\/categories?post=70300"},{"taxonomy":"post_tag","embeddable":true,"href":"https:\/\/orheifm.live\/index.php\/wp-json\/wp\/v2\/tags?post=70300"}],"curies":[{"name":"wp","href":"https:\/\/api.w.org\/{rel}","templated":true}]}}