{"id":70294,"date":"2025-04-05T16:11:12","date_gmt":"2025-04-05T13:11:12","guid":{"rendered":"https:\/\/orheifm.live\/index.php\/2025\/04\/05\/olesea-stamate-nu-mi-am-depus-mandatul-de-parlamentar-si-nu-stiu-daca-o-voi-face\/"},"modified":"2025-04-05T16:11:12","modified_gmt":"2025-04-05T13:11:12","slug":"olesea-stamate-nu-mi-am-depus-mandatul-de-parlamentar-si-nu-stiu-daca-o-voi-face","status":"publish","type":"post","link":"https:\/\/orheifm.live\/index.php\/2025\/04\/05\/olesea-stamate-nu-mi-am-depus-mandatul-de-parlamentar-si-nu-stiu-daca-o-voi-face\/","title":{"rendered":"Olesea Stamate: Nu mi-am depus mandatul de parlamentar \u0219i nu \u0219tiu dac\u0103 o voi face"},"content":{"rendered":"<div>\n<p><strong>Deputata Olesea Stamate, exclus\u0103 din Partidul Ac\u021biune \u0219i Solidaritate dup\u0103 scandalul cu eliberarea din penitenciar a unor interlopi deosebit de periculo\u0219i, a declarat c\u0103 nu a renun\u021bat \u00eenc\u0103 la mandatul de parlamentar, de\u0219i acest lucru i-a fost solicitat de liderul forma\u021biunii, Igor Grosu, dup\u0103 excluderea sa din frac\u021biune \u0219i din partid. Aceasta afirm\u0103 c\u0103 va continua s\u0103 lupte pentru dreptate, chiar dac\u0103 nu este clar deocamdat\u0103 \u00een ce calitate, transmite <a href=\"https:\/\/www.ipn.md\/ro\/olesea-stamate-nu-mi-am-depus-mandatul-de-parlamentar-7965_1113567.html\">IPN.<\/a><\/strong><\/p>\n<p>\u201eA\u0219a cum am promis \u0219i \u00een campania electoral\u0103, \u0219i \u00een toate comunic\u0103rile mele cu cet\u0103\u021benii, eu voi continua s\u0103 lupt pentru dreptate \u0219i pentru justi\u021bie. Din ce ipostaz\u0103 voi face acest lucru, vom vedea. Voi comunica \u00een scurt timp\u201d, a spus Stamate \u00een cadrul unei emisiuni la TVR Moldova.<\/p>\n<p>Demisia sa din PAS vine \u00een contextul scandalului major iscat dup\u0103 ce s-a aflat c\u0103 mai multe persoane condamnate pentru crime deosebit de grave au fost eliberate din penitenciar. Eliber\u0103rile au avut loc \u00een baza Legii amnistiei, adoptate \u00een anul 2021, dar \u0219i a unor amendamente ulterioare, sus\u021binute \u0219i votate de deputa\u021bii PAS, Olesea Stamate fiind printre autorii ini\u021biativei.<\/p>\n<p>Deputata spune c\u0103 proiectul respectiv a fost avizat de toate institu\u021biile implicate.<\/p>\n<p>\u201eProiectul a fost elaborat \u00een consultare cu Ministerul Justi\u021biei, cu Administra\u021bia Na\u021bional\u0103 a Penitenciarelor, a primit toate avizele pozitive, expertiza anticorup\u021bie, \u0219i aviz de la Guvern. Legea a fost votat\u0103 nu doar de deputa\u021bii PAS, ci unanim\u201d, a precizat Olesea Stamate.<\/p>\n<p>De cealalt\u0103 parte, pre\u0219edintele Platformei DA, Dinu Pl\u00eeng\u0103u, a criticat reac\u021bia PAS \u0219i consider\u0103 c\u0103 Olesea Stamate nu ar trebui s\u0103 fie singura responsabilizat\u0103 pentru o decizie colectiv\u0103.<\/p>\n<p>\u201e\u00cemi este neclar\u0103 pozi\u021bia Olesei Stamate de a justifica de una singur\u0103 toate problemele care au fost comise colectiv. \u00cen documente am v\u0103zut semn\u0103tura mai multor deputa\u021bi pe acest proiect de lege. Dac\u0103 i se cere demisia doamnei Stamate, trebuie s\u0103 i se cear\u0103 demisia \u0219i vicepre\u0219edintelui Parlamentului, Doina Gherman, care a semnat acest proiect. S\u0103 se cear\u0103 \u0219i demisia actualei pre\u0219edinte a comisiei juridice, Veronica Ro\u0219ca, a ministrei justi\u021biei, care a dat aviz pozitiv. Ce fac consilierii pre\u0219edin\u021biei care se ocup\u0103 de domeniul juridic, care au promulgat aceast\u0103 lege? Este o problem\u0103 colectiv\u0103\u201d, a declarat Dinu Pl\u00eeng\u0103u.<\/p>\n<p>Vineri, \u0219i-a prezentat demisia \u0219i directorul Administra\u021biei Na\u021bionale a Penitenciarelor, Anatolie Falc\u0103, dup\u0103 ce i-a cerut-o premierul Dorin Recean. Iar Ministerul Justi\u021biei l-a desemnat pe adjunctul lui Falc\u0103, Alexandru Adam, \u0219ef interimar ANP.<\/p>\n<\/div>\n","protected":false},"excerpt":{"rendered":"<div><img loading=\"lazy\" decoding=\"async\" width=\"696\" height=\"464\" src=\"https:\/\/canal5.md\/wp-content\/uploads\/2025\/04\/1113567__67f0e7ba2867c-1-optimized.jpg\" class=\"attachment-large size-large wp-post-image\" alt=\"\" srcset=\"https:\/\/canal5.md\/wp-content\/uploads\/2025\/04\/1113567__67f0e7ba2867c-1-optimized.jpg 750w, https:\/\/canal5.md\/wp-content\/uploads\/2025\/04\/1113567__67f0e7ba2867c-1-300x200-optimized.jpg 300w, https:\/\/canal5.md\/wp-content\/uploads\/2025\/04\/1113567__67f0e7ba2867c-1-696x464-optimized.jpg 696w\">Deputata Olesea Stamate, exclus\u0103 din Partidul Ac\u021biune \u0219i Solidaritate dup\u0103 scandalul cu eliberarea din penitenciar a unor interlopi deosebit de periculo\u0219i, a declarat c\u0103 nu a renun\u021bat \u00eenc\u0103 la mandatul de parlamentar, de\u0219i acest lucru i-a fost solicitat de liderul forma\u021biunii, Igor Grosu, dup\u0103 excluderea sa din frac\u021biune \u0219i din partid. Aceasta afirm\u0103 c\u0103 va [\u2026]<\/div>\n","protected":false},"author":1,"featured_media":70295,"comment_status":"closed","ping_status":"closed","sticky":false,"template":"","format":"standard","meta":{"jnews-multi-image_gallery":[],"jnews_single_post":[],"jnews_primary_category":[],"jnews_social_meta":[],"jnews_override_counter":[],"footnotes":""},"categories":[30],"tags":[],"class_list":["post-70294","post","type-post","status-publish","format-standard","has-post-thumbnail","hentry","category-social_ro"],"_links":{"self":[{"href":"https:\/\/orheifm.live\/index.php\/wp-json\/wp\/v2\/posts\/70294","targetHints":{"allow":["GET"]}}],"collection":[{"href":"https:\/\/orheifm.live\/index.php\/wp-json\/wp\/v2\/posts"}],"about":[{"href":"https:\/\/orheifm.live\/index.php\/wp-json\/wp\/v2\/types\/post"}],"author":[{"embeddable":true,"href":"https:\/\/orheifm.live\/index.php\/wp-json\/wp\/v2\/users\/1"}],"replies":[{"embeddable":true,"href":"https:\/\/orheifm.live\/index.php\/wp-json\/wp\/v2\/comments?post=70294"}],"version-history":[{"count":0,"href":"https:\/\/orheifm.live\/index.php\/wp-json\/wp\/v2\/posts\/70294\/revisions"}],"wp:featuredmedia":[{"embeddable":true,"href":"https:\/\/orheifm.live\/index.php\/wp-json\/wp\/v2\/media\/70295"}],"wp:attachment":[{"href":"https:\/\/orheifm.live\/index.php\/wp-json\/wp\/v2\/media?parent=70294"}],"wp:term":[{"taxonomy":"category","embeddable":true,"href":"https:\/\/orheifm.live\/index.php\/wp-json\/wp\/v2\/categories?post=70294"},{"taxonomy":"post_tag","embeddable":true,"href":"https:\/\/orheifm.live\/index.php\/wp-json\/wp\/v2\/tags?post=70294"}],"curies":[{"name":"wp","href":"https:\/\/api.w.org\/{rel}","templated":true}]}}