{"id":70286,"date":"2025-04-05T14:46:40","date_gmt":"2025-04-05T11:46:40","guid":{"rendered":"https:\/\/orheifm.live\/index.php\/2025\/04\/05\/tornade-violente-in-spania-3-morti-si-4-raniti-in-urma-furtunii-nuria\/"},"modified":"2025-04-05T14:46:40","modified_gmt":"2025-04-05T11:46:40","slug":"tornade-violente-in-spania-3-morti-si-4-raniti-in-urma-furtunii-nuria","status":"publish","type":"post","link":"https:\/\/orheifm.live\/index.php\/2025\/04\/05\/tornade-violente-in-spania-3-morti-si-4-raniti-in-urma-furtunii-nuria\/","title":{"rendered":"Tornade violente \u00een Spania: 3 mor\u021bi \u0219i 4 r\u0103ni\u021bi \u00een urma furtunii Nuria"},"content":{"rendered":"<div>\n<p><strong>Furtuna extrem\u0103 Nuria face ravagii \u00een sudul Spaniei, gener\u00e2nd tornade violente. Trei persoane au murit, iar alte patru au fost r\u0103nite \u00een urma pr\u0103bu\u0219irii unei cl\u0103diri din Sevilia, \u00een timp ce o alt\u0103 tornad\u0103 a lovit regiunea Huelva. <\/strong><\/p>\n<p>V\u00e2ntul puternic a smuls acoperi\u0219ul cl\u0103dirii, iar resturile acestuia au fost g\u0103site la un kilometru distan\u021b\u0103. V\u00e2ntul \u00een sudul Peninsulei Iberice a dep\u0103\u0219it 140 km\/h, iar porturile au fost \u00eenchise din motive de siguran\u021b\u0103.<\/p>\n<p>Fenomenul meteo, care a afectat deja regiunile sudice ale Spaniei \u0219i Arhipelagul Insulelor Canare, va persista p\u00e2n\u0103 duminic\u0103, cu riscuri de fenomene extreme.<\/p>\n<\/div>\n","protected":false},"excerpt":{"rendered":"<div><img loading=\"lazy\" decoding=\"async\" width=\"696\" height=\"393\" src=\"https:\/\/canal5.md\/wp-content\/uploads\/2025\/04\/yzezzgu0ymrinzjhmjy0mjfmmdfindrjytnkzjrknq.thumb_-optimized.jpg\" class=\"attachment-large size-large wp-post-image\" alt=\"\" srcset=\"https:\/\/canal5.md\/wp-content\/uploads\/2025\/04\/yzezzgu0ymrinzjhmjy0mjfmmdfindrjytnkzjrknq.thumb_-optimized.jpg 780w, https:\/\/canal5.md\/wp-content\/uploads\/2025\/04\/yzezzgu0ymrinzjhmjy0mjfmmdfindrjytnkzjrknq.thumb_-300x169-optimized.jpg 300w, https:\/\/canal5.md\/wp-content\/uploads\/2025\/04\/yzezzgu0ymrinzjhmjy0mjfmmdfindrjytnkzjrknq.thumb_-768x433-optimized.jpg 768w, https:\/\/canal5.md\/wp-content\/uploads\/2025\/04\/yzezzgu0ymrinzjhmjy0mjfmmdfindrjytnkzjrknq.thumb_-696x393-optimized.jpg 696w\">Furtuna extrem\u0103 Nuria face ravagii \u00een sudul Spaniei, gener\u00e2nd tornade violente. Trei persoane au murit, iar alte patru au fost r\u0103nite \u00een urma pr\u0103bu\u0219irii unei cl\u0103diri din Sevilia, \u00een timp ce o alt\u0103 tornad\u0103 a lovit regiunea Huelva. V\u00e2ntul puternic a smuls acoperi\u0219ul cl\u0103dirii, iar resturile acestuia au fost g\u0103site la un kilometru distan\u021b\u0103. V\u00e2ntul [\u2026]<\/div>\n","protected":false},"author":1,"featured_media":70287,"comment_status":"closed","ping_status":"closed","sticky":false,"template":"","format":"standard","meta":{"jnews-multi-image_gallery":[],"jnews_single_post":[],"jnews_primary_category":[],"jnews_social_meta":[],"jnews_override_counter":[],"footnotes":""},"categories":[29],"tags":[],"class_list":["post-70286","post","type-post","status-publish","format-standard","has-post-thumbnail","hentry","category-externe_ro"],"_links":{"self":[{"href":"https:\/\/orheifm.live\/index.php\/wp-json\/wp\/v2\/posts\/70286","targetHints":{"allow":["GET"]}}],"collection":[{"href":"https:\/\/orheifm.live\/index.php\/wp-json\/wp\/v2\/posts"}],"about":[{"href":"https:\/\/orheifm.live\/index.php\/wp-json\/wp\/v2\/types\/post"}],"author":[{"embeddable":true,"href":"https:\/\/orheifm.live\/index.php\/wp-json\/wp\/v2\/users\/1"}],"replies":[{"embeddable":true,"href":"https:\/\/orheifm.live\/index.php\/wp-json\/wp\/v2\/comments?post=70286"}],"version-history":[{"count":0,"href":"https:\/\/orheifm.live\/index.php\/wp-json\/wp\/v2\/posts\/70286\/revisions"}],"wp:featuredmedia":[{"embeddable":true,"href":"https:\/\/orheifm.live\/index.php\/wp-json\/wp\/v2\/media\/70287"}],"wp:attachment":[{"href":"https:\/\/orheifm.live\/index.php\/wp-json\/wp\/v2\/media?parent=70286"}],"wp:term":[{"taxonomy":"category","embeddable":true,"href":"https:\/\/orheifm.live\/index.php\/wp-json\/wp\/v2\/categories?post=70286"},{"taxonomy":"post_tag","embeddable":true,"href":"https:\/\/orheifm.live\/index.php\/wp-json\/wp\/v2\/tags?post=70286"}],"curies":[{"name":"wp","href":"https:\/\/api.w.org\/{rel}","templated":true}]}}