{"id":70278,"date":"2025-04-05T11:20:56","date_gmt":"2025-04-05T08:20:56","guid":{"rendered":"https:\/\/orheifm.live\/index.php\/2025\/04\/05\/cutremur-de-39-in-zona-vrancea-sambata-dimineata\/"},"modified":"2025-04-05T11:20:56","modified_gmt":"2025-04-05T08:20:56","slug":"cutremur-de-39-in-zona-vrancea-sambata-dimineata","status":"publish","type":"post","link":"https:\/\/orheifm.live\/index.php\/2025\/04\/05\/cutremur-de-39-in-zona-vrancea-sambata-dimineata\/","title":{"rendered":"Cutremur de 3,9 \u00een zona Vrancea, s\u00e2mb\u0103t\u0103 diminea\u021ba"},"content":{"rendered":"<div>\n<p class=\"\" data-start=\"121\" data-end=\"371\"><strong>Un cutremur cu magnitudinea de 3,9 s-a produs s\u00e2mb\u0103t\u0103 diminea\u021ba, la ora 4:33, \u00een zona seismic\u0103 Vrancea. Potrivit Institutului Na\u021bional pentru Fizica P\u0103m\u00e2ntului (INCDFP), epicentrul a fost localizat \u00een jude\u021bul Vrancea, la o ad\u00e2ncime de aproape 140 km.<\/strong><\/p>\n<p class=\"\" data-start=\"373\" data-end=\"515\">Seismul a fost resim\u021bit \u00een mai multe ora\u0219e din regiune, printre care Foc\u0219ani (48 km de epicentru), Buz\u0103u (60 km) \u0219i Sf\u00e2ntu Gheorghe (65 km).<\/p>\n<p class=\"\" data-start=\"517\" data-end=\"733\">\u00cen aprilie, au fost \u00eenregistrate deja patru cutremure \u00een Rom\u00e2nia, cu magnitudini cuprinse \u00eentre 2,6 \u0219i 3,9. Cel mai puternic din acest an a avut loc pe 13 februarie, \u00een jude\u021bul Buz\u0103u, \u0219i a avut magnitudinea de 4,4.<\/p>\n<p class=\"\" data-start=\"735\" data-end=\"842\">Cutremurul de s\u00e2mb\u0103t\u0103 nu a provocat pagube sau victime \u0219i este considerat unul moderat pentru aceast\u0103 zon\u0103.<\/p>\n<\/div>\n","protected":false},"excerpt":{"rendered":"<div><img loading=\"lazy\" decoding=\"async\" width=\"696\" height=\"391\" src=\"https:\/\/canal5.md\/wp-content\/uploads\/2025\/04\/cutremur-zona-vrancea-1024x575-optimized.webp\" class=\"attachment-large size-large wp-post-image\" alt=\"\" srcset=\"https:\/\/canal5.md\/wp-content\/uploads\/2025\/04\/cutremur-zona-vrancea-1024x575-optimized.webp 1024w, https:\/\/canal5.md\/wp-content\/uploads\/2025\/04\/cutremur-zona-vrancea-300x169-optimized.webp 300w, https:\/\/canal5.md\/wp-content\/uploads\/2025\/04\/cutremur-zona-vrancea-768x432-optimized.webp 768w, https:\/\/canal5.md\/wp-content\/uploads\/2025\/04\/cutremur-zona-vrancea-696x391-optimized.webp 696w, https:\/\/canal5.md\/wp-content\/uploads\/2025\/04\/cutremur-zona-vrancea-1068x600-optimized.webp 1068w, https:\/\/canal5.md\/wp-content\/uploads\/2025\/04\/cutremur-zona-vrancea-optimized.webp 1260w\">Un cutremur cu magnitudinea de 3,9 s-a produs s\u00e2mb\u0103t\u0103 diminea\u021ba, la ora 4:33, \u00een zona seismic\u0103 Vrancea. Potrivit Institutului Na\u021bional pentru Fizica P\u0103m\u00e2ntului (INCDFP), epicentrul a fost localizat \u00een jude\u021bul Vrancea, la o ad\u00e2ncime de aproape 140 km. Seismul a fost resim\u021bit \u00een mai multe ora\u0219e din regiune, printre care Foc\u0219ani (48 km de epicentru), [\u2026]<\/div>\n","protected":false},"author":1,"featured_media":70279,"comment_status":"closed","ping_status":"closed","sticky":false,"template":"","format":"standard","meta":{"jnews-multi-image_gallery":[],"jnews_single_post":[],"jnews_primary_category":[],"jnews_social_meta":[],"jnews_override_counter":[],"footnotes":""},"categories":[29],"tags":[],"class_list":["post-70278","post","type-post","status-publish","format-standard","has-post-thumbnail","hentry","category-externe_ro"],"_links":{"self":[{"href":"https:\/\/orheifm.live\/index.php\/wp-json\/wp\/v2\/posts\/70278","targetHints":{"allow":["GET"]}}],"collection":[{"href":"https:\/\/orheifm.live\/index.php\/wp-json\/wp\/v2\/posts"}],"about":[{"href":"https:\/\/orheifm.live\/index.php\/wp-json\/wp\/v2\/types\/post"}],"author":[{"embeddable":true,"href":"https:\/\/orheifm.live\/index.php\/wp-json\/wp\/v2\/users\/1"}],"replies":[{"embeddable":true,"href":"https:\/\/orheifm.live\/index.php\/wp-json\/wp\/v2\/comments?post=70278"}],"version-history":[{"count":0,"href":"https:\/\/orheifm.live\/index.php\/wp-json\/wp\/v2\/posts\/70278\/revisions"}],"wp:featuredmedia":[{"embeddable":true,"href":"https:\/\/orheifm.live\/index.php\/wp-json\/wp\/v2\/media\/70279"}],"wp:attachment":[{"href":"https:\/\/orheifm.live\/index.php\/wp-json\/wp\/v2\/media?parent=70278"}],"wp:term":[{"taxonomy":"category","embeddable":true,"href":"https:\/\/orheifm.live\/index.php\/wp-json\/wp\/v2\/categories?post=70278"},{"taxonomy":"post_tag","embeddable":true,"href":"https:\/\/orheifm.live\/index.php\/wp-json\/wp\/v2\/tags?post=70278"}],"curies":[{"name":"wp","href":"https:\/\/api.w.org\/{rel}","templated":true}]}}