{"id":70274,"date":"2025-04-05T10:30:59","date_gmt":"2025-04-05T07:30:59","guid":{"rendered":"https:\/\/orheifm.live\/index.php\/2025\/04\/05\/arme-de-foc-gasite-la-un-barbat-din-alunis-politia-a-deschis-o-ancheta\/"},"modified":"2025-04-05T10:30:59","modified_gmt":"2025-04-05T07:30:59","slug":"arme-de-foc-gasite-la-un-barbat-din-alunis-politia-a-deschis-o-ancheta","status":"publish","type":"post","link":"https:\/\/orheifm.live\/index.php\/2025\/04\/05\/arme-de-foc-gasite-la-un-barbat-din-alunis-politia-a-deschis-o-ancheta\/","title":{"rendered":"Arme de foc g\u0103site la un b\u0103rbat din Aluni\u0219 \u2013 poli\u021bia a deschis o anchet\u0103"},"content":{"rendered":"<div>\n<p class=\"\" data-start=\"0\" data-end=\"309\"><strong>Poli\u021bi\u0219tii Inspectoratului din R\u00ee\u0219cani au desf\u0103\u0219urat perchezi\u021bii la locuin\u021ba unui b\u0103rbat de 47 de ani din satul Aluni. \u00cen urma ac\u021biunii, au fost descoperite \u0219i ridicate dou\u0103 arme de foc \u0219i mai multe cartu\u0219e, pentru care persoana \u00een cauz\u0103 nu de\u021binea acte legale.<\/strong><\/p>\n<p class=\"\" data-start=\"311\" data-end=\"529\">Armele \u0219i muni\u021bia au fost transmise Centrului Tehnico-Criminalistic \u0219i de Expertize Judiciare al IGP pentru efectuarea expertizei balistice. Poli\u021bia continu\u0103 cercet\u0103rile pentru a stabili toate circumstan\u021bele cazului.<\/p>\n<p class=\"\" data-start=\"531\" data-end=\"859\">Conform legisla\u021biei \u00een vigoare, de\u021binerea ilegal\u0103 a armelor \u0219i muni\u021biilor se sanc\u021bioneaz\u0103 cu amend\u0103 de p\u00e2n\u0103 la 32.500 de lei sau cu \u00eenchisoare de p\u00e2n\u0103 la doi ani. Poli\u021bia reaminte\u0219te cet\u0103\u021benilor c\u0103 p\u0103strarea armelor f\u0103r\u0103 respectarea prevederilor legale reprezint\u0103 un pericol pentru siguran\u021ba public\u0103 \u0219i atrage r\u0103spundere penal\u0103.<\/p>\n<\/div>\n","protected":false},"excerpt":{"rendered":"<div><img loading=\"lazy\" decoding=\"async\" width=\"696\" height=\"458\" src=\"https:\/\/canal5.md\/wp-content\/uploads\/2025\/04\/807290-optimized.webp\" class=\"attachment-large size-large wp-post-image\" alt=\"\" srcset=\"https:\/\/canal5.md\/wp-content\/uploads\/2025\/04\/807290-optimized.webp 760w, https:\/\/canal5.md\/wp-content\/uploads\/2025\/04\/807290-300x197-optimized.webp 300w, https:\/\/canal5.md\/wp-content\/uploads\/2025\/04\/807290-696x458-optimized.webp 696w\">Poli\u021bi\u0219tii Inspectoratului din R\u00ee\u0219cani au desf\u0103\u0219urat perchezi\u021bii la locuin\u021ba unui b\u0103rbat de 47 de ani din satul Aluni. \u00cen urma ac\u021biunii, au fost descoperite \u0219i ridicate dou\u0103 arme de foc \u0219i mai multe cartu\u0219e, pentru care persoana \u00een cauz\u0103 nu de\u021binea acte legale. Armele \u0219i muni\u021bia au fost transmise Centrului Tehnico-Criminalistic \u0219i de Expertize Judiciare [\u2026]<\/div>\n","protected":false},"author":1,"featured_media":70275,"comment_status":"closed","ping_status":"closed","sticky":false,"template":"","format":"standard","meta":{"jnews-multi-image_gallery":[],"jnews_single_post":[],"jnews_primary_category":[],"jnews_social_meta":[],"jnews_override_counter":[],"footnotes":""},"categories":[30],"tags":[],"class_list":["post-70274","post","type-post","status-publish","format-standard","has-post-thumbnail","hentry","category-social_ro"],"_links":{"self":[{"href":"https:\/\/orheifm.live\/index.php\/wp-json\/wp\/v2\/posts\/70274","targetHints":{"allow":["GET"]}}],"collection":[{"href":"https:\/\/orheifm.live\/index.php\/wp-json\/wp\/v2\/posts"}],"about":[{"href":"https:\/\/orheifm.live\/index.php\/wp-json\/wp\/v2\/types\/post"}],"author":[{"embeddable":true,"href":"https:\/\/orheifm.live\/index.php\/wp-json\/wp\/v2\/users\/1"}],"replies":[{"embeddable":true,"href":"https:\/\/orheifm.live\/index.php\/wp-json\/wp\/v2\/comments?post=70274"}],"version-history":[{"count":0,"href":"https:\/\/orheifm.live\/index.php\/wp-json\/wp\/v2\/posts\/70274\/revisions"}],"wp:featuredmedia":[{"embeddable":true,"href":"https:\/\/orheifm.live\/index.php\/wp-json\/wp\/v2\/media\/70275"}],"wp:attachment":[{"href":"https:\/\/orheifm.live\/index.php\/wp-json\/wp\/v2\/media?parent=70274"}],"wp:term":[{"taxonomy":"category","embeddable":true,"href":"https:\/\/orheifm.live\/index.php\/wp-json\/wp\/v2\/categories?post=70274"},{"taxonomy":"post_tag","embeddable":true,"href":"https:\/\/orheifm.live\/index.php\/wp-json\/wp\/v2\/tags?post=70274"}],"curies":[{"name":"wp","href":"https:\/\/api.w.org\/{rel}","templated":true}]}}