{"id":70272,"date":"2025-04-05T00:08:42","date_gmt":"2025-04-04T21:08:42","guid":{"rendered":"https:\/\/orheifm.live\/index.php\/2025\/04\/05\/italianul-acuzat-ca-si-a-ucis-fosta-sotie-moldoveanca-a-refuzat-sa-vada-imaginile-autopsiei-in-instanta\/"},"modified":"2025-04-05T00:08:42","modified_gmt":"2025-04-04T21:08:42","slug":"italianul-acuzat-ca-si-a-ucis-fosta-sotie-moldoveanca-a-refuzat-sa-vada-imaginile-autopsiei-in-instanta","status":"publish","type":"post","link":"https:\/\/orheifm.live\/index.php\/2025\/04\/05\/italianul-acuzat-ca-si-a-ucis-fosta-sotie-moldoveanca-a-refuzat-sa-vada-imaginile-autopsiei-in-instanta\/","title":{"rendered":"Italianul acuzat c\u0103 \u0219i-a ucis fosta so\u021bie moldoveanc\u0103 a refuzat s\u0103 vad\u0103 imaginile autopsiei \u00een instan\u021b\u0103"},"content":{"rendered":"<div>\n<p><strong>Erik Zorzi, italianul de 42 de ani acuzat c\u0103 \u0219i-a ucis fosta so\u021bie, Nicoleta Rotaru, o moldoveanc\u0103 \u00een v\u00e2rst\u0103 de 37 de ani, a refuzat s\u0103 priveasc\u0103 fotografiile medico-legale prezentate \u00een cadrul celei de-a cincea audieri din procesul ce se desf\u0103\u0219oar\u0103 la Tribunalul din Padova, regiunea Veneto din Italia.\u00a0Incidentul a avut loc \u00een locuin\u021ba lor din Abano Terme, iar Zorzi este judecat pentru omor calificat, av\u00e2nd \u00een vedere leg\u0103tura cu victima.<\/strong><\/p>\n<\/p>\n<p>B\u0103rbatul a fost\u00a0arestat\u00a0pe 20 martie anul trecut, la peste \u0219apte luni de la presupusa crim\u0103, care a fost ini\u021bial interpretat\u0103 ca o sinucidere, scrie Corriere della Sera.<\/p>\n<div class=\"margin-auto\">\n<div id=\"admixer-hb-216-637568592982450705\"><\/div>\n<\/div>\n<p>Nicoleta Rotaru a fost g\u0103sit\u0103 la data de 2 august 2023, \u00eentr-o pozi\u021bie ghemuit\u0103, \u00een cabina de du\u0219, cu o curea maro str\u00e2ns\u0103 \u00een jurul g\u00e2tului.<\/p>\n<p>Medicul legist Alessia Viero a deschis \u0219edin\u021ba prezent\u00e2nd fotografii ale autopsiei \u0219i detaliind constat\u0103rile ini\u021biale.<\/p>\n<p>Ea a men\u021bionat c\u0103, la \u00eenceput, a suspectat un act de autoleziune, dar noi probe \u2013 inclusiv o \u00eenregistrare audio \u00een care se aude momentul mor\u021bii \u2013 au condus la o concluzie diferit\u0103.<\/p>\n<p>\u201ePrefer s\u0103 stau aici, pl\u0103tesc deja destul\u201d, a spus Zorzi c\u00e2nd procurorul Maria D\u2019Arpa a solicitat judec\u0103toarei Domenica Gambardella ca acesta s\u0103 vizualizeze imaginile, fiind \u00eentr-o pozi\u021bie care nu \u00eei permitea vizualizarea.<\/p>\n<p>Avocatul ap\u0103r\u0103rii, Cesare Vanzetti, l-a oprit din continuarea reac\u021biei.<\/p>\n<p>Potrivit unei reconstituiri realizate \u00een instan\u021b\u0103, Zorzi ar fi surprins-o pe Nicoleta \u00een somn, \u00een timp ce dormea pe burt\u0103, ar fi imobilizat-o \u0219i ar fi strangulat-o cu cureaua, dup\u0103 care ar fi mutat corpul \u00een baie pentru a simula o sinucidere.<\/p>\n<p>Aceast\u0103 variant\u0103 este sus\u021binut\u0103 de medicul legist Viero \u0219i de expertul p\u0103r\u021bii civile, Andrea Porzionato, care a afirmat c\u0103 \u201etoate elementele adunate duc la concluzia c\u0103 a fost o strangulare\u201d.<\/p>\n<p>Teoria este \u00eens\u0103 comb\u0103tut\u0103 de expertul ap\u0103r\u0103rii, Calogero Nicolai, care a realizat un test cu o curea similar\u0103, \u00eencerc\u00e2nd s\u0103 demonstreze c\u0103 strangularea ar fi fost imposibil\u0103 \u0219i c\u0103 moartea a fost provocat\u0103 de un act voluntar de sp\u00e2nzurare, \u00een conformitate cu concluziile primei autopsii.<\/p>\n<p>Nicolai a comentat \u0219i \u00eenregistrarea audio \u2013 redat\u0103 \u0219i \u00een aceast\u0103 audiere \u2013 afirm\u00e2nd c\u0103, de\u0219i \u201e\u021bip\u0103tul ini\u021bial indic\u0103 o amenin\u021bare iminent\u0103 asupra femeii\u201d, zgomotele ulterioare, \u00een care se aud ultimele respira\u021bii ale Nicoletei, nu ar sugera o asfixiere.<\/p>\n<p>Ultima parte a \u0219edin\u021bei a fost dedicat\u0103 analizei u\u0219ii glisante de la baie, pe care Zorzi ar fi \u00eenchis-o din interior, demont\u00e2nd \u0219i apoi remont\u00e2nd panoul central pentru a crea aparen\u021ba unei sinucideri. Speciali\u0219tii au identificat mai multe anomalii la acest mecanism.<\/p>\n<p>Urm\u0103toarea audiere, programat\u0103 pentru data de 16 aprilie 2025, va include m\u0103rturiile celor dou\u0103 fiice ale cuplului, \u00een v\u00e2rst\u0103 de 9 \u0219i 13 ani, care tr\u0103iesc \u00een prezent \u00eentr-un centru de protec\u021bie.<\/p>\n<p>Pe 6 \u0219i 21 mai sunt a\u0219tepta\u021bi \u00een fa\u021ba instan\u021bei primii martori cita\u021bi de ap\u0103rare.<\/p>\n<p><a href=\"https:\/\/realitatea.md\/italianul-acuzat-ca-si-a-ucis-fosta-sotie-moldoveanca-a-refuzat-sa-vada-imaginile-autopsiei-in-instanta\/\"><strong>realitatea.md<\/strong><\/a><\/p>\n<\/div>\n","protected":false},"excerpt":{"rendered":"<div><img loading=\"lazy\" decoding=\"async\" width=\"696\" height=\"391\" src=\"https:\/\/canal5.md\/wp-content\/uploads\/2025\/04\/italia-900x505-1-optimized.png\" class=\"attachment-large size-large wp-post-image\" alt=\"\" srcset=\"https:\/\/canal5.md\/wp-content\/uploads\/2025\/04\/italia-900x505-1-optimized.png 900w, https:\/\/canal5.md\/wp-content\/uploads\/2025\/04\/italia-900x505-1-300x168-optimized.png 300w, https:\/\/canal5.md\/wp-content\/uploads\/2025\/04\/italia-900x505-1-768x431-optimized.png 768w, https:\/\/canal5.md\/wp-content\/uploads\/2025\/04\/italia-900x505-1-696x391-optimized.png 696w\">Erik Zorzi, italianul de 42 de ani acuzat c\u0103 \u0219i-a ucis fosta so\u021bie, Nicoleta Rotaru, o moldoveanc\u0103 \u00een v\u00e2rst\u0103 de 37 de ani, a refuzat s\u0103 priveasc\u0103 fotografiile medico-legale prezentate \u00een cadrul celei de-a cincea audieri din procesul ce se desf\u0103\u0219oar\u0103 la Tribunalul din Padova, regiunea Veneto din Italia.\u00a0Incidentul a avut loc \u00een locuin\u021ba lor [\u2026]<\/div>\n","protected":false},"author":1,"featured_media":70273,"comment_status":"closed","ping_status":"closed","sticky":false,"template":"","format":"standard","meta":{"jnews-multi-image_gallery":[],"jnews_single_post":[],"jnews_primary_category":[],"jnews_social_meta":[],"jnews_override_counter":[],"footnotes":""},"categories":[29],"tags":[],"class_list":["post-70272","post","type-post","status-publish","format-standard","has-post-thumbnail","hentry","category-externe_ro"],"_links":{"self":[{"href":"https:\/\/orheifm.live\/index.php\/wp-json\/wp\/v2\/posts\/70272","targetHints":{"allow":["GET"]}}],"collection":[{"href":"https:\/\/orheifm.live\/index.php\/wp-json\/wp\/v2\/posts"}],"about":[{"href":"https:\/\/orheifm.live\/index.php\/wp-json\/wp\/v2\/types\/post"}],"author":[{"embeddable":true,"href":"https:\/\/orheifm.live\/index.php\/wp-json\/wp\/v2\/users\/1"}],"replies":[{"embeddable":true,"href":"https:\/\/orheifm.live\/index.php\/wp-json\/wp\/v2\/comments?post=70272"}],"version-history":[{"count":0,"href":"https:\/\/orheifm.live\/index.php\/wp-json\/wp\/v2\/posts\/70272\/revisions"}],"wp:featuredmedia":[{"embeddable":true,"href":"https:\/\/orheifm.live\/index.php\/wp-json\/wp\/v2\/media\/70273"}],"wp:attachment":[{"href":"https:\/\/orheifm.live\/index.php\/wp-json\/wp\/v2\/media?parent=70272"}],"wp:term":[{"taxonomy":"category","embeddable":true,"href":"https:\/\/orheifm.live\/index.php\/wp-json\/wp\/v2\/categories?post=70272"},{"taxonomy":"post_tag","embeddable":true,"href":"https:\/\/orheifm.live\/index.php\/wp-json\/wp\/v2\/tags?post=70272"}],"curies":[{"name":"wp","href":"https:\/\/api.w.org\/{rel}","templated":true}]}}