{"id":70220,"date":"2025-04-03T23:44:11","date_gmt":"2025-04-03T20:44:11","guid":{"rendered":"https:\/\/orheifm.live\/index.php\/2025\/04\/03\/primul-producator-auto-lovit-de-tarifele-lui-trump-900-de-angajati-concediati-si-productie-suspendata\/"},"modified":"2025-04-03T23:44:11","modified_gmt":"2025-04-03T20:44:11","slug":"primul-producator-auto-lovit-de-tarifele-lui-trump-900-de-angajati-concediati-si-productie-suspendata","status":"publish","type":"post","link":"https:\/\/orheifm.live\/index.php\/2025\/04\/03\/primul-producator-auto-lovit-de-tarifele-lui-trump-900-de-angajati-concediati-si-productie-suspendata\/","title":{"rendered":"Primul produc\u0103tor auto lovit de tarifele lui Trump: 900 de angaja\u021bi concedia\u021bi \u0219i produc\u021bie suspendat\u0103"},"content":{"rendered":"<div>\n<p><strong>Un gigant auto a anun\u0163at joi, 3 aprilie, c\u0103 va concedia temporar 900 de angaja\u0163i din cinci fabrici din Statele Unite, \u00een urma noilor tarife comerciale anun\u0163ate de pre\u015fedintele Donald Trump.<\/strong><\/p>\n<\/p>\n<p>Grupul Stellantis,\u00a0unul dintre cele mai mari din industria auto, anun\u021b\u0103 sute de concedieri temporare. Compania a precizat, de asemenea, c\u0103 va suspenda temporar produc\u0163ia \u00eentr-o fabric\u0103 de asamblare din Mexic \u015fi una din Canada, relateaz\u0103\u00a0Reuters.<\/p>\n<p>Unit\u0103\u0163ile din SUA afectate sunt facilit\u0103\u0163i de produc\u0163ie a grupurilor motopropulsoare \u015fi de \u015ftan\u0163are, care furnizeaz\u0103 componente celor dou\u0103 fabrici din Mexic \u015fi Canada aflate acum \u00een pauz\u0103 opera\u0163ional\u0103. Ac\u0163iunile Stellantis au sc\u0103zut joi diminea\u0163\u0103 cu 7,2%, la 10,45 dolari, pe bursa din New York, \u00een linie cu declinul general al pie\u0163ei, pe fondul temerilor privind un r\u0103zboi comercial de amploare.<\/p>\n<p>Stellantis a informat c\u0103 fabrica Windsor Assembly din Canada, unde se produc modelele Chrysler Pacifica, Voyager \u015fi Dodge Charger Daytona, va fi oprit\u0103 timp de dou\u0103 s\u0103pt\u0103m\u00e2ni. De asemenea, fabrica Toluca Assembly din Mexic, unde sunt produse Jeep Compass \u015fi Jeep Wagoneer S, va fi oprit\u0103 pe tot parcursul lunii aprilie. Aproximativ 4.500 de angaja\u0163i din Windsor vor fi afecta\u0163i de aceast\u0103 decizie. \u00cen Mexic, muncitorii de la Toluca vor continua s\u0103 se prezinte la lucru \u015fi vor fi pl\u0103ti\u0163i, dar nu vor produce vehicule \u00een aceast\u0103 perioad\u0103.<\/p>\n<p>Constructorii auto se confrunt\u0103 cu dificult\u0103\u0163i \u00een a r\u0103spunde la noua tax\u0103 vamal\u0103 de 25% impus\u0103 de SUA pentru automobilele importate, care a intrat \u00een vigoare joi. P\u00e2n\u0103 acum, tariful standard pentru importurile auto era de 2,5%. Produc\u0103torii care import\u0103 vehicule din Canada sau Mexic pot deduce valoarea componentelor fabricate \u00een SUA din aceast\u0103 tax\u0103 de 25%.<\/p>\n<p>\u201e<i>Evalu\u0103m \u00een continuare efectele pe termen mediu \u015fi lung ale acestor tarife asupra opera\u0163iunilor noastre, dar am decis s\u0103 lu\u0103m m\u0103suri imediate, inclusiv oprirea temporar\u0103 a produc\u0163iei \u00een unele dintre fabricile noastre de asamblare din Canada \u015fi Mexic. Aceste decizii vor afecta \u015fi pe unii angaja\u0163i din facilit\u0103\u0163ile americane care furnizeaz\u0103 piese pentru aceste unit\u0103\u0163i\u201d, a precizat\u00a0<\/i>Antonio Filosa, directorul opera\u0163ional al Stellantis pentru America.<\/p>\n<p><a href=\"https:\/\/adevarul.ro\/economie\/primul-producator-auto-lovit-de-tarifele-lui-2433685.html\"><strong>adevarul.ro<\/strong><\/a><\/p>\n<\/div>\n","protected":false},"excerpt":{"rendered":"<div><img loading=\"lazy\" decoding=\"async\" width=\"696\" height=\"369\" src=\"https:\/\/canal5.md\/wp-content\/uploads\/2025\/04\/index-1024x543-optimized.webp\" class=\"attachment-large size-large wp-post-image\" alt=\"\" srcset=\"https:\/\/canal5.md\/wp-content\/uploads\/2025\/04\/index-1024x543-optimized.webp 1024w, https:\/\/canal5.md\/wp-content\/uploads\/2025\/04\/index-300x159-optimized.webp 300w, https:\/\/canal5.md\/wp-content\/uploads\/2025\/04\/index-768x407-optimized.webp 768w, https:\/\/canal5.md\/wp-content\/uploads\/2025\/04\/index-696x369-optimized.webp 696w, https:\/\/canal5.md\/wp-content\/uploads\/2025\/04\/index-1068x566-optimized.webp 1068w, https:\/\/canal5.md\/wp-content\/uploads\/2025\/04\/index-optimized.webp 1400w\">Un gigant auto a anun\u0163at joi, 3 aprilie, c\u0103 va concedia temporar 900 de angaja\u0163i din cinci fabrici din Statele Unite, \u00een urma noilor tarife comerciale anun\u0163ate de pre\u015fedintele Donald Trump. Grupul Stellantis,\u00a0unul dintre cele mai mari din industria auto, anun\u021b\u0103 sute de concedieri temporare. Compania a precizat, de asemenea, c\u0103 va suspenda temporar produc\u0163ia [\u2026]<\/div>\n","protected":false},"author":1,"featured_media":70221,"comment_status":"closed","ping_status":"closed","sticky":false,"template":"","format":"standard","meta":{"jnews-multi-image_gallery":[],"jnews_single_post":[],"jnews_primary_category":[],"jnews_social_meta":[],"jnews_override_counter":[],"footnotes":""},"categories":[29],"tags":[],"class_list":["post-70220","post","type-post","status-publish","format-standard","has-post-thumbnail","hentry","category-externe_ro"],"_links":{"self":[{"href":"https:\/\/orheifm.live\/index.php\/wp-json\/wp\/v2\/posts\/70220","targetHints":{"allow":["GET"]}}],"collection":[{"href":"https:\/\/orheifm.live\/index.php\/wp-json\/wp\/v2\/posts"}],"about":[{"href":"https:\/\/orheifm.live\/index.php\/wp-json\/wp\/v2\/types\/post"}],"author":[{"embeddable":true,"href":"https:\/\/orheifm.live\/index.php\/wp-json\/wp\/v2\/users\/1"}],"replies":[{"embeddable":true,"href":"https:\/\/orheifm.live\/index.php\/wp-json\/wp\/v2\/comments?post=70220"}],"version-history":[{"count":0,"href":"https:\/\/orheifm.live\/index.php\/wp-json\/wp\/v2\/posts\/70220\/revisions"}],"wp:featuredmedia":[{"embeddable":true,"href":"https:\/\/orheifm.live\/index.php\/wp-json\/wp\/v2\/media\/70221"}],"wp:attachment":[{"href":"https:\/\/orheifm.live\/index.php\/wp-json\/wp\/v2\/media?parent=70220"}],"wp:term":[{"taxonomy":"category","embeddable":true,"href":"https:\/\/orheifm.live\/index.php\/wp-json\/wp\/v2\/categories?post=70220"},{"taxonomy":"post_tag","embeddable":true,"href":"https:\/\/orheifm.live\/index.php\/wp-json\/wp\/v2\/tags?post=70220"}],"curies":[{"name":"wp","href":"https:\/\/api.w.org\/{rel}","templated":true}]}}