{"id":70111,"date":"2025-04-02T16:00:35","date_gmt":"2025-04-02T13:00:35","guid":{"rendered":"https:\/\/orheifm.live\/index.php\/2025\/04\/02\/noile-prevederi-ale-codului-funciar-terenurile-neutilizate-din-moldova-vor-putea-fi-date-in-chirie-fortat\/"},"modified":"2025-04-02T16:00:35","modified_gmt":"2025-04-02T13:00:35","slug":"noile-prevederi-ale-codului-funciar-terenurile-neutilizate-din-moldova-vor-putea-fi-date-in-chirie-fortat","status":"publish","type":"post","link":"https:\/\/orheifm.live\/index.php\/2025\/04\/02\/noile-prevederi-ale-codului-funciar-terenurile-neutilizate-din-moldova-vor-putea-fi-date-in-chirie-fortat\/","title":{"rendered":"Noile prevederi ale Codului Funciar: Terenurile neutilizate din Moldova vor putea fi date \u00een chirie for\u021bat"},"content":{"rendered":"<div>\n<p><strong>\u00cencep\u00e2nd cu 1 aprilie 2025, noul Cod al Funciar al Republicii Moldova permite prim\u0103riilor s\u0103 \u00eenchirieze terenurile agricole neutilizate care nu sunt \u00eentre\u021binute corespunz\u0103tor. <\/strong><\/p>\n<p>Conform noilor reglement\u0103ri, autorit\u0103\u021bile locale vor putea interveni \u00een cazul terenurilor abandonate care cauzeaz\u0103 daune terenurilor \u00eenvecinate.<\/p>\n<p>Dac\u0103 un teren nu este lucrat timp de cel pu\u021bin doi ani \u0219i starea sa fitosanitar\u0103 este nesatisf\u0103c\u0103toare, prim\u0103ria va trimite o notificare proprietarului, iar dac\u0103 acesta nu poate fi g\u0103sit, terenul va putea fi \u00eenchiriat temporar \u00een scopuri agricole.<\/p>\n<p>\u00cen cazul \u00een care terenul are un singur vecin interesat, prim\u0103ria va putea negocia direct cu acesta, iar \u00een alte cazuri, va fi scos la licita\u021bie public\u0103.<\/p>\n<\/div>\n","protected":false},"excerpt":{"rendered":"<div><img loading=\"lazy\" decoding=\"async\" width=\"400\" height=\"300\" src=\"https:\/\/canal5.md\/wp-content\/uploads\/2025\/04\/oip-1-optimized.jpg\" class=\"attachment-large size-large wp-post-image\" alt=\"\" srcset=\"https:\/\/canal5.md\/wp-content\/uploads\/2025\/04\/oip-1-optimized.jpg 400w, https:\/\/canal5.md\/wp-content\/uploads\/2025\/04\/oip-1-300x225-optimized.jpg 300w\">\u00cencep\u00e2nd cu 1 aprilie 2025, noul Cod al Funciar al Republicii Moldova permite prim\u0103riilor s\u0103 \u00eenchirieze terenurile agricole neutilizate care nu sunt \u00eentre\u021binute corespunz\u0103tor. Conform noilor reglement\u0103ri, autorit\u0103\u021bile locale vor putea interveni \u00een cazul terenurilor abandonate care cauzeaz\u0103 daune terenurilor \u00eenvecinate. Dac\u0103 un teren nu este lucrat timp de cel pu\u021bin doi ani \u0219i starea [\u2026]<\/div>\n","protected":false},"author":1,"featured_media":70112,"comment_status":"closed","ping_status":"closed","sticky":false,"template":"","format":"standard","meta":{"jnews-multi-image_gallery":[],"jnews_single_post":[],"jnews_primary_category":[],"jnews_social_meta":[],"jnews_override_counter":[],"footnotes":""},"categories":[30],"tags":[],"class_list":["post-70111","post","type-post","status-publish","format-standard","has-post-thumbnail","hentry","category-social_ro"],"_links":{"self":[{"href":"https:\/\/orheifm.live\/index.php\/wp-json\/wp\/v2\/posts\/70111","targetHints":{"allow":["GET"]}}],"collection":[{"href":"https:\/\/orheifm.live\/index.php\/wp-json\/wp\/v2\/posts"}],"about":[{"href":"https:\/\/orheifm.live\/index.php\/wp-json\/wp\/v2\/types\/post"}],"author":[{"embeddable":true,"href":"https:\/\/orheifm.live\/index.php\/wp-json\/wp\/v2\/users\/1"}],"replies":[{"embeddable":true,"href":"https:\/\/orheifm.live\/index.php\/wp-json\/wp\/v2\/comments?post=70111"}],"version-history":[{"count":0,"href":"https:\/\/orheifm.live\/index.php\/wp-json\/wp\/v2\/posts\/70111\/revisions"}],"wp:featuredmedia":[{"embeddable":true,"href":"https:\/\/orheifm.live\/index.php\/wp-json\/wp\/v2\/media\/70112"}],"wp:attachment":[{"href":"https:\/\/orheifm.live\/index.php\/wp-json\/wp\/v2\/media?parent=70111"}],"wp:term":[{"taxonomy":"category","embeddable":true,"href":"https:\/\/orheifm.live\/index.php\/wp-json\/wp\/v2\/categories?post=70111"},{"taxonomy":"post_tag","embeddable":true,"href":"https:\/\/orheifm.live\/index.php\/wp-json\/wp\/v2\/tags?post=70111"}],"curies":[{"name":"wp","href":"https:\/\/api.w.org\/{rel}","templated":true}]}}