{"id":69886,"date":"2025-03-28T14:00:19","date_gmt":"2025-03-28T12:00:19","guid":{"rendered":"https:\/\/orheifm.live\/index.php\/2025\/03\/28\/doctorita-ecaterina-maniuc-ramane-in-arest-la-domiciliu-dupa-respingerea-recursului\/"},"modified":"2025-03-28T14:00:19","modified_gmt":"2025-03-28T12:00:19","slug":"doctorita-ecaterina-maniuc-ramane-in-arest-la-domiciliu-dupa-respingerea-recursului","status":"publish","type":"post","link":"https:\/\/orheifm.live\/index.php\/2025\/03\/28\/doctorita-ecaterina-maniuc-ramane-in-arest-la-domiciliu-dupa-respingerea-recursului\/","title":{"rendered":"Doctori\u021ba Ecaterina Maniuc r\u0103m\u00e2ne \u00een arest la domiciliu, dup\u0103 respingerea recursului"},"content":{"rendered":"<div>\n<p><strong>Doctori\u021ba Ecaterina Maniuc, suspectat\u0103 \u00een cazul decesului Liubei Babu\u021bchi, r\u0103m\u00e2ne \u00een arest la domiciliu. Joi, 27 martie, Curtea de Apel Chi\u0219in\u0103u a respins recursul procurorilor privind schimbarea m\u0103surii preventive. Informa\u021bia a fost confirmat\u0103 pentru UNIMEDIA de Violina Moraru, consultant\u0103 a Procurorului General, responsabil\u0103 de comunicarea cu mass-media.<\/strong><\/p>\n<p>\u201ePe 27 martie 2025, la Curtea de Apel Chi\u0219in\u0103u a fost examinat recursul procurorilor \u00eempotriva m\u0103surii preventive aplicate, respectiv arestul la domiciliu, \u00een cazul inculpatei. Recursul a fost respins de instan\u021b\u0103,\u201d a declarat Moraru.<\/p>\n<p>Femeia de afaceri Liubovi Babu\u021bchi din Chi\u0219in\u0103u \u0219i-a pierdut via\u021ba pe 30 ianuarie \u00eentr-un salon de frumuse\u021be. Potrivit informa\u021biilor, decesul a survenit \u00een timpul unei proceduri cosmetice. Poli\u021bia a deschis o anchet\u0103 penal\u0103 \u00een acest caz.<\/p>\n<\/div>\n","protected":false},"excerpt":{"rendered":"<div><img loading=\"lazy\" decoding=\"async\" width=\"696\" height=\"392\" src=\"https:\/\/canal5.md\/wp-content\/uploads\/2025\/03\/ce889ab9b2c4dc74af291624782f3a79358b27c2fa96ac9c8b338230fc69815c-optimized.jpg\" class=\"attachment-large size-large wp-post-image\" alt=\"\" srcset=\"https:\/\/canal5.md\/wp-content\/uploads\/2025\/03\/ce889ab9b2c4dc74af291624782f3a79358b27c2fa96ac9c8b338230fc69815c-optimized.jpg 800w, https:\/\/canal5.md\/wp-content\/uploads\/2025\/03\/ce889ab9b2c4dc74af291624782f3a79358b27c2fa96ac9c8b338230fc69815c-300x169-optimized.jpg 300w, https:\/\/canal5.md\/wp-content\/uploads\/2025\/03\/ce889ab9b2c4dc74af291624782f3a79358b27c2fa96ac9c8b338230fc69815c-768x432-optimized.jpg 768w, https:\/\/canal5.md\/wp-content\/uploads\/2025\/03\/ce889ab9b2c4dc74af291624782f3a79358b27c2fa96ac9c8b338230fc69815c-696x392-optimized.jpg 696w\">Doctori\u021ba Ecaterina Maniuc, suspectat\u0103 \u00een cazul decesului Liubei Babu\u021bchi, r\u0103m\u00e2ne \u00een arest la domiciliu. Joi, 27 martie, Curtea de Apel Chi\u0219in\u0103u a respins recursul procurorilor privind schimbarea m\u0103surii preventive. Informa\u021bia a fost confirmat\u0103 pentru UNIMEDIA de Violina Moraru, consultant\u0103 a Procurorului General, responsabil\u0103 de comunicarea cu mass-media. \u201ePe 27 martie 2025, la Curtea de Apel [\u2026]<\/div>\n","protected":false},"author":1,"featured_media":69887,"comment_status":"closed","ping_status":"closed","sticky":false,"template":"","format":"standard","meta":{"jnews-multi-image_gallery":[],"jnews_single_post":[],"jnews_primary_category":[],"jnews_social_meta":[],"jnews_override_counter":[],"footnotes":""},"categories":[30],"tags":[],"class_list":["post-69886","post","type-post","status-publish","format-standard","has-post-thumbnail","hentry","category-social_ro"],"_links":{"self":[{"href":"https:\/\/orheifm.live\/index.php\/wp-json\/wp\/v2\/posts\/69886","targetHints":{"allow":["GET"]}}],"collection":[{"href":"https:\/\/orheifm.live\/index.php\/wp-json\/wp\/v2\/posts"}],"about":[{"href":"https:\/\/orheifm.live\/index.php\/wp-json\/wp\/v2\/types\/post"}],"author":[{"embeddable":true,"href":"https:\/\/orheifm.live\/index.php\/wp-json\/wp\/v2\/users\/1"}],"replies":[{"embeddable":true,"href":"https:\/\/orheifm.live\/index.php\/wp-json\/wp\/v2\/comments?post=69886"}],"version-history":[{"count":0,"href":"https:\/\/orheifm.live\/index.php\/wp-json\/wp\/v2\/posts\/69886\/revisions"}],"wp:featuredmedia":[{"embeddable":true,"href":"https:\/\/orheifm.live\/index.php\/wp-json\/wp\/v2\/media\/69887"}],"wp:attachment":[{"href":"https:\/\/orheifm.live\/index.php\/wp-json\/wp\/v2\/media?parent=69886"}],"wp:term":[{"taxonomy":"category","embeddable":true,"href":"https:\/\/orheifm.live\/index.php\/wp-json\/wp\/v2\/categories?post=69886"},{"taxonomy":"post_tag","embeddable":true,"href":"https:\/\/orheifm.live\/index.php\/wp-json\/wp\/v2\/tags?post=69886"}],"curies":[{"name":"wp","href":"https:\/\/api.w.org\/{rel}","templated":true}]}}