{"id":69884,"date":"2025-03-28T13:30:39","date_gmt":"2025-03-28T11:30:39","guid":{"rendered":"https:\/\/orheifm.live\/index.php\/2025\/03\/28\/avarie-la-conducta-de-apa-restrictii-de-trafic-pe-strada-constantin-stere-in-perioada-28-31-martie\/"},"modified":"2025-03-28T13:30:39","modified_gmt":"2025-03-28T11:30:39","slug":"avarie-la-conducta-de-apa-restrictii-de-trafic-pe-strada-constantin-stere-in-perioada-28-31-martie","status":"publish","type":"post","link":"https:\/\/orheifm.live\/index.php\/2025\/03\/28\/avarie-la-conducta-de-apa-restrictii-de-trafic-pe-strada-constantin-stere-in-perioada-28-31-martie\/","title":{"rendered":"Avarie la conducta de ap\u0103: Restric\u021bii de trafic pe strada Constantin Stere \u00een perioada 28-31 martie"},"content":{"rendered":"<div>\n<p><strong>\u00cen perioada 28 martie \u2013 31 martie, circula\u021bia transportului va fi par\u021bial suspendat\u0103 pe strada Constantin Stere din Chi\u0219in\u0103u. Potrivit informa\u021biilor oferite de prim\u0103ria municipiului, aceast\u0103 m\u0103sur\u0103 a fost introdus\u0103 din cauza necesit\u0103\u021bii efectu\u0103rii unor lucr\u0103ri pentru repararea unei avarii la conducta de ap\u0103.<\/strong><\/p>\n<p>\u201eConsiliul Municipal Chi\u0219in\u0103u informeaz\u0103 c\u0103, \u00een perioada 28-31 martie 2025, circula\u021bia va fi par\u021bial suspendat\u0103 pe strada Constantin Stere, pe tronsonul dintre str\u0103zile Alexei \u0218ciusev \u0219i Mihail Kog\u0103lniceanu, pe direc\u021bia spre strada Vasile Lupu.<\/p>\n<p>M\u0103sura a fost impus\u0103 din cauza necesit\u0103\u021bii efectu\u0103rii unor lucr\u0103ri pentru eliminarea avariei la conducta principal\u0103 de ap\u0103 cu diametrul de 100 mm pe strada Constantin Stere, la cererea societ\u0103\u021bii pe ac\u021biuni \u201eAp\u0103-Canal Chi\u0219in\u0103u\u201d. \u201eAp\u0103-Canal Chi\u0219in\u0103u\u201d va instala semne de circula\u021bie \u0219i bariere, iar la finalizarea lucr\u0103rilor va restaura asfaltul pe strada respectiv\u0103\u201d, se men\u021bioneaz\u0103 \u00een comunicatul prim\u0103riei Chi\u0219in\u0103u.<\/p>\n<p>Serviciile municipale \u00ee\u0219i cer scuze pentru inconvenientele cauzate \u0219i \u00eendeamn\u0103 \u0219oferii s\u0103 urmeze indica\u021biile poli\u021biei rutiere, manifest\u00e2nd r\u0103bdare \u0219i disciplin\u0103 pe drum, f\u0103r\u0103 a \u00eenc\u0103lca regulile de circula\u021bie.<\/p>\n<\/div>\n","protected":false},"excerpt":{"rendered":"<div><img loading=\"lazy\" decoding=\"async\" width=\"696\" height=\"413\" src=\"https:\/\/canal5.md\/wp-content\/uploads\/2025\/03\/snimok-ekrana_28-3-2025_114130_canal5.md_-1024x607-optimized.jpeg\" class=\"attachment-large size-large wp-post-image\" alt=\"\" srcset=\"https:\/\/canal5.md\/wp-content\/uploads\/2025\/03\/snimok-ekrana_28-3-2025_114130_canal5.md_-1024x607-optimized.jpeg 1024w, https:\/\/canal5.md\/wp-content\/uploads\/2025\/03\/snimok-ekrana_28-3-2025_114130_canal5.md_-300x178-optimized.jpeg 300w, https:\/\/canal5.md\/wp-content\/uploads\/2025\/03\/snimok-ekrana_28-3-2025_114130_canal5.md_-768x456-optimized.jpeg 768w, https:\/\/canal5.md\/wp-content\/uploads\/2025\/03\/snimok-ekrana_28-3-2025_114130_canal5.md_-696x413-optimized.jpeg 696w, https:\/\/canal5.md\/wp-content\/uploads\/2025\/03\/snimok-ekrana_28-3-2025_114130_canal5.md_-1068x633-optimized.jpeg 1068w, https:\/\/canal5.md\/wp-content\/uploads\/2025\/03\/snimok-ekrana_28-3-2025_114130_canal5.md_-optimized.jpeg 1251w\">\u00cen perioada 28 martie \u2013 31 martie, circula\u021bia transportului va fi par\u021bial suspendat\u0103 pe strada Constantin Stere din Chi\u0219in\u0103u. Potrivit informa\u021biilor oferite de prim\u0103ria municipiului, aceast\u0103 m\u0103sur\u0103 a fost introdus\u0103 din cauza necesit\u0103\u021bii efectu\u0103rii unor lucr\u0103ri pentru repararea unei avarii la conducta de ap\u0103. \u201eConsiliul Municipal Chi\u0219in\u0103u informeaz\u0103 c\u0103, \u00een perioada 28-31 martie 2025, circula\u021bia [\u2026]<\/div>\n","protected":false},"author":1,"featured_media":69885,"comment_status":"closed","ping_status":"closed","sticky":false,"template":"","format":"standard","meta":{"jnews-multi-image_gallery":[],"jnews_single_post":[],"jnews_primary_category":[],"jnews_social_meta":[],"jnews_override_counter":[],"footnotes":""},"categories":[30],"tags":[],"class_list":["post-69884","post","type-post","status-publish","format-standard","has-post-thumbnail","hentry","category-social_ro"],"_links":{"self":[{"href":"https:\/\/orheifm.live\/index.php\/wp-json\/wp\/v2\/posts\/69884","targetHints":{"allow":["GET"]}}],"collection":[{"href":"https:\/\/orheifm.live\/index.php\/wp-json\/wp\/v2\/posts"}],"about":[{"href":"https:\/\/orheifm.live\/index.php\/wp-json\/wp\/v2\/types\/post"}],"author":[{"embeddable":true,"href":"https:\/\/orheifm.live\/index.php\/wp-json\/wp\/v2\/users\/1"}],"replies":[{"embeddable":true,"href":"https:\/\/orheifm.live\/index.php\/wp-json\/wp\/v2\/comments?post=69884"}],"version-history":[{"count":0,"href":"https:\/\/orheifm.live\/index.php\/wp-json\/wp\/v2\/posts\/69884\/revisions"}],"wp:featuredmedia":[{"embeddable":true,"href":"https:\/\/orheifm.live\/index.php\/wp-json\/wp\/v2\/media\/69885"}],"wp:attachment":[{"href":"https:\/\/orheifm.live\/index.php\/wp-json\/wp\/v2\/media?parent=69884"}],"wp:term":[{"taxonomy":"category","embeddable":true,"href":"https:\/\/orheifm.live\/index.php\/wp-json\/wp\/v2\/categories?post=69884"},{"taxonomy":"post_tag","embeddable":true,"href":"https:\/\/orheifm.live\/index.php\/wp-json\/wp\/v2\/tags?post=69884"}],"curies":[{"name":"wp","href":"https:\/\/api.w.org\/{rel}","templated":true}]}}