{"id":69882,"date":"2025-03-28T13:20:40","date_gmt":"2025-03-28T11:20:40","guid":{"rendered":"https:\/\/orheifm.live\/index.php\/2025\/03\/28\/83942\/"},"modified":"2025-03-28T13:20:40","modified_gmt":"2025-03-28T11:20:40","slug":"83942","status":"publish","type":"post","link":"https:\/\/orheifm.live\/index.php\/2025\/03\/28\/83942\/","title":{"rendered":"Doctori\u021ba Ecaterina Maniuc, suspect\u0103 \u00een cazul decesului Liubei Babu\u021bchi, surprins\u0103 la Judec\u0103toria Chi\u0219in\u0103u"},"content":{"rendered":"<div>\n<p><strong>Doctori\u021ba Ecaterina Maniuc, suspectat\u0103 \u00een dosarul privind decesul Liubei Babu\u021bchi \u0219i aflat\u0103 \u00een arest la domiciliu, a fost surprins\u0103 ast\u0103zi, 28 martie, la Judec\u0103toria Chi\u0219in\u0103u, sediul Ciocana. Avocatul medicului a declarat c\u0103 \u201eau loc ac\u021biuni\u201d.<\/strong><\/p>\n<p>\u201eDoamna Maniuc, sunte\u021bi acum \u00een arest la domiciliu?\u201d \u2013 au \u00eentrebat jurnali\u0219tii. \u201eR\u0103spund eu. Da\u201d, a spus avocatul Alexandru Zmeu pentru One TV.<\/p>\n<p>Liubovi Babu\u021bchi, o femeie de afaceri din Chi\u0219in\u0103u, a decedat \u00eentr-un salon de frumuse\u021be pe 30 ianuarie. Potrivit surselor, decesul ar fi avut loc \u00een timpul unei proceduri. Poli\u021bia a deschis o anchet\u0103 penal\u0103 \u00een acest caz.<\/p>\n<p>Liubovi Babu\u021bchi era proprietara magazinului \u201eMona Lisa Boutique\u201d dintr-un centru comercial din Chi\u0219in\u0103u. Actorul Emilian Cre\u021bu, cunoscut pentru colec\u021biile sale de rochii de la \u201eMona Lisa Boutique\u201d, a postat o fotografie pe re\u021belele sociale cu un mesaj: \u201eLiubi\u021ba, Dumnezeu s\u0103 te ierte\u201d.<\/p>\n<p>Roman Babu\u021bchi, so\u021bul victimei, a povestit despre tragedia din acea zi, spun\u00e2nd c\u0103 trebuia s\u0103-\u0219i ia so\u021bia dup\u0103 proceduri, dar c\u00e2nd a ajuns la salon, aceasta fusese deja preluat\u0103 de ambulan\u021b\u0103.<\/p>\n<p>Fosta avocat\u0103 a lui Roman Babu\u021bchi, Oxana Ivanov, a declarat c\u0103 exist\u0103 \u201etentative de mu\u0219amalizare a cazului\u201d \u0219i c\u0103 dac\u0103 grupul operativ ar fi ac\u021bionat corespunz\u0103tor, doctori\u021ba Maniuc ar fi fost deja re\u021binut\u0103. \u201eVom depune pl\u00e2ngere \u00een acest sens\u201d, a spus ap\u0103r\u0103toarea.<\/p>\n<p>Se pare c\u0103 Liubovi Babu\u021bchi \u0219i-ar fi f\u0103cut inject\u0103ri \u00een fese, iar sursele apropiate anchetei sus\u021bin c\u0103 i-ar fi fost administrat\u0103 anestezie total\u0103 de un medic venit de la alt spital. La tentativa de a o trezi, t\u00e2n\u0103ra nu a reac\u021bionat.<\/p>\n<p>Despre clinica \u00een care a avut loc tragedia au ap\u0103rut informa\u021bii \u0219ocante. De\u0219i este \u00eenregistrat\u0103 oficial ca salon de \u00eenfrumuse\u021bare, pe profilul s\u0103u de Instagram sunt publicate imagini cu opera\u021bii estetice care necesit\u0103 anestezie general\u0103, cum ar fi m\u0103rirea s\u00e2nilor, liposuc\u021bia \u0219i corec\u021bia abdominal\u0103.<\/p>\n<p>Ministra S\u0103n\u0103t\u0103\u021bii, Ala Nemerenco, a oferit detalii suplimentare, preciz\u00e2nd c\u0103 doctori\u021ba anesteziolog a lucrat anterior \u00eentr-un spital public \u0219i c\u0103, \u00een urma unei anchete, s-a descoperit o sec\u021bie clandestin\u0103 de chirurgie cosmetic\u0103.<\/p>\n<p>Proprietara clinicii, care a fugit de la locul tragediei imediat dup\u0103 ce ambulan\u021ba a plecat cu victima, a fost c\u0103utat\u0103 de autorit\u0103\u021bi. \u0218eful IGP, Viorel Cern\u0103u\u021beanu, a confirmat c\u0103 proprietara a p\u0103r\u0103sit \u021bara sub pretextul unor probleme de s\u0103n\u0103tate, dar nu se \u0219tie unde se afl\u0103 acum.<\/p>\n<p>Pe 7 februarie, doctori\u021ba Ecaterina Maniuc a fost re\u021binut\u0103 \u00een trafic, iar pe 10 februarie a fost adus\u0103 \u00een fa\u021ba instan\u021bei. Ulterior, aceasta a fost plasat\u0103 \u00een arest preventiv, dar a fost externat\u0103 din penitenciar \u0219i internat\u0103 la Institutul de Medicin\u0103 Urgent\u0103. \u00cen spa\u021biul public s-a zvonit c\u0103 doctori\u021ba ar fi fost transferat\u0103 \u00eentr-o clinic\u0103 privat\u0103 pentru fertilizare in vitro.<\/p>\n<p>Roman Babu\u021bchi a organizat o conferin\u021b\u0103 de pres\u0103, \u00een care a dezv\u0103luit noi informa\u021bii despre cazul so\u021biei sale \u0219i a anun\u021bat c\u0103 \u0219tie unde se afl\u0103 Irina Borodkina, cunoscut\u0103 drept \u201eDr. Serebrova\u201d, medicul care a efectuat procedura fatal\u0103. \u201eAcum Borodkina este \u00een Spania. Tatiana, poate te duci \u00een Spania s\u0103 o audiezi?\u201d, a spus Babu\u021bchi.<\/p>\n<p>De asemenea, Roman a cerut Ministerului S\u0103n\u0103t\u0103\u021bii s\u0103 se implice \u00een ancheta privind moartea so\u021biei sale, \u00eentreb\u00e2nd: \u201eCine \u0219tie cauza decesului ei? Eu nu \u0219tiu!\u201d<\/p>\n<p>Medicul Igor Curov a declarat c\u0103 acuza\u021biile la adresa sa \u00een cazul decesului Liubei Babu\u021bchi sunt \u201ecomplet false \u0219i def\u0103im\u0103toare\u201d, men\u021bion\u00e2nd c\u0103 nu are nicio implicare \u00een acest caz \u0219i c\u0103 este dispus s\u0103 colaboreze cu ancheta.<\/p>\n<p>Ulterior, avocatul Oxana Ivanov a renun\u021bat s\u0103 o mai reprezinte pe Roman Babu\u021bchi \u00een acest caz, afirm\u00e2nd c\u0103 a fost amenin\u021bat\u0103 \u0219i c\u0103 a decis s\u0103 se protejeze.<\/p>\n<p>Ministra S\u0103n\u0103t\u0103\u021bii, Ala Nemerenco, a refuzat s\u0103 comenteze cazul, men\u021bion\u00e2nd c\u0103 doar ofi\u021berii de urm\u0103rire penal\u0103 \u0219i medicii care au efectuat expertiza au dreptul s\u0103 furnizeze informa\u021bii. Ea a subliniat c\u0103 expertiza nu a fost tergiversat\u0103, ci c\u0103 procesul dureaz\u0103 p\u00e2n\u0103 la 3 s\u0103pt\u0103m\u00e2ni.<\/p>\n<p>Expertiza medico-legal\u0103 a concluzionat c\u0103 decesul Liubei Babu\u021bchi a fost cauzat de o embolie, iar dou\u0103 persoane sunt puse sub acuza\u021bie. Proprietara salonului este \u00eenc\u0103 \u00een c\u0103utare interna\u021bional\u0103.<\/p>\n<p>Ministra Afacerilor Interne, Daniela Misail-Nichitin, a anun\u021bat c\u0103 proprietara salonului este c\u0103utat\u0103 interna\u021bional. Totodat\u0103, ea a exprimat indignare fa\u021b\u0103 de \u00eentreb\u0103rile adresate de Roman Babu\u021bchi, \u00eentreb\u00e2ndu-l dac\u0103 \u0219tie care sunt procedurile corecte pentru astfel de opera\u021bii.<\/p>\n<\/div>\n","protected":false},"excerpt":{"rendered":"<div><img loading=\"lazy\" decoding=\"async\" width=\"696\" height=\"392\" src=\"https:\/\/canal5.md\/wp-content\/uploads\/2025\/03\/ab8064600f1ec20aaa28515e2571f8ab7e9525af8a2ebfc8299ff03e83c93d30-optimized.jpg\" class=\"attachment-large size-large wp-post-image\" alt=\"\" srcset=\"https:\/\/canal5.md\/wp-content\/uploads\/2025\/03\/ab8064600f1ec20aaa28515e2571f8ab7e9525af8a2ebfc8299ff03e83c93d30-optimized.jpg 800w, https:\/\/canal5.md\/wp-content\/uploads\/2025\/03\/ab8064600f1ec20aaa28515e2571f8ab7e9525af8a2ebfc8299ff03e83c93d30-300x169-optimized.jpg 300w, https:\/\/canal5.md\/wp-content\/uploads\/2025\/03\/ab8064600f1ec20aaa28515e2571f8ab7e9525af8a2ebfc8299ff03e83c93d30-768x432-optimized.jpg 768w, https:\/\/canal5.md\/wp-content\/uploads\/2025\/03\/ab8064600f1ec20aaa28515e2571f8ab7e9525af8a2ebfc8299ff03e83c93d30-696x392-optimized.jpg 696w\">Doctori\u021ba Ecaterina Maniuc, suspectat\u0103 \u00een dosarul privind decesul Liubei Babu\u021bchi \u0219i aflat\u0103 \u00een arest la domiciliu, a fost surprins\u0103 ast\u0103zi, 28 martie, la Judec\u0103toria Chi\u0219in\u0103u, sediul Ciocana. Avocatul medicului a declarat c\u0103 \u201eau loc ac\u021biuni\u201d. \u201eDoamna Maniuc, sunte\u021bi acum \u00een arest la domiciliu?\u201d \u2013 au \u00eentrebat jurnali\u0219tii. \u201eR\u0103spund eu. Da\u201d, a spus avocatul Alexandru Zmeu [\u2026]<\/div>\n","protected":false},"author":1,"featured_media":69883,"comment_status":"closed","ping_status":"closed","sticky":false,"template":"","format":"standard","meta":{"jnews-multi-image_gallery":[],"jnews_single_post":[],"jnews_primary_category":[],"jnews_social_meta":[],"jnews_override_counter":[],"footnotes":""},"categories":[30],"tags":[],"class_list":["post-69882","post","type-post","status-publish","format-standard","has-post-thumbnail","hentry","category-social_ro"],"_links":{"self":[{"href":"https:\/\/orheifm.live\/index.php\/wp-json\/wp\/v2\/posts\/69882","targetHints":{"allow":["GET"]}}],"collection":[{"href":"https:\/\/orheifm.live\/index.php\/wp-json\/wp\/v2\/posts"}],"about":[{"href":"https:\/\/orheifm.live\/index.php\/wp-json\/wp\/v2\/types\/post"}],"author":[{"embeddable":true,"href":"https:\/\/orheifm.live\/index.php\/wp-json\/wp\/v2\/users\/1"}],"replies":[{"embeddable":true,"href":"https:\/\/orheifm.live\/index.php\/wp-json\/wp\/v2\/comments?post=69882"}],"version-history":[{"count":0,"href":"https:\/\/orheifm.live\/index.php\/wp-json\/wp\/v2\/posts\/69882\/revisions"}],"wp:featuredmedia":[{"embeddable":true,"href":"https:\/\/orheifm.live\/index.php\/wp-json\/wp\/v2\/media\/69883"}],"wp:attachment":[{"href":"https:\/\/orheifm.live\/index.php\/wp-json\/wp\/v2\/media?parent=69882"}],"wp:term":[{"taxonomy":"category","embeddable":true,"href":"https:\/\/orheifm.live\/index.php\/wp-json\/wp\/v2\/categories?post=69882"},{"taxonomy":"post_tag","embeddable":true,"href":"https:\/\/orheifm.live\/index.php\/wp-json\/wp\/v2\/tags?post=69882"}],"curies":[{"name":"wp","href":"https:\/\/api.w.org\/{rel}","templated":true}]}}