{"id":69878,"date":"2025-03-28T13:10:57","date_gmt":"2025-03-28T11:10:57","guid":{"rendered":"https:\/\/orheifm.live\/index.php\/2025\/03\/28\/vedeta-youtube-ului-soferita-se-enerveaza-dupa-ce-a-fost-filmata\/"},"modified":"2025-03-28T13:10:57","modified_gmt":"2025-03-28T11:10:57","slug":"vedeta-youtube-ului-soferita-se-enerveaza-dupa-ce-a-fost-filmata","status":"publish","type":"post","link":"https:\/\/orheifm.live\/index.php\/2025\/03\/28\/vedeta-youtube-ului-soferita-se-enerveaza-dupa-ce-a-fost-filmata\/","title":{"rendered":"\u201eVedeta YouTube-ului\u201d: \u0218oferi\u021b\u0103 se enerveaz\u0103 dup\u0103 ce a fost filmat\u0103"},"content":{"rendered":"<div>\n<p><strong>O \u0219oferi\u021b\u0103, care a parcat pe trotuar \u00eentr-o curte de bloc, a reac\u021bionat sup\u0103rat\u0103 dup\u0103 ce fapta sa a fost filmat\u0103 de un b\u0103rbat care trecea prin zon\u0103 cu un copil.<\/strong><\/p>\n<p>Dup\u0103 ce a primit o observa\u021bie, femeia a \u00eenjurat, a urcat \u00een ma\u0219in\u0103, a f\u0103cut un gest obscen \u0219i a plecat.<\/p>\n<p>\u201eVedeta YouTube-ului\u201d, i-a r\u0103spuns b\u0103rbatul, iar imaginile au fost publicate pe canalul de Telegram APCUB.<\/p>\n<\/div>\n","protected":false},"excerpt":{"rendered":"<div><img loading=\"lazy\" decoding=\"async\" width=\"696\" height=\"392\" src=\"https:\/\/canal5.md\/wp-content\/uploads\/2025\/03\/be88a65b41bb2a3c80dcb9d0017051701f58edcaa2328f4ed6f7c83ca7cf8c02-optimized.jpg\" class=\"attachment-large size-large wp-post-image\" alt=\"\" srcset=\"https:\/\/canal5.md\/wp-content\/uploads\/2025\/03\/be88a65b41bb2a3c80dcb9d0017051701f58edcaa2328f4ed6f7c83ca7cf8c02-optimized.jpg 800w, https:\/\/canal5.md\/wp-content\/uploads\/2025\/03\/be88a65b41bb2a3c80dcb9d0017051701f58edcaa2328f4ed6f7c83ca7cf8c02-300x169-optimized.jpg 300w, https:\/\/canal5.md\/wp-content\/uploads\/2025\/03\/be88a65b41bb2a3c80dcb9d0017051701f58edcaa2328f4ed6f7c83ca7cf8c02-768x432-optimized.jpg 768w, https:\/\/canal5.md\/wp-content\/uploads\/2025\/03\/be88a65b41bb2a3c80dcb9d0017051701f58edcaa2328f4ed6f7c83ca7cf8c02-696x392-optimized.jpg 696w\">O \u0219oferi\u021b\u0103, care a parcat pe trotuar \u00eentr-o curte de bloc, a reac\u021bionat sup\u0103rat\u0103 dup\u0103 ce fapta sa a fost filmat\u0103 de un b\u0103rbat care trecea prin zon\u0103 cu un copil. Dup\u0103 ce a primit o observa\u021bie, femeia a \u00eenjurat, a urcat \u00een ma\u0219in\u0103, a f\u0103cut un gest obscen \u0219i a plecat. \u201eVedeta YouTube-ului\u201d, i-a [\u2026]<\/div>\n","protected":false},"author":1,"featured_media":69879,"comment_status":"closed","ping_status":"closed","sticky":false,"template":"","format":"standard","meta":{"jnews-multi-image_gallery":[],"jnews_single_post":[],"jnews_primary_category":[],"jnews_social_meta":[],"jnews_override_counter":[],"footnotes":""},"categories":[30],"tags":[],"class_list":["post-69878","post","type-post","status-publish","format-standard","has-post-thumbnail","hentry","category-social_ro"],"_links":{"self":[{"href":"https:\/\/orheifm.live\/index.php\/wp-json\/wp\/v2\/posts\/69878","targetHints":{"allow":["GET"]}}],"collection":[{"href":"https:\/\/orheifm.live\/index.php\/wp-json\/wp\/v2\/posts"}],"about":[{"href":"https:\/\/orheifm.live\/index.php\/wp-json\/wp\/v2\/types\/post"}],"author":[{"embeddable":true,"href":"https:\/\/orheifm.live\/index.php\/wp-json\/wp\/v2\/users\/1"}],"replies":[{"embeddable":true,"href":"https:\/\/orheifm.live\/index.php\/wp-json\/wp\/v2\/comments?post=69878"}],"version-history":[{"count":0,"href":"https:\/\/orheifm.live\/index.php\/wp-json\/wp\/v2\/posts\/69878\/revisions"}],"wp:featuredmedia":[{"embeddable":true,"href":"https:\/\/orheifm.live\/index.php\/wp-json\/wp\/v2\/media\/69879"}],"wp:attachment":[{"href":"https:\/\/orheifm.live\/index.php\/wp-json\/wp\/v2\/media?parent=69878"}],"wp:term":[{"taxonomy":"category","embeddable":true,"href":"https:\/\/orheifm.live\/index.php\/wp-json\/wp\/v2\/categories?post=69878"},{"taxonomy":"post_tag","embeddable":true,"href":"https:\/\/orheifm.live\/index.php\/wp-json\/wp\/v2\/tags?post=69878"}],"curies":[{"name":"wp","href":"https:\/\/api.w.org\/{rel}","templated":true}]}}