{"id":69876,"date":"2025-03-28T12:50:47","date_gmt":"2025-03-28T10:50:47","guid":{"rendered":"https:\/\/orheifm.live\/index.php\/2025\/03\/28\/suspensia-zborurilor-dinspre-si-spre-belgia-pe-31-martie-din-cauza-unei-greve\/"},"modified":"2025-03-28T12:50:47","modified_gmt":"2025-03-28T10:50:47","slug":"suspensia-zborurilor-dinspre-si-spre-belgia-pe-31-martie-din-cauza-unei-greve","status":"publish","type":"post","link":"https:\/\/orheifm.live\/index.php\/2025\/03\/28\/suspensia-zborurilor-dinspre-si-spre-belgia-pe-31-martie-din-cauza-unei-greve\/","title":{"rendered":"Suspensia zborurilor dinspre \u0219i spre Belgia pe 31 martie din cauza unei greve"},"content":{"rendered":"<div>\n<p class=\"\" data-start=\"0\" data-end=\"376\"><strong>Ministerul Afacerilor Externe al Rom\u00e2niei avertizeaz\u0103 cet\u0103\u021benii care se afl\u0103, tranziteaz\u0103 sau doresc s\u0103 c\u0103l\u0103toreasc\u0103 \u00een Regatul Belgiei c\u0103 pe 31 martie va avea loc o grev\u0103 na\u021bional\u0103. <\/strong><\/p>\n<p class=\"\" data-start=\"0\" data-end=\"376\">Din acest motiv, toate zborurile de la \u0219i c\u0103tre Belgia vor fi suspendate. De asemenea, sunt a\u0219teptate perturb\u0103ri semnificative ale transportului public, inclusiv cel feroviar, \u00een \u00eentreaga \u021bar\u0103.<\/p>\n<p class=\"\" data-start=\"378\" data-end=\"688\">Persoanele care au planificat c\u0103l\u0103torii \u00een Belgia sau la Bruxelles sunt sf\u0103tuite s\u0103 verifice site-urile companiilor de transport aerian \u0219i public pentru cele mai recente informa\u021bii: <a target=\"_new\" rel=\"noopener\" data-start=\"560\" data-end=\"614\">www.brusselsairport.be\/en\/passengers\/flights\/departing<\/a>; <a target=\"_new\" rel=\"noopener\" data-start=\"616\" data-end=\"653\">www.brussels-charleroi-airport.com\/fr<\/a>; <a target=\"_new\" rel=\"noopener\" data-start=\"655\" data-end=\"687\">www.stib-mivb.be\/visit.html?l=fr<\/a>.<\/p>\n<\/div>\n","protected":false},"excerpt":{"rendered":"<div><img loading=\"lazy\" decoding=\"async\" width=\"696\" height=\"392\" src=\"https:\/\/canal5.md\/wp-content\/uploads\/2025\/03\/029c4c3afee63902bfd25ab70d9a0dfb5d2039dec5bd4fddffd2f213ad908612-optimized.png\" class=\"attachment-large size-large wp-post-image\" alt=\"\" srcset=\"https:\/\/canal5.md\/wp-content\/uploads\/2025\/03\/029c4c3afee63902bfd25ab70d9a0dfb5d2039dec5bd4fddffd2f213ad908612-optimized.png 800w, https:\/\/canal5.md\/wp-content\/uploads\/2025\/03\/029c4c3afee63902bfd25ab70d9a0dfb5d2039dec5bd4fddffd2f213ad908612-300x169-optimized.png 300w, https:\/\/canal5.md\/wp-content\/uploads\/2025\/03\/029c4c3afee63902bfd25ab70d9a0dfb5d2039dec5bd4fddffd2f213ad908612-768x432-optimized.png 768w, https:\/\/canal5.md\/wp-content\/uploads\/2025\/03\/029c4c3afee63902bfd25ab70d9a0dfb5d2039dec5bd4fddffd2f213ad908612-696x392-optimized.png 696w\">Ministerul Afacerilor Externe al Rom\u00e2niei avertizeaz\u0103 cet\u0103\u021benii care se afl\u0103, tranziteaz\u0103 sau doresc s\u0103 c\u0103l\u0103toreasc\u0103 \u00een Regatul Belgiei c\u0103 pe 31 martie va avea loc o grev\u0103 na\u021bional\u0103. Din acest motiv, toate zborurile de la \u0219i c\u0103tre Belgia vor fi suspendate. De asemenea, sunt a\u0219teptate perturb\u0103ri semnificative ale transportului public, inclusiv cel feroviar, \u00een \u00eentreaga [\u2026]<\/div>\n","protected":false},"author":1,"featured_media":69877,"comment_status":"closed","ping_status":"closed","sticky":false,"template":"","format":"standard","meta":{"jnews-multi-image_gallery":[],"jnews_single_post":[],"jnews_primary_category":[],"jnews_social_meta":[],"jnews_override_counter":[],"footnotes":""},"categories":[30],"tags":[],"class_list":["post-69876","post","type-post","status-publish","format-standard","has-post-thumbnail","hentry","category-social_ro"],"_links":{"self":[{"href":"https:\/\/orheifm.live\/index.php\/wp-json\/wp\/v2\/posts\/69876","targetHints":{"allow":["GET"]}}],"collection":[{"href":"https:\/\/orheifm.live\/index.php\/wp-json\/wp\/v2\/posts"}],"about":[{"href":"https:\/\/orheifm.live\/index.php\/wp-json\/wp\/v2\/types\/post"}],"author":[{"embeddable":true,"href":"https:\/\/orheifm.live\/index.php\/wp-json\/wp\/v2\/users\/1"}],"replies":[{"embeddable":true,"href":"https:\/\/orheifm.live\/index.php\/wp-json\/wp\/v2\/comments?post=69876"}],"version-history":[{"count":0,"href":"https:\/\/orheifm.live\/index.php\/wp-json\/wp\/v2\/posts\/69876\/revisions"}],"wp:featuredmedia":[{"embeddable":true,"href":"https:\/\/orheifm.live\/index.php\/wp-json\/wp\/v2\/media\/69877"}],"wp:attachment":[{"href":"https:\/\/orheifm.live\/index.php\/wp-json\/wp\/v2\/media?parent=69876"}],"wp:term":[{"taxonomy":"category","embeddable":true,"href":"https:\/\/orheifm.live\/index.php\/wp-json\/wp\/v2\/categories?post=69876"},{"taxonomy":"post_tag","embeddable":true,"href":"https:\/\/orheifm.live\/index.php\/wp-json\/wp\/v2\/tags?post=69876"}],"curies":[{"name":"wp","href":"https:\/\/api.w.org\/{rel}","templated":true}]}}