{"id":69874,"date":"2025-03-28T12:30:26","date_gmt":"2025-03-28T10:30:26","guid":{"rendered":"https:\/\/orheifm.live\/index.php\/2025\/03\/28\/introducerea-semnaturii-electronice-in-noile-buletine-de-identitate-vot-online-si-mai-mult-control-al-autoritatilor\/"},"modified":"2025-03-28T12:30:26","modified_gmt":"2025-03-28T10:30:26","slug":"introducerea-semnaturii-electronice-in-noile-buletine-de-identitate-vot-online-si-mai-mult-control-al-autoritatilor","status":"publish","type":"post","link":"https:\/\/orheifm.live\/index.php\/2025\/03\/28\/introducerea-semnaturii-electronice-in-noile-buletine-de-identitate-vot-online-si-mai-mult-control-al-autoritatilor\/","title":{"rendered":"Introducerea semn\u0103turii electronice \u00een noile buletine de identitate: Vot online \u0219i mai mult control al autorit\u0103\u021bilor"},"content":{"rendered":"<div>\n<p><strong>\u00cencep\u00e2nd cu luna aprilie 2025, autorit\u0103\u021bile din Republica Moldova vor introduce noi c\u0103r\u021bi de identitate de tip european, iar aceast\u0103 schimbare ar putea fi legat\u0103 de inten\u021bia guvernului de a facilita procesul de votare pentru cet\u0103\u021beni, inclusiv prin posibilitatea de a vota online folosind semn\u0103tura electronic\u0103.<\/strong><\/p>\n<p>Exper\u021bii sus\u021bin c\u0103 aceast\u0103 m\u0103sur\u0103 ar putea contribui \u0219i la consolidarea controlului asupra procesului electoral, iar rezultatele alegerilor ar putea fi influen\u021bate prin supravegherea voturilor online.<\/p>\n<p>Un alt aspect important este faptul c\u0103 noile buletine de identitate nu vor con\u021bine datele despre re\u0219edin\u021b\u0103, ceea ce va permite cet\u0103\u021benilor s\u0103 voteze din orice loca\u021bie. \u00cen plus, prin utilizarea semn\u0103turii electronice, ace\u0219tia vor putea accesa \u0219i utiliza diverse servicii guvernamentale online, f\u0103r\u0103 a mai fi nevoie s\u0103 se deplaseze la institu\u021biile statului. Totu\u0219i, aceast\u0103 schimbare ridic\u0103 \u00eengrijor\u0103ri cu privire la transparen\u021ba \u0219i securitatea procesului electoral, iar unii consider\u0103 c\u0103 aceast\u0103 m\u0103sur\u0103 ar putea duce la o form\u0103 de control total asupra cet\u0103\u021benilor.<\/p>\n<p>Prim-ministrul Dorin Recean a anun\u021bat c\u0103, \u00eencep\u00e2nd din aprilie 2025, cet\u0103\u021benii din Republica Moldova, inclusiv cei din diaspor\u0103, vor putea solicita noul tip de buletin de identitate. Primul milion de astfel de acte vor fi emise gratuit pentru cei care le cer \u00een regim obi\u0219nuit. De\u0219i noua carte de identitate nu va fi obligatorie, aceasta va \u00eenlocui treptat vechile buletine de identitate \u0219i va include semn\u0103tura electronic\u0103, oferind astfel mai multe posibilit\u0103\u021bi de autentificare \u0219i acces la servicii electronice.<\/p>\n<\/div>\n","protected":false},"excerpt":{"rendered":"<div><img loading=\"lazy\" decoding=\"async\" width=\"696\" height=\"458\" src=\"https:\/\/canal5.md\/wp-content\/uploads\/2025\/03\/805965-optimized.webp\" class=\"attachment-large size-large wp-post-image\" alt=\"\" srcset=\"https:\/\/canal5.md\/wp-content\/uploads\/2025\/03\/805965-optimized.webp 760w, https:\/\/canal5.md\/wp-content\/uploads\/2025\/03\/805965-300x197-optimized.webp 300w, https:\/\/canal5.md\/wp-content\/uploads\/2025\/03\/805965-696x458-optimized.webp 696w\">\u00cencep\u00e2nd cu luna aprilie 2025, autorit\u0103\u021bile din Republica Moldova vor introduce noi c\u0103r\u021bi de identitate de tip european, iar aceast\u0103 schimbare ar putea fi legat\u0103 de inten\u021bia guvernului de a facilita procesul de votare pentru cet\u0103\u021beni, inclusiv prin posibilitatea de a vota online folosind semn\u0103tura electronic\u0103. Exper\u021bii sus\u021bin c\u0103 aceast\u0103 m\u0103sur\u0103 ar putea contribui \u0219i [\u2026]<\/div>\n","protected":false},"author":1,"featured_media":69875,"comment_status":"closed","ping_status":"closed","sticky":false,"template":"","format":"standard","meta":{"jnews-multi-image_gallery":[],"jnews_single_post":[],"jnews_primary_category":[],"jnews_social_meta":[],"jnews_override_counter":[],"footnotes":""},"categories":[30],"tags":[],"class_list":["post-69874","post","type-post","status-publish","format-standard","has-post-thumbnail","hentry","category-social_ro"],"_links":{"self":[{"href":"https:\/\/orheifm.live\/index.php\/wp-json\/wp\/v2\/posts\/69874","targetHints":{"allow":["GET"]}}],"collection":[{"href":"https:\/\/orheifm.live\/index.php\/wp-json\/wp\/v2\/posts"}],"about":[{"href":"https:\/\/orheifm.live\/index.php\/wp-json\/wp\/v2\/types\/post"}],"author":[{"embeddable":true,"href":"https:\/\/orheifm.live\/index.php\/wp-json\/wp\/v2\/users\/1"}],"replies":[{"embeddable":true,"href":"https:\/\/orheifm.live\/index.php\/wp-json\/wp\/v2\/comments?post=69874"}],"version-history":[{"count":0,"href":"https:\/\/orheifm.live\/index.php\/wp-json\/wp\/v2\/posts\/69874\/revisions"}],"wp:featuredmedia":[{"embeddable":true,"href":"https:\/\/orheifm.live\/index.php\/wp-json\/wp\/v2\/media\/69875"}],"wp:attachment":[{"href":"https:\/\/orheifm.live\/index.php\/wp-json\/wp\/v2\/media?parent=69874"}],"wp:term":[{"taxonomy":"category","embeddable":true,"href":"https:\/\/orheifm.live\/index.php\/wp-json\/wp\/v2\/categories?post=69874"},{"taxonomy":"post_tag","embeddable":true,"href":"https:\/\/orheifm.live\/index.php\/wp-json\/wp\/v2\/tags?post=69874"}],"curies":[{"name":"wp","href":"https:\/\/api.w.org\/{rel}","templated":true}]}}