{"id":69836,"date":"2025-03-27T15:21:28","date_gmt":"2025-03-27T13:21:28","guid":{"rendered":"https:\/\/orheifm.live\/index.php\/2025\/03\/27\/liderul-partidului-sansa-oprit-pe-aeroportul-chisinau-i-s-a-inmanat-citatie-la-cna\/"},"modified":"2025-03-27T15:21:28","modified_gmt":"2025-03-27T13:21:28","slug":"liderul-partidului-sansa-oprit-pe-aeroportul-chisinau-i-s-a-inmanat-citatie-la-cna","status":"publish","type":"post","link":"https:\/\/orheifm.live\/index.php\/2025\/03\/27\/liderul-partidului-sansa-oprit-pe-aeroportul-chisinau-i-s-a-inmanat-citatie-la-cna\/","title":{"rendered":"LIDERUL PARTIDULUI ,SANS\u0102\u201d, OPRIT PE AEROPORTUL CHISIN\u0102U. I S-A \u00ceNM\u00c2NAT CITATIE LA CNA"},"content":{"rendered":"<div>\n<p><strong>\u00cen diminea\u021ba zilei de joi, liderului Partidului \u201d\u0218ans\u0103\u201d, Alexei Lungu, nu i s-a permis d\u0103 ias\u0103 din Republica Moldova. \u00cen timp ce se afla la Aeroportul Interna\u021bional Chi\u0219in\u0103u, pentru a zbura spre Istanbul, acesta a fost oprit de un ofi\u021ber al Centrului Na\u021bional Anticorup\u021bie, care i-a \u00eenm\u00e2nat o cita\u021bie la ofi\u021berul de urm\u0103rire penal\u0103 a CNA. Alexei Lungu a insistat s\u0103 i se ofere mai multe explica\u021bii \u00een leg\u0103tur\u0103 cu ac\u021biunile ofi\u021berului, deoarece nu figureaz\u0103 \u00een niciun dosar penal. Ofi\u021berul CNA care s-a prezentat cu numele de Maxim P\u00eeslari nu a putut oferi nicio informa\u021bie clar\u0103 privind motivele reale ale re\u021binerii liderului Partidului \u201d\u0218ans\u0103\u201d.<\/strong><br \/>\n<iframe loading=\"lazy\" title=\"YouTube video player\" src=\"https:\/\/www.youtube.com\/embed\/kHOLtEo5MqI?si=c91ia4KvdgsAD-fA\" width=\"560\" height=\"315\" frameborder=\"0\" allowfullscreen=\"allowfullscreen\"><\/iframe><\/p>\n<p>\u2013 Sunte\u021bi b\u0103nuit \u00een cauz\u0103 penal\u0103\u2026 \u2013 Care cauz\u0103 penal\u0103 \u0219i ce acuza\u021bii mi se aduc?<\/p>\n<p>\u2013 Eu sunt ofi\u021berul de investiga\u021bie, dvs trebuie s\u0103 v\u0103 prezenta\u021bi la ofi\u021berul de urm\u0103rire penal\u0103.<\/p>\n<p>\u2013 Explica\u021bi-mi, v\u0103 rog, de ce neav\u00e2nd niciun statut, eu n-am putut pleca ast\u0103zi la Istanbul? \u2013 Ofi\u021berului de urm\u0103rire penal\u0103 o s\u0103-i oferi\u021bi \u00eentreb\u0103rile care\u2026<\/p>\n<p>\u2013 Eu sunt cet\u0103\u021bean al Republicii Moldova, cet\u0103\u021bean liber, exist\u0103 depturile garantate de carta interna\u021bional\u0103, plus Constitu\u021bia Republicii Moldova, neav\u00e2nd niciun statut, nefiind supus vreunei proceduri juridice, eu nu am putut pleca.<\/p>\n<p>\u2013 Eu v-am explicat \u2026 eu am cazierul curat, eu am extrasul de la INI, care \u00eemi spune c\u0103 nu exist\u0103 nicio procedur\u0103, nu exist\u0103 nicio sanc\u021biune din partea judec\u0103torului de instruc\u021bie \u0219i nici din partea procurorului.<\/p>\n<p>\u2013 Bine, dvs. v\u0103 prezenta\u021bi ast\u0103zi la ofi\u021berul de urm\u0103rire penal\u0103..<\/p>\n<p>\u2013 Da de ce at\u00e2ta urgen\u021b\u0103, fiindc\u0103 eu m\u0103 \u00eentorc \u00een \u021bar\u0103, vreau s\u0103 \u0219tiu de unde at\u00e2ta urgen\u021b\u0103? \u2013 Sunte\u021bi citat, v\u0103 dau cita\u021bia, dvs semna\u021bi\u2026<\/p>\n<p>Liderul Partidului \u201e\u0218ans\u0103\u201d a declarat c\u0103 i s-a interzis s\u0103 ias\u0103 din \u021bar\u0103 a-i fi oferite explica\u021bii plauzibile \u0219i a fost supus verific\u0103rilor din partea poli\u021bi\u0219tilor de frontier\u0103 de dou\u0103 ori. El a calificat ac\u021biunile celor de la guvernare drept un abuz flagrant \u0219i o \u00eenc\u0103lcare grav\u0103 a legii. potrivit lui, oamenii legii, care nu fac altceva dec\u00e2t s\u0103 execute ordinele regimului Sandu-PAS \u0219i-au dep\u0103\u0219it \u0219i de aceast\u0103 dat\u0103 atribu\u021biile.<\/p>\n<p>ALEXEI LUNGU, liderul Partidului \u201d\u0218ans\u0103\u201d<br \/>\nEi m-au informat c\u0103 va sosi un reprezentant al CNA \u0219i c\u0103 nu voi zbura nic\u0103ieri ast\u0103zi. Ulterior, a venit o persoan\u0103 de la CNA, \u00eembr\u0103cat\u0103 \u00een civil, mia \u00eenm\u00e2nat o cita\u021bie la CNA \u0219i mi-a spus c\u0103 acolo ar trebui s\u0103 mi se \u00eenainteze nu \u0219tiu ce. La ziua de azi nu sunt subiect al vreunui dosar penal, nu exist\u0103 nicio hot\u0103r\u00e2re judec\u0103toreasc\u0103 sau decizie a procurorului \u00eempotriva mea. Acesta este un alt exemplu de dezm\u0103\u021b\u00cen\u021belegem cu to\u021bii \u0219i ei, la fel, \u00een\u021beleg c\u0103 le fuge p\u0103m\u00e2ntul de sub picioare \u0219i \u00eencearc\u0103 cumva s\u0103 r\u0103m\u00e2n\u0103 la putere prin orice mijloace.<\/p>\n<p>Lungu a adesat un mesaj poli\u021bi\u0219tilor care execut\u0103 ordinile suspu\u0219ilor, dar \u0219i personal \u0219efului IGP, Viorel Cern\u0103u\u021beanu.<\/p>\n<p>ALEXEI LUNGU, liderul Partidului \u201d\u0218ans\u0103\u201d<br \/>\nA\u0219 dori s\u0103 le reamintesc celor care execut\u0103 ordinele criminale ale superiorilor lor: solicita\u021bi aceste ordine \u00een scris, pentru ca mai t\u00e2rziu, c\u00e2nd vor fi pornite dosare penale pentru dep\u0103\u0219irea atribu\u021biilor, s\u0103 ave\u021bi dovezi. \u0218i un mesaj separat pentru \u0219eful poli\u021biei Viorel Cern\u0103u\u021ban. Viorel, nu vei putea \u00eenchide gura tuturor \u0219i nu ne vei aresta pe to\u021bi. Dar vei r\u0103spunde pentru ac\u021biunile tale \u0219i pentru imobilile pe care le ai prin \u021bar\u0103 sau poate \u0219i prin alte p\u0103r\u021bi. \u0219i vreau s\u0103-\u021bi mai amintesc, Viorel, c\u0103 am lucrat \u00eempreun\u0103 \u00een cadrul Biroului de Reintegrare. Atunci, sub regimul Plahotniuc, cum \u00eel nume\u0219ti tu.<br \/>\nPe atunci te sim\u021beai foarte confortabil . \u00ce\u021bi vom aminti de asta, atunci c\u00e2nd vei sta \u00een fa\u021ba judec\u0103torilor pentru tot ce ai f\u0103cut.<\/p>\n<p>Preciz\u0103m c\u0103, presiunea exercitat\u0103 de actuala guvernare prin re\u021bineri, dosare penale fabricate \u0219i procese de judecat\u0103 asupra liderilor de opozi\u021bie \u0219i a deputa\u021bilor s-a \u00eente\u021bit \u00een ultimele zile. Mai mul\u021bi politicieni, dar \u0219i exper\u021bi au condamnat ac\u021biunile calific\u00e2ndu-le o r\u0103fuial\u0103 din partea PAS, de teama de a nu pierde puterea a\u0219a cum alegerile parlamentare sunt tot mai aproape.<\/p>\n<\/div>\n","protected":false},"excerpt":{"rendered":"<div><img decoding=\"async\" width=\"696\" height=\"464\" src=\"https:\/\/canal5.md\/wp-content\/uploads\/2023\/12\/alexei-lungu-1024x683-optimized.jpg\" class=\"attachment-large size-large wp-post-image\" alt=\"\" loading=\"lazy\" srcset=\"https:\/\/canal5.md\/wp-content\/uploads\/2023\/12\/alexei-lungu-1024x683-optimized.jpg 1024w, https:\/\/canal5.md\/wp-content\/uploads\/2023\/12\/alexei-lungu-300x200-optimized.jpg 300w, https:\/\/canal5.md\/wp-content\/uploads\/2023\/12\/alexei-lungu-768x512-optimized.jpg 768w, https:\/\/canal5.md\/wp-content\/uploads\/2023\/12\/alexei-lungu-1536x1024-optimized.jpg 1536w, https:\/\/canal5.md\/wp-content\/uploads\/2023\/12\/alexei-lungu-2048x1366-optimized.jpg 2048w, https:\/\/canal5.md\/wp-content\/uploads\/2023\/12\/alexei-lungu-696x464-optimized.jpg 696w, https:\/\/canal5.md\/wp-content\/uploads\/2023\/12\/alexei-lungu-1068x712-optimized.jpg 1068w, https:\/\/canal5.md\/wp-content\/uploads\/2023\/12\/alexei-lungu-1920x1280-optimized.jpg 1920w\">\u00cen diminea\u021ba zilei de joi, liderului Partidului \u201d\u0218ans\u0103\u201d, Alexei Lungu, nu i s-a permis d\u0103 ias\u0103 din Republica Moldova. \u00cen timp ce se afla la Aeroportul Interna\u021bional Chi\u0219in\u0103u, pentru a zbura spre Istanbul, acesta a fost oprit de un ofi\u021ber al Centrului Na\u021bional Anticorup\u021bie, care i-a \u00eenm\u00e2nat o cita\u021bie la ofi\u021berul de urm\u0103rire penal\u0103 a [\u2026]<\/div>\n","protected":false},"author":1,"featured_media":69837,"comment_status":"closed","ping_status":"closed","sticky":false,"template":"","format":"standard","meta":{"jnews-multi-image_gallery":[],"jnews_single_post":[],"jnews_primary_category":[],"jnews_social_meta":[],"jnews_override_counter":[],"footnotes":""},"categories":[23],"tags":[],"class_list":["post-69836","post","type-post","status-publish","format-standard","has-post-thumbnail","hentry","category-politica_ro"],"_links":{"self":[{"href":"https:\/\/orheifm.live\/index.php\/wp-json\/wp\/v2\/posts\/69836","targetHints":{"allow":["GET"]}}],"collection":[{"href":"https:\/\/orheifm.live\/index.php\/wp-json\/wp\/v2\/posts"}],"about":[{"href":"https:\/\/orheifm.live\/index.php\/wp-json\/wp\/v2\/types\/post"}],"author":[{"embeddable":true,"href":"https:\/\/orheifm.live\/index.php\/wp-json\/wp\/v2\/users\/1"}],"replies":[{"embeddable":true,"href":"https:\/\/orheifm.live\/index.php\/wp-json\/wp\/v2\/comments?post=69836"}],"version-history":[{"count":0,"href":"https:\/\/orheifm.live\/index.php\/wp-json\/wp\/v2\/posts\/69836\/revisions"}],"wp:featuredmedia":[{"embeddable":true,"href":"https:\/\/orheifm.live\/index.php\/wp-json\/wp\/v2\/media\/69837"}],"wp:attachment":[{"href":"https:\/\/orheifm.live\/index.php\/wp-json\/wp\/v2\/media?parent=69836"}],"wp:term":[{"taxonomy":"category","embeddable":true,"href":"https:\/\/orheifm.live\/index.php\/wp-json\/wp\/v2\/categories?post=69836"},{"taxonomy":"post_tag","embeddable":true,"href":"https:\/\/orheifm.live\/index.php\/wp-json\/wp\/v2\/tags?post=69836"}],"curies":[{"name":"wp","href":"https:\/\/api.w.org\/{rel}","templated":true}]}}