{"id":69834,"date":"2025-03-27T15:20:43","date_gmt":"2025-03-27T13:20:43","guid":{"rendered":"https:\/\/orheifm.live\/index.php\/2025\/03\/27\/avocatul-evgheniei-gutul-bascana-a-fost-retinuta-intr-un-dosar-dar-procurorii-cer-prelungirea-arestului-intr-un-alt-dosar\/"},"modified":"2025-03-27T15:20:43","modified_gmt":"2025-03-27T13:20:43","slug":"avocatul-evgheniei-gutul-bascana-a-fost-retinuta-intr-un-dosar-dar-procurorii-cer-prelungirea-arestului-intr-un-alt-dosar","status":"publish","type":"post","link":"https:\/\/orheifm.live\/index.php\/2025\/03\/27\/avocatul-evgheniei-gutul-bascana-a-fost-retinuta-intr-un-dosar-dar-procurorii-cer-prelungirea-arestului-intr-un-alt-dosar\/","title":{"rendered":"Avocatul Evgheniei Gu\u021bul: Ba\u0219cana a fost re\u021binut\u0103 \u00eentr-un dosar dar  procurorii cer prelungirea arestului \u00eentr-un alt dosar"},"content":{"rendered":"<div>\n<p><strong>\u201eProcurorul a cerut arestarea preventiv\u0103 a ba\u0219canului G\u0103g\u0103uziei pe un alt dosar, diferit de cel care a fost utilizat pentru re\u021binerea acesteia.\u201d Avocatul guvernatorului afirm\u0103 c\u0103 astfel se dore\u0219te s\u0103 se creeze o confuzie inten\u021bionat\u0103, un amestec \u00eentre dosare. Potrivit lui Sergiu Moraru, re\u021binerea Evgheniei Gu\u021bul este nefondat\u0103 \u0219i o inven\u021bie, subliniind c\u0103 nu exist\u0103 dovezi care s\u0103 o incrimineze. Mai mult dec\u00e2t at\u00e2t, Moraru a acuzat autorit\u0103\u021bile de manipulare \u0219i abuz de procedur\u0103.<\/strong><br \/>\n<iframe loading=\"lazy\" title=\"YouTube video player\" src=\"https:\/\/www.youtube.com\/embed\/P-9Mqv1s3n4?si=AtNfObhY6oT_zNrx\" width=\"560\" height=\"315\" frameborder=\"0\" allowfullscreen=\"allowfullscreen\"><\/iframe><\/p>\n<p>Avocatul ba\u0219canului G\u0103g\u0103uziei, Sergiu Moraru, a declarat pentru Canal 5 c\u0103 dosarul penal pe care a fost re\u021binut\u0103 Evghenia Gu\u021bul, de fapt, a fost folosit doar ca pretext pentru re\u021binere, iar ac\u021biunile de urm\u0103rire penal\u0103 reprezint\u0103 o manipulare din partea autorit\u0103\u021bilor. Ap\u0103r\u0103torul mai explic\u0103 implicarea mai multor dosare prin dorin\u021ba de a acumula un num\u0103r cat mai mare de acuza\u021bii.<\/p>\n<p>SERGIU MORARU, avocat<\/p>\n<p>Acesta pare s\u0103 fie un amestec inten\u021bionat, o \u00eencercare de a crea confuzie \u0219i de a face o desincronizare \u00eentre autorit\u0103\u021bile implicate: organele de drept, instan\u021ba de judecat\u0103, Procuratura Anticorup\u021biei, Procuratura General\u0103 \u0219i SIS. Aparent, exist\u0103 o disperare pentru a g\u0103si orice fel de argumente care s\u0103 justifice aplicarea arestului preventiv.<\/p>\n<p>Avocatul mai reitereaz\u0103 c\u0103, de\u0219i este greu de \u00een\u021beles ce anume este acceptat \u0219i ce nu, cu siguran\u021b\u0103, \u00een niciunul dintre cele dou\u0103 dosare nu se demonstreaz\u0103 c\u0103 doamna Gu\u021bul ar fi \u00eenc\u0103lcat legea sau c\u0103 ar fi comis vreo fapt\u0103 infrac\u021bional\u0103.<\/p>\n<p>SERGIU MORARU, avocat<br \/>\n\u00cen primul dosar, doamna Gu\u021bul este investigat\u0103 \u0219i acuzat\u0103 pentru activitatea sa de secretar, persoan\u0103 responsabil\u0103 cu \u021binerea eviden\u021bei \u00een cadrul partidului politic \u0218or. Iar acum este acuzat\u0103 c\u0103 ar fi acceptat fonduri pentru partid din partea unui grup criminal organizat. Aceasta este o contradic\u021bie, un paradox. Este ca \u0219i cum ai spune c\u0103 o persoan\u0103 care este responsabil\u0103 doar cu \u00eenchiderea \u0219i deschiderea por\u021bii ar fi decis asupra problemelor financiare ale \u00eentreprinderii. Acestea sunt acuza\u021biile din primul dosar. \u00cen al doilea dosar, ea este acuzat\u0103 c\u0103 ar fi organizat falsificarea unor formulare de dona\u021bii. \u00cen realitate, \u00eens\u0103, nu exist\u0103 nicio dovad\u0103 c\u0103 o persoan\u0103 ar fi putut influen\u021ba sau comunica acest lucru, deoarece astfel de fapte nu au avut loc.<\/p>\n<p>De asemenea, Sergiu Moraru a criticat ac\u021biunile procurorilor \u0219i ale ofi\u021berilor CNA, consider\u00e2ndu-le abuzive \u0219i f\u0103r\u0103 precedent \u00een Republica Moldova. El a subliniat c\u0103 re\u021binerea \u0219i arestul preventiv sunt ilegale \u0219i au scopul de a manipula instan\u021bele \u0219i de a \u00eempiedica activitatea doamnei Gu\u021bul.<\/p>\n<p>SERGIU MORARU, avocat<br \/>\n\u2013 Aplicarea abuziv\u0103 \u0219i ilegal\u0103 a arestului s-a mai \u00eent\u00e2mplat \u00een Republica Moldova, dar re\u021binerea pe un dosar \u0219i solicitarea de aplicare a arestului \u00een alt dosar, eu, de exemplu, din toat\u0103 activitatea mea, nu am mai v\u0103zut a\u0219a ceva. Adic\u0103, \u00een cazul doamnei Gu\u021bul, pe l\u00e2ng\u0103 faptul c\u0103 este, \u00een opinia noastr\u0103, o re\u021binere v\u0103dit ilegal\u0103.<\/p>\n<p>\u2013 A\u0219a ceva nu \u00eemi amintesc s\u0103 fi fost un asemenea precedent. Adic\u0103 \u00een privin\u021ba la nimeni, nu s-au mai folosit a\u0219a manipul\u0103ri \u0219i a\u0219a formul\u0103ri \u0219i a\u0219a ac\u021biuni abuzive din partea procur\u0103torilor.<\/p>\n<p>Amintim c\u0103, ba\u0219canul G\u0103g\u0103uziei, Evghenia Gu\u021bul, a fost re\u021binut\u0103 mar\u021bi seara, 25 martie 2025, pe Aeroportul Interna\u021bional Chi\u0219in\u0103u, \u00een timp ce mergea la Instabul pentru o vizit\u0103 de interes. Preciz\u0103m c\u0103, Procuratura a solicitat 30 de zile de arest preventiv pentru ba\u0219canul G\u0103g\u0103uziei, Evghenia Gu\u021bul. Cererea a fost depus\u0103, \u00eens\u0103 data \u0219i ora \u0219edin\u021bei de judecat\u0103 nu au fost \u00eenc\u0103 stabilite.<\/p>\n<\/div>\n","protected":false},"excerpt":{"rendered":"<div><img decoding=\"async\" width=\"696\" height=\"392\" src=\"https:\/\/canal5.md\/wp-content\/uploads\/2025\/03\/3ro_advokat-bashkana-1024x576-optimized.jpg\" class=\"attachment-large size-large wp-post-image\" alt=\"\" loading=\"lazy\" srcset=\"https:\/\/canal5.md\/wp-content\/uploads\/2025\/03\/3ro_advokat-bashkana-1024x576-optimized.jpg 1024w, https:\/\/canal5.md\/wp-content\/uploads\/2025\/03\/3ro_advokat-bashkana-300x169-optimized.jpg 300w, https:\/\/canal5.md\/wp-content\/uploads\/2025\/03\/3ro_advokat-bashkana-768x432-optimized.jpg 768w, https:\/\/canal5.md\/wp-content\/uploads\/2025\/03\/3ro_advokat-bashkana-1536x864-optimized.jpg 1536w, https:\/\/canal5.md\/wp-content\/uploads\/2025\/03\/3ro_advokat-bashkana-696x392-optimized.jpg 696w, https:\/\/canal5.md\/wp-content\/uploads\/2025\/03\/3ro_advokat-bashkana-1068x601-optimized.jpg 1068w, https:\/\/canal5.md\/wp-content\/uploads\/2025\/03\/3ro_advokat-bashkana-optimized.jpg 1920w\">\u201eProcurorul a cerut arestarea preventiv\u0103 a ba\u0219canului G\u0103g\u0103uziei pe un alt dosar, diferit de cel care a fost utilizat pentru re\u021binerea acesteia.\u201d Avocatul guvernatorului afirm\u0103 c\u0103 astfel se dore\u0219te s\u0103 se creeze o confuzie inten\u021bionat\u0103, un amestec \u00eentre dosare. Potrivit lui Sergiu Moraru, re\u021binerea Evgheniei Gu\u021bul este nefondat\u0103 \u0219i o inven\u021bie, subliniind c\u0103 nu exist\u0103 [\u2026]<\/div>\n","protected":false},"author":1,"featured_media":69835,"comment_status":"closed","ping_status":"closed","sticky":false,"template":"","format":"standard","meta":{"jnews-multi-image_gallery":[],"jnews_single_post":[],"jnews_primary_category":[],"jnews_social_meta":[],"jnews_override_counter":[],"footnotes":""},"categories":[23],"tags":[],"class_list":["post-69834","post","type-post","status-publish","format-standard","has-post-thumbnail","hentry","category-politica_ro"],"_links":{"self":[{"href":"https:\/\/orheifm.live\/index.php\/wp-json\/wp\/v2\/posts\/69834","targetHints":{"allow":["GET"]}}],"collection":[{"href":"https:\/\/orheifm.live\/index.php\/wp-json\/wp\/v2\/posts"}],"about":[{"href":"https:\/\/orheifm.live\/index.php\/wp-json\/wp\/v2\/types\/post"}],"author":[{"embeddable":true,"href":"https:\/\/orheifm.live\/index.php\/wp-json\/wp\/v2\/users\/1"}],"replies":[{"embeddable":true,"href":"https:\/\/orheifm.live\/index.php\/wp-json\/wp\/v2\/comments?post=69834"}],"version-history":[{"count":0,"href":"https:\/\/orheifm.live\/index.php\/wp-json\/wp\/v2\/posts\/69834\/revisions"}],"wp:featuredmedia":[{"embeddable":true,"href":"https:\/\/orheifm.live\/index.php\/wp-json\/wp\/v2\/media\/69835"}],"wp:attachment":[{"href":"https:\/\/orheifm.live\/index.php\/wp-json\/wp\/v2\/media?parent=69834"}],"wp:term":[{"taxonomy":"category","embeddable":true,"href":"https:\/\/orheifm.live\/index.php\/wp-json\/wp\/v2\/categories?post=69834"},{"taxonomy":"post_tag","embeddable":true,"href":"https:\/\/orheifm.live\/index.php\/wp-json\/wp\/v2\/tags?post=69834"}],"curies":[{"name":"wp","href":"https:\/\/api.w.org\/{rel}","templated":true}]}}