{"id":69832,"date":"2025-03-27T15:18:23","date_gmt":"2025-03-27T13:18:23","guid":{"rendered":"https:\/\/orheifm.live\/index.php\/2025\/03\/27\/bascanul-gagauziei-evghenia-gutul-solicita-sprijinul-liderilor-rusiei-si-turciei-impotriva-represiunii-politice\/"},"modified":"2025-03-27T15:18:23","modified_gmt":"2025-03-27T13:18:23","slug":"bascanul-gagauziei-evghenia-gutul-solicita-sprijinul-liderilor-rusiei-si-turciei-impotriva-represiunii-politice","status":"publish","type":"post","link":"https:\/\/orheifm.live\/index.php\/2025\/03\/27\/bascanul-gagauziei-evghenia-gutul-solicita-sprijinul-liderilor-rusiei-si-turciei-impotriva-represiunii-politice\/","title":{"rendered":"Ba\u0219canul G\u0103g\u0103uziei, Evghenia Gu\u021bul, solicit\u0103 sprijinul liderilor Rusiei \u0219i Turciei \u00eempotriva represiunii politice"},"content":{"rendered":"<div>\n<p><strong>Ba\u0219canul G\u0103g\u0103uziei, Evghenia Gu\u021bul, re\u021binut\u0103 pe 25 martie \u00een aeroportul din Chi\u0219in\u0103u, a cerut ajutor pre\u0219edin\u021bilor Rusiei \u0219i Turciei. Liderul autonomiei consider\u0103 c\u0103 arestul s\u0103u este o comand\u0103 politic\u0103, parte a unei campanii ample de distrugere a fundamentelor autonomiei g\u0103g\u0103uze, \u0219i solicit\u0103 lui Vladimir Putin \u0219i Recep Tayyip Erdogan s\u0103 intervin\u0103 pentru eliberarea sa. \u00cen apelurile f\u0103cute de Gu\u021bul prin intermediul avoca\u021bilor s\u0103i, se subliniaz\u0103 c\u0103 Rusia \u0219i Turcia au sus\u021binut \u00eentotdeauna poporul g\u0103g\u0103uz \u0219i nu \u00eel vor l\u0103sa \u00een momentele dificile.<\/strong><br \/>\n<iframe loading=\"lazy\" title=\"YouTube video player\" src=\"https:\/\/www.youtube.com\/embed\/MgkPLadu5Y8?si=LqLbASmPZ2r3chaj\" width=\"560\" height=\"315\" frameborder=\"0\" allowfullscreen=\"allowfullscreen\"><\/iframe><\/p>\n<p>\u00cen apelul adresat pre\u0219edintelui Federa\u021biei Ruse, Vladimir Putin, Evghenia Gu\u021bul nume\u0219te re\u021binerea sa \u201dabsurd\u0103\u201d \u0219i \u201dpolitic\u0103\u201d, parte dintr-un lan\u021b al unei campanii ample \u0219i cinice a autorit\u0103\u021bilor centrale din Moldova pentru distrugerea autonomiei G\u0103g\u0103uziei \u0219i a statutului s\u0103u juridic special, garantat de Constitu\u021bie.<\/p>\n<p>\u201eEste un atac deschis asupra drepturilor \u0219i libert\u0103\u021bilor noastre, asupra a tot ceea ce constituie esen\u021ba identit\u0103\u021bii noastre. Chi\u0219in\u0103u, ignor\u00e2nd toate principiile democra\u021biei \u0219i dreptului interna\u021bional, provoac\u0103 sistematic \u0219i metodic conflicte interne, suprim\u0103 disiden\u021ba, persecut\u0103 sus\u021bin\u0103torii rela\u021biilor fraternale cu Federa\u021bia Rus\u0103, prezent\u00e2ndu-le ca \u201do amenin\u021bare\u201d pentru stat, se subliniaz\u0103 \u00een apelul Ba\u0219canului G\u0103g\u0103uziei.<\/p>\n<p>\u201e\u00cen numele poporului g\u0103g\u0103uz, care nu a tr\u0103dat niciodat\u0103 prietenii s\u0103i istorici, ne adres\u0103m dumneavoastr\u0103, domnule Vladimir Vladimirovici, cu apelul: utiliza\u021bi \u00eentregul arsenal de mecanisme diplomatice, politice \u0219i juridice pentru a exercita presiuni asupra autorit\u0103\u021bilor moldovene\u0219ti \u00een scopul de a opri imediat represiunea politic\u0103 \u0219i de a ob\u021bine eliberarea mea c\u00e2t mai cur\u00e2nd posibil. De asemenea, v\u0103 cerem, \u00een calitate de lider al unui stat care s-a aflat mereu pe baricadele drept\u0103\u021bii, s\u0103 exprima\u021bi un sprijin ferm \u0219i clar pentru statutul special al autonomiei G\u0103g\u0103uziei \u00een cadrul Republicii Moldova independente. Privim cu speran\u021b\u0103 \u0219i \u00eencredere c\u0103tre Rusia \u2013 o \u021bar\u0103 care nu \u0219i-a tr\u0103dat niciodat\u0103 prietenii \u0219i a \u00eentins mereu o m\u00e2n\u0103 de ajutor celor care lupt\u0103 pentru adev\u0103r \u0219i drepturile lor legale\u201d, se men\u021bioneaz\u0103 \u00een apelul Evgheniei Gu\u021bul c\u0103tre pre\u0219edintele Rusiei.<\/p>\n<p>\u00cen apelul de ajutor adresat pre\u0219edintelui Republicii Turcia, Recep Tayyip Erdogan, Ba\u0219canul G\u0103g\u0103uziei nume\u0219te ceea ce se \u00eent\u00e2mpl\u0103 \u201eo continuare logic\u0103 a politicii sistematice a autorit\u0103\u021bilor de la Chi\u0219in\u0103u, menite s\u0103 distrug\u0103 acel contract social pe care poporul g\u0103g\u0103uz l-a \u00eencheiat cu Moldova acum 30 de ani, sub medierea direct\u0103 a Turciei \u0219i a nou\u0103lea pre\u0219edinte al Republicii Turcia, Suleyman Demirel\u201d.<\/p>\n<p>\u201eAst\u0103zi, Chi\u0219in\u0103u, c\u0103lc\u00e2nd \u00een picioare aceste \u00een\u021belegeri \u0219i sfid\u00e2nd principiile dreptului interna\u021bional, supune poporul nostru unui presiune politic\u0103 \u0219i ideologic\u0103, persecuteaz\u0103 pe cei care sus\u021bin prietenia \u0219i buna vecin\u0103tate cu Turcia, cu Rusia \u0219i cu al\u021bi parteneri strategici, cu care am \u00eemp\u0103r\u021bit de secole acela\u0219i spa\u021biu istoric.\u201d<\/p>\n<p>Evghenia Gu\u021bul \u0219i-a exprimat convingerea c\u0103 \u201e\u00een momentul critic, c\u00e2nd poporul gagauz se confrunt\u0103 cu pericolul pierderii autonomiei sale, identit\u0103\u021bii \u0219i viitorului s\u0103u, Recep Tayyip Erdogan \u0219i \u00eentregul popor turc fr\u0103\u021besc nu vor r\u0103m\u00e2ne indiferen\u021bi\u201d. \u201eNe punem speran\u021ba \u00een vocea dumneavoastr\u0103, autoritatea dumneavoastr\u0103 \u0219i sprijinul dumneavoastr\u0103 interna\u021bional. G\u0103g\u0103uzia are nevoie de Turcia \u2014 a\u0219a cum avea \u0219i cu mul\u021bi ani \u00een urm\u0103, c\u00e2nd vocea Ankarei a ajutat la men\u021binerea p\u0103cii \u0219i justi\u021biei.<br \/>\nAst\u0103zi, ne baz\u0103m din nou pe interven\u021bia dumneavoastr\u0103 pentru a proteja drepturile legale ale poporului gagauz\u201d, se men\u021bioneaz\u0103 \u00een apelul Ba\u0219canului G\u0103g\u0103uziei c\u0103tre pre\u0219edintele Turciei.<\/p>\n<\/div>\n","protected":false},"excerpt":{"rendered":"<div><img decoding=\"async\" width=\"696\" height=\"481\" src=\"https:\/\/canal5.md\/wp-content\/uploads\/2024\/04\/photo_2024-04-22_19-52-49-1024x708-optimized.jpg\" class=\"attachment-large size-large wp-post-image\" alt=\"\" loading=\"lazy\" srcset=\"https:\/\/canal5.md\/wp-content\/uploads\/2024\/04\/photo_2024-04-22_19-52-49-1024x708-optimized.jpg 1024w, https:\/\/canal5.md\/wp-content\/uploads\/2024\/04\/photo_2024-04-22_19-52-49-300x208-optimized.jpg 300w, https:\/\/canal5.md\/wp-content\/uploads\/2024\/04\/photo_2024-04-22_19-52-49-768x531-optimized.jpg 768w, https:\/\/canal5.md\/wp-content\/uploads\/2024\/04\/photo_2024-04-22_19-52-49-218x150-optimized.jpg 218w, https:\/\/canal5.md\/wp-content\/uploads\/2024\/04\/photo_2024-04-22_19-52-49-696x481-optimized.jpg 696w, https:\/\/canal5.md\/wp-content\/uploads\/2024\/04\/photo_2024-04-22_19-52-49-1068x739-optimized.jpg 1068w, https:\/\/canal5.md\/wp-content\/uploads\/2024\/04\/photo_2024-04-22_19-52-49-optimized.jpg 1080w\">Ba\u0219canul G\u0103g\u0103uziei, Evghenia Gu\u021bul, re\u021binut\u0103 pe 25 martie \u00een aeroportul din Chi\u0219in\u0103u, a cerut ajutor pre\u0219edin\u021bilor Rusiei \u0219i Turciei. Liderul autonomiei consider\u0103 c\u0103 arestul s\u0103u este o comand\u0103 politic\u0103, parte a unei campanii ample de distrugere a fundamentelor autonomiei g\u0103g\u0103uze, \u0219i solicit\u0103 lui Vladimir Putin \u0219i Recep Tayyip Erdogan s\u0103 intervin\u0103 pentru eliberarea sa. \u00cen [\u2026]<\/div>\n","protected":false},"author":1,"featured_media":69833,"comment_status":"closed","ping_status":"closed","sticky":false,"template":"","format":"standard","meta":{"jnews-multi-image_gallery":[],"jnews_single_post":[],"jnews_primary_category":[],"jnews_social_meta":[],"jnews_override_counter":[],"footnotes":""},"categories":[23],"tags":[],"class_list":["post-69832","post","type-post","status-publish","format-standard","has-post-thumbnail","hentry","category-politica_ro"],"_links":{"self":[{"href":"https:\/\/orheifm.live\/index.php\/wp-json\/wp\/v2\/posts\/69832","targetHints":{"allow":["GET"]}}],"collection":[{"href":"https:\/\/orheifm.live\/index.php\/wp-json\/wp\/v2\/posts"}],"about":[{"href":"https:\/\/orheifm.live\/index.php\/wp-json\/wp\/v2\/types\/post"}],"author":[{"embeddable":true,"href":"https:\/\/orheifm.live\/index.php\/wp-json\/wp\/v2\/users\/1"}],"replies":[{"embeddable":true,"href":"https:\/\/orheifm.live\/index.php\/wp-json\/wp\/v2\/comments?post=69832"}],"version-history":[{"count":0,"href":"https:\/\/orheifm.live\/index.php\/wp-json\/wp\/v2\/posts\/69832\/revisions"}],"wp:featuredmedia":[{"embeddable":true,"href":"https:\/\/orheifm.live\/index.php\/wp-json\/wp\/v2\/media\/69833"}],"wp:attachment":[{"href":"https:\/\/orheifm.live\/index.php\/wp-json\/wp\/v2\/media?parent=69832"}],"wp:term":[{"taxonomy":"category","embeddable":true,"href":"https:\/\/orheifm.live\/index.php\/wp-json\/wp\/v2\/categories?post=69832"},{"taxonomy":"post_tag","embeddable":true,"href":"https:\/\/orheifm.live\/index.php\/wp-json\/wp\/v2\/tags?post=69832"}],"curies":[{"name":"wp","href":"https:\/\/api.w.org\/{rel}","templated":true}]}}