{"id":69828,"date":"2025-03-27T14:30:35","date_gmt":"2025-03-27T12:30:35","guid":{"rendered":"https:\/\/orheifm.live\/index.php\/2025\/03\/27\/barbat-din-edinet-condamnat-la-15-ani-de-inchisoare-pentru-tentativa-de-omor-a-mamei-si-matusii\/"},"modified":"2025-03-27T14:30:35","modified_gmt":"2025-03-27T12:30:35","slug":"barbat-din-edinet-condamnat-la-15-ani-de-inchisoare-pentru-tentativa-de-omor-a-mamei-si-matusii","status":"publish","type":"post","link":"https:\/\/orheifm.live\/index.php\/2025\/03\/27\/barbat-din-edinet-condamnat-la-15-ani-de-inchisoare-pentru-tentativa-de-omor-a-mamei-si-matusii\/","title":{"rendered":"B\u0103rbat din Edine\u021b, condamnat la 15 ani de \u00eenchisoare pentru tentativa de omor a mamei \u0219i m\u0103tu\u0219ii"},"content":{"rendered":"<div>\n<p class=\"\" data-start=\"18\" data-end=\"397\"><strong>Un b\u0103rbat din Edine\u021b a fost condamnat la 15 ani de \u00eenchisoare pentru tentativ\u0103 de omor, dup\u0103 ce a \u00eencercat s\u0103 \u00ee\u0219i incendieze mama \u0219i m\u0103tu\u0219a. <\/strong><\/p>\n<p class=\"\" data-start=\"18\" data-end=\"397\">Potrivit procurorilor, incidentul a avut loc \u00een noaptea de 21 septembrie 2024, c\u00e2nd b\u0103rbatul de 36 de ani se afla \u00een locuin\u021ba mamei sale. Acesta a luat o sticl\u0103 cu benzin\u0103, le-a stropit pe femei \u0219i a \u00eencercat s\u0103 le dea foc cu o brichet\u0103.<\/p>\n<p class=\"\" data-start=\"399\" data-end=\"708\">Din fericire, bricheta nu a produs sc\u00e2ntei, iar victimele au reu\u0219it s\u0103 fug\u0103 afar\u0103. Ulterior, b\u0103rbatul a incendiat dormitorul, a spart un geam \u0219i a fugit de la fa\u021ba locului. \u00cen cadrul procesului, inculpatul \u0219i-a recunoscut par\u021bial faptele. El r\u0103m\u00e2ne \u00een arest preventiv p\u00e2n\u0103 la pronun\u021barea sentin\u021bei definitive.<\/p>\n<\/div>\n","protected":false},"excerpt":{"rendered":"<div><img loading=\"lazy\" decoding=\"async\" width=\"696\" height=\"366\" src=\"https:\/\/canal5.md\/wp-content\/uploads\/2025\/03\/f96958e1c5efcfa5c5de8639bc551790-1024x538-optimized.jpg\" class=\"attachment-large size-large wp-post-image\" alt=\"\" srcset=\"https:\/\/canal5.md\/wp-content\/uploads\/2025\/03\/f96958e1c5efcfa5c5de8639bc551790-1024x538-optimized.jpg 1024w, https:\/\/canal5.md\/wp-content\/uploads\/2025\/03\/f96958e1c5efcfa5c5de8639bc551790-300x158-optimized.jpg 300w, https:\/\/canal5.md\/wp-content\/uploads\/2025\/03\/f96958e1c5efcfa5c5de8639bc551790-768x403-optimized.jpg 768w, https:\/\/canal5.md\/wp-content\/uploads\/2025\/03\/f96958e1c5efcfa5c5de8639bc551790-696x365-optimized.jpg 696w, https:\/\/canal5.md\/wp-content\/uploads\/2025\/03\/f96958e1c5efcfa5c5de8639bc551790-1068x561-optimized.jpg 1068w, https:\/\/canal5.md\/wp-content\/uploads\/2025\/03\/f96958e1c5efcfa5c5de8639bc551790-optimized.jpg 1200w\">Un b\u0103rbat din Edine\u021b a fost condamnat la 15 ani de \u00eenchisoare pentru tentativ\u0103 de omor, dup\u0103 ce a \u00eencercat s\u0103 \u00ee\u0219i incendieze mama \u0219i m\u0103tu\u0219a. Potrivit procurorilor, incidentul a avut loc \u00een noaptea de 21 septembrie 2024, c\u00e2nd b\u0103rbatul de 36 de ani se afla \u00een locuin\u021ba mamei sale. Acesta a luat o sticl\u0103 [\u2026]<\/div>\n","protected":false},"author":1,"featured_media":69829,"comment_status":"closed","ping_status":"closed","sticky":false,"template":"","format":"standard","meta":{"jnews-multi-image_gallery":[],"jnews_single_post":[],"jnews_primary_category":[],"jnews_social_meta":[],"jnews_override_counter":[],"footnotes":""},"categories":[30],"tags":[],"class_list":["post-69828","post","type-post","status-publish","format-standard","has-post-thumbnail","hentry","category-social_ro"],"_links":{"self":[{"href":"https:\/\/orheifm.live\/index.php\/wp-json\/wp\/v2\/posts\/69828","targetHints":{"allow":["GET"]}}],"collection":[{"href":"https:\/\/orheifm.live\/index.php\/wp-json\/wp\/v2\/posts"}],"about":[{"href":"https:\/\/orheifm.live\/index.php\/wp-json\/wp\/v2\/types\/post"}],"author":[{"embeddable":true,"href":"https:\/\/orheifm.live\/index.php\/wp-json\/wp\/v2\/users\/1"}],"replies":[{"embeddable":true,"href":"https:\/\/orheifm.live\/index.php\/wp-json\/wp\/v2\/comments?post=69828"}],"version-history":[{"count":0,"href":"https:\/\/orheifm.live\/index.php\/wp-json\/wp\/v2\/posts\/69828\/revisions"}],"wp:featuredmedia":[{"embeddable":true,"href":"https:\/\/orheifm.live\/index.php\/wp-json\/wp\/v2\/media\/69829"}],"wp:attachment":[{"href":"https:\/\/orheifm.live\/index.php\/wp-json\/wp\/v2\/media?parent=69828"}],"wp:term":[{"taxonomy":"category","embeddable":true,"href":"https:\/\/orheifm.live\/index.php\/wp-json\/wp\/v2\/categories?post=69828"},{"taxonomy":"post_tag","embeddable":true,"href":"https:\/\/orheifm.live\/index.php\/wp-json\/wp\/v2\/tags?post=69828"}],"curies":[{"name":"wp","href":"https:\/\/api.w.org\/{rel}","templated":true}]}}