{"id":69826,"date":"2025-03-27T14:00:38","date_gmt":"2025-03-27T12:00:38","guid":{"rendered":"https:\/\/orheifm.live\/index.php\/2025\/03\/27\/cartile-de-identitate-vor-putea-fi-solicitate-chiar-de-la-nasterea-copilului\/"},"modified":"2025-03-27T14:00:38","modified_gmt":"2025-03-27T12:00:38","slug":"cartile-de-identitate-vor-putea-fi-solicitate-chiar-de-la-nasterea-copilului","status":"publish","type":"post","link":"https:\/\/orheifm.live\/index.php\/2025\/03\/27\/cartile-de-identitate-vor-putea-fi-solicitate-chiar-de-la-nasterea-copilului\/","title":{"rendered":"C\u0103r\u021bile de identitate vor putea fi solicitate chiar de la na\u0219terea copilului"},"content":{"rendered":"<div>\n<p class=\"\" data-start=\"18\" data-end=\"388\"><strong>Noile c\u0103r\u021bi de identitate vor fi disponibile din aprilie \u0219i vor putea fi solicitate de cet\u0103\u021benii Republicii Moldova care au \u00eemplinit v\u00e2rsta de 14 ani. De asemenea, actul va putea fi solicitat \u00eenc\u0103 de la na\u0219terea copilului, la cererea reprezentantului legal. \u00cen acest caz, eliberarea va fi posibil\u0103 \u0219i \u00eenainte de v\u00e2rsta de 14 ani.<\/strong><\/p>\n<p class=\"\" data-start=\"390\" data-end=\"681\">C\u0103r\u021bile de identitate vor avea termene de valabilitate diferite, \u00een func\u021bie de v\u00e2rsta titularului: patru ani pentru copiii sub \u0219apte ani, \u0219apte ani pentru cei \u00eentre 7 \u0219i 14 ani, zece ani pentru persoanele \u00eentre 14 \u0219i 70 de ani, iar pentru cei peste 70 de ani, valabilitatea va fi nelimitat\u0103.<\/p>\n<p class=\"\" data-start=\"683\" data-end=\"974\">De la \u00eenceputul lunii aprilie, cet\u0103\u021benii pot solicita un nou tip de buletin de identitate european, iar primul milion de acte vor fi eliberate gratuit, \u00een termen de 20 de zile lucr\u0103toare. Buletinele de identitate deja existente vor putea fi folosite p\u00e2n\u0103 la expirarea valabilit\u0103\u021bii acestora.<\/p>\n<\/div>\n","protected":false},"excerpt":{"rendered":"<div><img loading=\"lazy\" decoding=\"async\" width=\"615\" height=\"400\" src=\"https:\/\/canal5.md\/wp-content\/uploads\/2025\/03\/370641901e75ba7c8663d8947333d773-optimized.jpg\" class=\"attachment-large size-large wp-post-image\" alt=\"\" srcset=\"https:\/\/canal5.md\/wp-content\/uploads\/2025\/03\/370641901e75ba7c8663d8947333d773-optimized.jpg 615w, https:\/\/canal5.md\/wp-content\/uploads\/2025\/03\/370641901e75ba7c8663d8947333d773-300x195-optimized.jpg 300w\">Noile c\u0103r\u021bi de identitate vor fi disponibile din aprilie \u0219i vor putea fi solicitate de cet\u0103\u021benii Republicii Moldova care au \u00eemplinit v\u00e2rsta de 14 ani. De asemenea, actul va putea fi solicitat \u00eenc\u0103 de la na\u0219terea copilului, la cererea reprezentantului legal. \u00cen acest caz, eliberarea va fi posibil\u0103 \u0219i \u00eenainte de v\u00e2rsta de 14 ani. [\u2026]<\/div>\n","protected":false},"author":1,"featured_media":69827,"comment_status":"closed","ping_status":"closed","sticky":false,"template":"","format":"standard","meta":{"jnews-multi-image_gallery":[],"jnews_single_post":[],"jnews_primary_category":[],"jnews_social_meta":[],"jnews_override_counter":[],"footnotes":""},"categories":[30],"tags":[],"class_list":["post-69826","post","type-post","status-publish","format-standard","has-post-thumbnail","hentry","category-social_ro"],"_links":{"self":[{"href":"https:\/\/orheifm.live\/index.php\/wp-json\/wp\/v2\/posts\/69826","targetHints":{"allow":["GET"]}}],"collection":[{"href":"https:\/\/orheifm.live\/index.php\/wp-json\/wp\/v2\/posts"}],"about":[{"href":"https:\/\/orheifm.live\/index.php\/wp-json\/wp\/v2\/types\/post"}],"author":[{"embeddable":true,"href":"https:\/\/orheifm.live\/index.php\/wp-json\/wp\/v2\/users\/1"}],"replies":[{"embeddable":true,"href":"https:\/\/orheifm.live\/index.php\/wp-json\/wp\/v2\/comments?post=69826"}],"version-history":[{"count":0,"href":"https:\/\/orheifm.live\/index.php\/wp-json\/wp\/v2\/posts\/69826\/revisions"}],"wp:featuredmedia":[{"embeddable":true,"href":"https:\/\/orheifm.live\/index.php\/wp-json\/wp\/v2\/media\/69827"}],"wp:attachment":[{"href":"https:\/\/orheifm.live\/index.php\/wp-json\/wp\/v2\/media?parent=69826"}],"wp:term":[{"taxonomy":"category","embeddable":true,"href":"https:\/\/orheifm.live\/index.php\/wp-json\/wp\/v2\/categories?post=69826"},{"taxonomy":"post_tag","embeddable":true,"href":"https:\/\/orheifm.live\/index.php\/wp-json\/wp\/v2\/tags?post=69826"}],"curies":[{"name":"wp","href":"https:\/\/api.w.org\/{rel}","templated":true}]}}