{"id":69824,"date":"2025-03-27T13:40:16","date_gmt":"2025-03-27T11:40:16","guid":{"rendered":"https:\/\/orheifm.live\/index.php\/2025\/03\/27\/pensionara-din-bender-intoxicata-cu-gaze-in-timp-ce-facea-cafea\/"},"modified":"2025-03-27T13:40:16","modified_gmt":"2025-03-27T11:40:16","slug":"pensionara-din-bender-intoxicata-cu-gaze-in-timp-ce-facea-cafea","status":"publish","type":"post","link":"https:\/\/orheifm.live\/index.php\/2025\/03\/27\/pensionara-din-bender-intoxicata-cu-gaze-in-timp-ce-facea-cafea\/","title":{"rendered":"Pensionar\u0103 din Bender intoxicat\u0103 cu gaze \u00een timp ce f\u0103cea cafea"},"content":{"rendered":"<div>\n<p><strong>O pensionar\u0103 de 86 de ani din Bender s-a intoxicat cu gaze \u00een timp ce f\u0103cea cafea. Femeia a pus diminea\u021ba ibricul pe aragaz \u0219i s-a relaxat, iar c\u00e2nd cafeaua a clocotit, s-a v\u0103rsat, sting\u00e2nd flac\u0103ra, \u00eens\u0103 gazul a continuat s\u0103 ias\u0103.<\/strong><\/p>\n<p>Tr\u0103ind singur\u0103, pensionara a fost g\u0103sit\u0103 de voluntari dup\u0103 c\u00e2teva ore, atunci c\u00e2nd au venit s\u0103 o viziteze.<\/p>\n<p>\u00cen prezent, aceasta se afl\u0103 sub supravegherea medicilor.<\/p>\n<\/div>\n","protected":false},"excerpt":{"rendered":"<div><img loading=\"lazy\" decoding=\"async\" width=\"696\" height=\"366\" src=\"https:\/\/canal5.md\/wp-content\/uploads\/2025\/03\/874179c2f1fddf2ca625dc767a47bdd0-1024x538-optimized.jpg\" class=\"attachment-large size-large wp-post-image\" alt=\"\" srcset=\"https:\/\/canal5.md\/wp-content\/uploads\/2025\/03\/874179c2f1fddf2ca625dc767a47bdd0-1024x538-optimized.jpg 1024w, https:\/\/canal5.md\/wp-content\/uploads\/2025\/03\/874179c2f1fddf2ca625dc767a47bdd0-300x158-optimized.jpg 300w, https:\/\/canal5.md\/wp-content\/uploads\/2025\/03\/874179c2f1fddf2ca625dc767a47bdd0-768x403-optimized.jpg 768w, https:\/\/canal5.md\/wp-content\/uploads\/2025\/03\/874179c2f1fddf2ca625dc767a47bdd0-696x365-optimized.jpg 696w, https:\/\/canal5.md\/wp-content\/uploads\/2025\/03\/874179c2f1fddf2ca625dc767a47bdd0-1068x561-optimized.jpg 1068w, https:\/\/canal5.md\/wp-content\/uploads\/2025\/03\/874179c2f1fddf2ca625dc767a47bdd0-optimized.jpg 1200w\">O pensionar\u0103 de 86 de ani din Bender s-a intoxicat cu gaze \u00een timp ce f\u0103cea cafea. Femeia a pus diminea\u021ba ibricul pe aragaz \u0219i s-a relaxat, iar c\u00e2nd cafeaua a clocotit, s-a v\u0103rsat, sting\u00e2nd flac\u0103ra, \u00eens\u0103 gazul a continuat s\u0103 ias\u0103. Tr\u0103ind singur\u0103, pensionara a fost g\u0103sit\u0103 de voluntari dup\u0103 c\u00e2teva ore, atunci c\u00e2nd [\u2026]<\/div>\n","protected":false},"author":1,"featured_media":69825,"comment_status":"closed","ping_status":"closed","sticky":false,"template":"","format":"standard","meta":{"jnews-multi-image_gallery":[],"jnews_single_post":[],"jnews_primary_category":[],"jnews_social_meta":[],"jnews_override_counter":[],"footnotes":""},"categories":[30],"tags":[],"class_list":["post-69824","post","type-post","status-publish","format-standard","has-post-thumbnail","hentry","category-social_ro"],"_links":{"self":[{"href":"https:\/\/orheifm.live\/index.php\/wp-json\/wp\/v2\/posts\/69824","targetHints":{"allow":["GET"]}}],"collection":[{"href":"https:\/\/orheifm.live\/index.php\/wp-json\/wp\/v2\/posts"}],"about":[{"href":"https:\/\/orheifm.live\/index.php\/wp-json\/wp\/v2\/types\/post"}],"author":[{"embeddable":true,"href":"https:\/\/orheifm.live\/index.php\/wp-json\/wp\/v2\/users\/1"}],"replies":[{"embeddable":true,"href":"https:\/\/orheifm.live\/index.php\/wp-json\/wp\/v2\/comments?post=69824"}],"version-history":[{"count":0,"href":"https:\/\/orheifm.live\/index.php\/wp-json\/wp\/v2\/posts\/69824\/revisions"}],"wp:featuredmedia":[{"embeddable":true,"href":"https:\/\/orheifm.live\/index.php\/wp-json\/wp\/v2\/media\/69825"}],"wp:attachment":[{"href":"https:\/\/orheifm.live\/index.php\/wp-json\/wp\/v2\/media?parent=69824"}],"wp:term":[{"taxonomy":"category","embeddable":true,"href":"https:\/\/orheifm.live\/index.php\/wp-json\/wp\/v2\/categories?post=69824"},{"taxonomy":"post_tag","embeddable":true,"href":"https:\/\/orheifm.live\/index.php\/wp-json\/wp\/v2\/tags?post=69824"}],"curies":[{"name":"wp","href":"https:\/\/api.w.org\/{rel}","templated":true}]}}