{"id":69822,"date":"2025-03-27T13:30:13","date_gmt":"2025-03-27T11:30:13","guid":{"rendered":"https:\/\/orheifm.live\/index.php\/2025\/03\/27\/avocatul-evgheniei-gutul-bascana-a-fost-retinuta-intr-un-dosar-iar-procurorii-cer-prelungirea-arestului-intr-un-alt-dosar\/"},"modified":"2025-03-27T13:30:13","modified_gmt":"2025-03-27T11:30:13","slug":"avocatul-evgheniei-gutul-bascana-a-fost-retinuta-intr-un-dosar-iar-procurorii-cer-prelungirea-arestului-intr-un-alt-dosar","status":"publish","type":"post","link":"https:\/\/orheifm.live\/index.php\/2025\/03\/27\/avocatul-evgheniei-gutul-bascana-a-fost-retinuta-intr-un-dosar-iar-procurorii-cer-prelungirea-arestului-intr-un-alt-dosar\/","title":{"rendered":"Avocatul Evgheniei Gu\u021bul: Ba\u0219cana a fost re\u021binut\u0103 \u00eentr-un dosar, iar procurorii cer prelungirea arestului \u00eentr-un alt dosar!"},"content":{"rendered":"<div>\n<p>Avocatul Evgheniei Gu\u021bul Ba\u0219cana a fost re\u021binut\u0103 \u00eentr-un dosar, iar procurorii cer prelungirea arestului \u00eentr-un alt dosar.<\/p>\n<p>Doar c\u0103 acest dosar penal a fost folosit exclusiv pentru a o re\u021bine, nu pentru altceva. De\u0219i \u00eenc\u0103 nu au fost formulate acuza\u021biile \u00een acest dosar, ast\u0103zi se va \u00eenainta procedura de acuzare pe baza acestui dosar.<br \/>\nTotu\u0219i, \u00een ciuda faptului c\u0103 nu a fost \u00eenaintat\u0103 vreo acuza\u021bie legat\u0103 de campania electoral\u0103 din G\u0103g\u0103uzia, procurorul care reprezint\u0103 acuzarea de stat \u0219i care a condus ancheta \u00een acest dosar a cerut aplicarea arestului preventiv, \u00eens\u0103 nu pe baza dosarului \u00een care a fost re\u021binut\u0103 persoana, ci pe un alt dosar. Acesta pare s\u0103 fie un amestec inten\u021bionat, o \u00eencercare de a crea confuzie \u0219i de a face o desincronizare \u00eentre autorit\u0103\u021bile implicate: organele de drept, instan\u021ba de judecat\u0103, Procuratura Anticorup\u021biei, Procuratura General\u0103 \u0219i SIS. Aparent, exist\u0103 o disperare pentru a g\u0103si orice fel de argumente care s\u0103 justifice aplicarea arestului preventiv.<br \/>\n\u00cen realitate, nu persoana a comis vreo fapt\u0103 care s\u0103 justifice aplicarea arestului preventiv \u0219i chemarea la interogatoriu. Ni\u0219te documente sunt folosite \u00eentr-un a\u0219a-zis dosar penal pentru a justifica re\u021binerea persoanei. Procurorul Ghenadie Iepure, care reprezint\u0103 acuzarea de stat, a solicitat aplicarea arestului.<br \/>\n\u00cen dosarul aflat pe rolul instan\u021bei, se invoc\u0103 faptul c\u0103 doamna U\u021bul ar fi \u00eencercat s\u0103 p\u0103r\u0103seasc\u0103 \u021bara, iar autorit\u0103\u021bile presupun c\u0103 ea vrea s\u0103 se eschiveze de la procesul judiciar. Astfel, re\u021binerea abuziv\u0103 a CNA-ului a fost folosit\u0103 ca pretext pentru a solicita aplicarea arestului preventiv. De asemenea, este vorba despre dou\u0103 dosare diferite.<br \/>\nMi-e greu s\u0103 \u00een\u021beleg ce anume este acceptat \u0219i ce nu, dar, cu siguran\u021b\u0103, \u00een niciunul dintre cele dou\u0103 dosare nu se demonstreaz\u0103 c\u0103 doamna Gu\u021bul ar fi \u00eenc\u0103lcat legea sau c\u0103 ar fi comis vreo fapt\u0103 infrac\u021bional\u0103. \u00cen primul dosar, doamna Gu\u021bul este investigat\u0103 \u0219i acuzat\u0103 pentru activitatea sa de secretar, persoan\u0103 responsabil\u0103 cu \u021binerea eviden\u021bei \u00een cadrul partidului politic \u0218or. Iar acum este acuzat\u0103 c\u0103 ar fi acceptat fonduri pentru partid din partea unui grup criminal organizat.<\/p>\n<p>Aceasta este o contradic\u021bie, un paradox. Este ca \u0219i cum ai spune c\u0103 o persoan\u0103 care este responsabil\u0103 doar cu \u00eenchiderea \u0219i deschiderea por\u021bii ar fi decis asupra problemelor financiare ale \u00eentreprinderii. Acestea sunt acuza\u021biile din primul dosar. \u00cen al doilea dosar, ea este acuzat\u0103 c\u0103 ar fi organizat falsificarea unor formulare de dona\u021bii. \u00cen realitate, \u00eens\u0103, nu exist\u0103 nicio dovad\u0103 c\u0103 o persoan\u0103 ar fi putut influen\u021ba sau comunica acest lucru, deoarece astfel de fapte nu au avut loc.<\/p>\n<\/div>\n","protected":false},"excerpt":{"rendered":"<div><img loading=\"lazy\" decoding=\"async\" width=\"696\" height=\"392\" src=\"https:\/\/canal5.md\/wp-content\/uploads\/2024\/05\/evghenia-gutul-1024x576-optimized.png\" class=\"attachment-large size-large wp-post-image\" alt=\"\" srcset=\"https:\/\/canal5.md\/wp-content\/uploads\/2024\/05\/evghenia-gutul-1024x576-optimized.png 1024w, https:\/\/canal5.md\/wp-content\/uploads\/2024\/05\/evghenia-gutul-300x169-optimized.png 300w, https:\/\/canal5.md\/wp-content\/uploads\/2024\/05\/evghenia-gutul-768x432-optimized.png 768w, https:\/\/canal5.md\/wp-content\/uploads\/2024\/05\/evghenia-gutul-696x392-optimized.png 696w, https:\/\/canal5.md\/wp-content\/uploads\/2024\/05\/evghenia-gutul-1068x601-optimized.png 1068w, https:\/\/canal5.md\/wp-content\/uploads\/2024\/05\/evghenia-gutul-optimized.png 1200w\">Avocatul Evgheniei Gu\u021bul Ba\u0219cana a fost re\u021binut\u0103 \u00eentr-un dosar, iar procurorii cer prelungirea arestului \u00eentr-un alt dosar. Doar c\u0103 acest dosar penal a fost folosit exclusiv pentru a o re\u021bine, nu pentru altceva. De\u0219i \u00eenc\u0103 nu au fost formulate acuza\u021biile \u00een acest dosar, ast\u0103zi se va \u00eenainta procedura de acuzare pe baza acestui dosar. Totu\u0219i, [\u2026]<\/div>\n","protected":false},"author":1,"featured_media":69823,"comment_status":"closed","ping_status":"closed","sticky":false,"template":"","format":"standard","meta":{"jnews-multi-image_gallery":[],"jnews_single_post":[],"jnews_primary_category":[],"jnews_social_meta":[],"jnews_override_counter":[],"footnotes":""},"categories":[23],"tags":[],"class_list":["post-69822","post","type-post","status-publish","format-standard","has-post-thumbnail","hentry","category-politica_ro"],"_links":{"self":[{"href":"https:\/\/orheifm.live\/index.php\/wp-json\/wp\/v2\/posts\/69822","targetHints":{"allow":["GET"]}}],"collection":[{"href":"https:\/\/orheifm.live\/index.php\/wp-json\/wp\/v2\/posts"}],"about":[{"href":"https:\/\/orheifm.live\/index.php\/wp-json\/wp\/v2\/types\/post"}],"author":[{"embeddable":true,"href":"https:\/\/orheifm.live\/index.php\/wp-json\/wp\/v2\/users\/1"}],"replies":[{"embeddable":true,"href":"https:\/\/orheifm.live\/index.php\/wp-json\/wp\/v2\/comments?post=69822"}],"version-history":[{"count":0,"href":"https:\/\/orheifm.live\/index.php\/wp-json\/wp\/v2\/posts\/69822\/revisions"}],"wp:featuredmedia":[{"embeddable":true,"href":"https:\/\/orheifm.live\/index.php\/wp-json\/wp\/v2\/media\/69823"}],"wp:attachment":[{"href":"https:\/\/orheifm.live\/index.php\/wp-json\/wp\/v2\/media?parent=69822"}],"wp:term":[{"taxonomy":"category","embeddable":true,"href":"https:\/\/orheifm.live\/index.php\/wp-json\/wp\/v2\/categories?post=69822"},{"taxonomy":"post_tag","embeddable":true,"href":"https:\/\/orheifm.live\/index.php\/wp-json\/wp\/v2\/tags?post=69822"}],"curies":[{"name":"wp","href":"https:\/\/api.w.org\/{rel}","templated":true}]}}