{"id":69820,"date":"2025-03-27T11:50:29","date_gmt":"2025-03-27T09:50:29","guid":{"rendered":"https:\/\/orheifm.live\/index.php\/2025\/03\/27\/moarte-tragica-in-taraclia-un-barbat-a-decedat-lovit-de-vitel\/"},"modified":"2025-03-27T11:50:29","modified_gmt":"2025-03-27T09:50:29","slug":"moarte-tragica-in-taraclia-un-barbat-a-decedat-lovit-de-vitel","status":"publish","type":"post","link":"https:\/\/orheifm.live\/index.php\/2025\/03\/27\/moarte-tragica-in-taraclia-un-barbat-a-decedat-lovit-de-vitel\/","title":{"rendered":"Moarte tragic\u0103 \u00een Taraclia: Un b\u0103rbat a decedat lovit de vi\u021bel"},"content":{"rendered":"<div>\n<p><strong>Un b\u0103rbat a decedat dup\u0103 ce a fost lovit de un vi\u021bel. Incidentul a avut loc ieri-sear\u0103, \u00een jurul orei 19:00, pe un c\u00e2mp din satul H\u00eertop, raionul Taraclia, potrivit surselor PulsMedia.MD.<\/strong><\/p>\n<p>Victima avea 64 de ani \u0219i se afla pe un c\u00e2mp \u00eempreun\u0103 cu mai multe vaci, \u00een extravilanul localit\u0103\u021bii, c\u00e2nd a fost lovit de un vi\u021bel.<\/p>\n<p>Un martor a solicitat ajutorul unei ambulan\u021be, \u00eens\u0103 din p\u0103cate lovitura a fost fatal\u0103. B\u0103rbatul a murit \u00eenainte ca echipajul medical s\u0103 ajung\u0103 la fa\u021ba locului.<\/p>\n<p>Oamenii legii investigheaz\u0103 incidentul pentru a stabili toate circumstan\u021bele \u00een care a avut loc tragedia.<\/p>\n<\/div>\n","protected":false},"excerpt":{"rendered":"<div><img loading=\"lazy\" decoding=\"async\" width=\"696\" height=\"353\" src=\"https:\/\/canal5.md\/wp-content\/uploads\/2025\/03\/snimok-ekrana_27-3-2025_105511_tv6.live_-1024x520-optimized.jpeg\" class=\"attachment-large size-large wp-post-image\" alt=\"\" srcset=\"https:\/\/canal5.md\/wp-content\/uploads\/2025\/03\/snimok-ekrana_27-3-2025_105511_tv6.live_-1024x520-optimized.jpeg 1024w, https:\/\/canal5.md\/wp-content\/uploads\/2025\/03\/snimok-ekrana_27-3-2025_105511_tv6.live_-300x152-optimized.jpeg 300w, https:\/\/canal5.md\/wp-content\/uploads\/2025\/03\/snimok-ekrana_27-3-2025_105511_tv6.live_-768x390-optimized.jpeg 768w, https:\/\/canal5.md\/wp-content\/uploads\/2025\/03\/snimok-ekrana_27-3-2025_105511_tv6.live_-696x353-optimized.jpeg 696w, https:\/\/canal5.md\/wp-content\/uploads\/2025\/03\/snimok-ekrana_27-3-2025_105511_tv6.live_-1068x542-optimized.jpeg 1068w, https:\/\/canal5.md\/wp-content\/uploads\/2025\/03\/snimok-ekrana_27-3-2025_105511_tv6.live_-optimized.jpeg 1087w\">Un b\u0103rbat a decedat dup\u0103 ce a fost lovit de un vi\u021bel. Incidentul a avut loc ieri-sear\u0103, \u00een jurul orei 19:00, pe un c\u00e2mp din satul H\u00eertop, raionul Taraclia, potrivit surselor PulsMedia.MD. Victima avea 64 de ani \u0219i se afla pe un c\u00e2mp \u00eempreun\u0103 cu mai multe vaci, \u00een extravilanul localit\u0103\u021bii, c\u00e2nd a fost lovit [\u2026]<\/div>\n","protected":false},"author":1,"featured_media":69821,"comment_status":"closed","ping_status":"closed","sticky":false,"template":"","format":"standard","meta":{"jnews-multi-image_gallery":[],"jnews_single_post":[],"jnews_primary_category":[],"jnews_social_meta":[],"jnews_override_counter":[],"footnotes":""},"categories":[30],"tags":[],"class_list":["post-69820","post","type-post","status-publish","format-standard","has-post-thumbnail","hentry","category-social_ro"],"_links":{"self":[{"href":"https:\/\/orheifm.live\/index.php\/wp-json\/wp\/v2\/posts\/69820","targetHints":{"allow":["GET"]}}],"collection":[{"href":"https:\/\/orheifm.live\/index.php\/wp-json\/wp\/v2\/posts"}],"about":[{"href":"https:\/\/orheifm.live\/index.php\/wp-json\/wp\/v2\/types\/post"}],"author":[{"embeddable":true,"href":"https:\/\/orheifm.live\/index.php\/wp-json\/wp\/v2\/users\/1"}],"replies":[{"embeddable":true,"href":"https:\/\/orheifm.live\/index.php\/wp-json\/wp\/v2\/comments?post=69820"}],"version-history":[{"count":0,"href":"https:\/\/orheifm.live\/index.php\/wp-json\/wp\/v2\/posts\/69820\/revisions"}],"wp:featuredmedia":[{"embeddable":true,"href":"https:\/\/orheifm.live\/index.php\/wp-json\/wp\/v2\/media\/69821"}],"wp:attachment":[{"href":"https:\/\/orheifm.live\/index.php\/wp-json\/wp\/v2\/media?parent=69820"}],"wp:term":[{"taxonomy":"category","embeddable":true,"href":"https:\/\/orheifm.live\/index.php\/wp-json\/wp\/v2\/categories?post=69820"},{"taxonomy":"post_tag","embeddable":true,"href":"https:\/\/orheifm.live\/index.php\/wp-json\/wp\/v2\/tags?post=69820"}],"curies":[{"name":"wp","href":"https:\/\/api.w.org\/{rel}","templated":true}]}}